{"id":99677,"date":"2023-08-17T19:02:09","date_gmt":"2023-08-17T19:02:09","guid":{"rendered":"https:\/\/enolife.com.ar\/es\/?p=99677"},"modified":"2024-02-26T22:27:04","modified_gmt":"2024-02-26T22:27:04","slug":"con-un-credito-estatal-la-bodega-meli-instalo-paneles-solares-y-refrigeracion-para-exportar-mas","status":"publish","type":"post","link":"https:\/\/enolife.com.ar\/es\/con-un-credito-estatal-la-bodega-meli-instalo-paneles-solares-y-refrigeracion-para-exportar-mas\/","title":{"rendered":"Con un cr\u00e9dito estatal, la bodega Meli instal\u00f3 paneles solares y refrigeraci\u00f3n para exportar m\u00e1s"},"content":{"rendered":"\n<h4 class=\"wp-block-heading\"><em><strong>La bodega H\u00e9ctor Meli, fundada en Tupungato por un inmigrante italiano en 1908, es un claro ejemplo de gerenciamiento familiar prolijo y esforzado, con un correcto aprovechamiento de las posibilidades de financiaci\u00f3n que brinda el Estado, en este caso del gobierno de Mendoza. Con un cr\u00e9dito del Fondo para la Transformaci\u00f3n y el Crecimiento (FTyC), la familia Meli mont\u00f3 un sistema solar fotovoltaico y un equipo para refrigerar agua, lo que le ha permitido un uso m\u00e1s eficiente de la energ\u00eda, con la consiguiente reducci\u00f3n de costos y disminuci\u00f3n de la huella de carbono. Gracias a estas pr\u00e1cticas sustentables, muy valoradas hoy en el mundo, logr\u00f3 aumentar sus exportaciones de vino a Europa y Estados Unidos. En este reportaje, Gerardo Meli cuenta la historia de su empresa yc\u00f3mo canaliz\u00f3 para generar trabajo y divisas la financiaci\u00f3n estatal.<\/strong><\/em> <\/h4>\n\n\n\n<div style=\"height:35px\" aria-hidden=\"true\" class=\"wp-block-spacer\"><\/div>\n\n\n\n\n\n<div style=\"height:45px\" aria-hidden=\"true\" class=\"wp-block-spacer\"><\/div>\n\n\n\n<p>La <strong>Bodega H\u00e9ctor Meli de Tupungato, Valle de Uco<\/strong>, es una cl\u00e1sica empresa familiar mendocina que ech\u00f3 ra\u00edces a fines del siglo XIX de la mano de un pujante y visionario inmigrante, como los tantos que con su trabajo hicieron grande a <strong>Mendoza<\/strong>.<\/p>\n\n\n\n<p>Siguiendo la huella trazada en esos lejanos a\u00f1os, hoy los herederos del pionero italiano que fund\u00f3 el pr\u00f3spero establecimiento, con la ayuda de un cr\u00e9dito del <strong>Fondo para la Transformaci\u00f3n y el Crecimiento (FTyC) del gobierno de Mendoza<\/strong>, han podido poner en pr\u00e1ctica la sustentabilidad ambiental y econ\u00f3mica tan necesaria ante el cambio clim\u00e1tico y tan valorada en el mundo como precursora de productos de calidad.<\/p>\n\n\n\n<p>Gracias a una l\u00ednea de inversi\u00f3n con cr\u00e9dito oficial, adquirieron un sistema solar fotovoltaico para generar energ\u00eda el\u00e9ctrica propia y un refrigerante de agua, lo cual no s\u00f3lo les permiti\u00f3 bajar costos sino tambi\u00e9n disminuir la huella de carbono.<\/p>\n\n\n\n<p>Con estos emprendimientos amigables con el ambiente, la Bodega H\u00e9ctor Meli puede mostrar un valor agregado que facilita la exportaci\u00f3n de sus vinos, principalmente a <strong>Europa<\/strong> y <strong>Estados Unidos<\/strong>.<\/p>\n\n\n\n<div style=\"height:30px\" aria-hidden=\"true\" class=\"wp-block-spacer\"><\/div>\n\n\n<div class=\"wp-block-image\">\n<figure class=\"aligncenter size-full is-resized\"><a href=\"https:\/\/enolife.com.ar\/es\/wp-content\/uploads\/2023\/08\/WhatsApp-Image-2018-11-26-at-07.51.59-700x525-1.jpeg\" data-rel=\"penci-gallery-image-content\" ><img loading=\"lazy\" decoding=\"async\" src=\"https:\/\/enolife.com.ar\/es\/wp-content\/uploads\/2023\/08\/WhatsApp-Image-2018-11-26-at-07.51.59-700x525-1.jpeg\" alt=\"\" class=\"wp-image-99758\" width=\"582\" height=\"437\" srcset=\"https:\/\/enolife.com.ar\/es\/wp-content\/uploads\/2023\/08\/WhatsApp-Image-2018-11-26-at-07.51.59-700x525-1.jpeg 700w, https:\/\/enolife.com.ar\/es\/wp-content\/uploads\/2023\/08\/WhatsApp-Image-2018-11-26-at-07.51.59-700x525-1-300x225.jpeg 300w, https:\/\/enolife.com.ar\/es\/wp-content\/uploads\/2023\/08\/WhatsApp-Image-2018-11-26-at-07.51.59-700x525-1-585x439.jpeg 585w\" sizes=\"auto, (max-width: 582px) 100vw, 582px\" \/><\/a><figcaption class=\"wp-element-caption\"><em><strong>Gerardo Meli en la World Bulk Wine Exhibition, la feria mundial de vino a granel<\/strong><\/em>.<\/figcaption><\/figure><\/div>\n\n\n<div style=\"height:37px\" aria-hidden=\"true\" class=\"wp-block-spacer\"><\/div>\n\n\n\n<p><strong>Cuatro generaciones dedicadas al vino con pasi\u00f3n y trabajo&nbsp;<\/strong><\/p>\n\n\n\n<p>Gerardo Meli, representante de la cuarta generaci\u00f3n de la familia due\u00f1a de Bodega H\u00e9ctor Meli, cont\u00f3 que la historia de su empresa naci\u00f3 a fines del siglo 19, cuando <em>\u201cmi bisabuelo vino de Parma y se estableci\u00f3 en Luj\u00e1n, donde trabajaba su primera finca con vides y donde empez\u00f3 a elaborar su primer vino\u201d.<\/em><\/p>\n\n\n\n<p>Meli cont\u00f3 que su antepasado pionero <em>\u201cemigr\u00f3 y se instal\u00f3 en 1890 en el Valle de Uco, m\u00e1s precisamente en Villa Bast\u00edas, Tupungato, donde compr\u00f3 2.000 hect\u00e1reas con el producto de la venta de otra finca que ten\u00eda en Luj\u00e1n. All\u00ed comenz\u00f3 con ganado y arom\u00e1ticas, en 1900 planta sus primeras vides y en 1908 construye su primera bodega\u201d.<\/em><\/p>\n\n\n\n<div style=\"height:23px\" aria-hidden=\"true\" class=\"wp-block-spacer\"><\/div>\n\n\n\n<blockquote class=\"wp-block-quote is-layout-flow wp-block-quote-is-layout-flow\">\n<p><em>\u201c<\/em>Aprovechamos las aguas de deshielo y vertientes, que bajan por los cauces a 15\u00ba C y, en un intercambiador, hacemos la refrigeraci\u00f3n de la fermentaci\u00f3n, con menor uso de los equipos de fr\u00edo y, as\u00ed bajamos la huella de carbono.\u00bb<\/p>\n<cite>Gerardo Meli<\/cite><\/blockquote>\n\n\n\n<div style=\"height:21px\" aria-hidden=\"true\" class=\"wp-block-spacer\"><\/div>\n\n\n\n<p>El empresario detall\u00f3 que su bisabuelo <em>\u00ablevant\u00f3 una usina el\u00e9ctrica, El Molino, para obtener su propia electricidad. La finca creci\u00f3 y as\u00ed construy\u00f3 la bodega actual, con capacidad para 4 millones de litros. Una vez que lleg\u00f3 el tendido el\u00e9ctrico a la zona, dej\u00f3 de usar la usina. Por entonces, la bodega, siempre a cargo de toda la familia, vend\u00eda vinos a granel\u201d.<\/em><\/p>\n\n\n\n<div style=\"height:26px\" aria-hidden=\"true\" class=\"wp-block-spacer\"><\/div>\n\n\n\n<p class=\"has-medium-font-size\"><strong>La reconversi\u00f3n<\/strong><\/p>\n\n\n\n<p>Meli relat\u00f3 que, <em>\u201chace unos 30 a\u00f1os, mi pap\u00e1 H\u00e9ctor compra la bodega a toda la familia y comienza un proceso de reconversi\u00f3n para salir del negocio de volumen y entrar a un negocio de vinos de calidad. Comenc\u00e9 a trabajar yo y generamos una pol\u00edtica de exportaci\u00f3n. Hace unos 10 a\u00f1os empezamos a exportar a granel con un proceso de certificaci\u00f3n, con las patas ambiental, social y de calidad, siguiendo el protocolo de sustentabilidad de Bodegas de Argentina, con medici\u00f3n de huella de carbono\u201d.<\/em><\/p>\n\n\n\n<div style=\"height:30px\" aria-hidden=\"true\" class=\"wp-block-spacer\"><\/div>\n\n\n<div class=\"wp-block-image\">\n<figure class=\"aligncenter size-full is-resized\"><a href=\"https:\/\/enolife.com.ar\/es\/wp-content\/uploads\/2023\/08\/WhatsApp-Image-2023-08-16-at-08.12.13-700x466-1.jpeg\" data-rel=\"penci-gallery-image-content\" ><img loading=\"lazy\" decoding=\"async\" src=\"https:\/\/enolife.com.ar\/es\/wp-content\/uploads\/2023\/08\/WhatsApp-Image-2023-08-16-at-08.12.13-700x466-1.jpeg\" alt=\"\" class=\"wp-image-99753\" width=\"582\" height=\"387\" srcset=\"https:\/\/enolife.com.ar\/es\/wp-content\/uploads\/2023\/08\/WhatsApp-Image-2023-08-16-at-08.12.13-700x466-1.jpeg 700w, https:\/\/enolife.com.ar\/es\/wp-content\/uploads\/2023\/08\/WhatsApp-Image-2023-08-16-at-08.12.13-700x466-1-300x200.jpeg 300w, https:\/\/enolife.com.ar\/es\/wp-content\/uploads\/2023\/08\/WhatsApp-Image-2023-08-16-at-08.12.13-700x466-1-585x389.jpeg 585w\" sizes=\"auto, (max-width: 582px) 100vw, 582px\" \/><\/a><figcaption class=\"wp-element-caption\"><em><strong>La bodega logr\u00f3 levantar un parque fotovoltaico de 30 kw<\/strong><\/em><\/figcaption><\/figure><\/div>\n\n\n<div style=\"height:30px\" aria-hidden=\"true\" class=\"wp-block-spacer\"><\/div>\n\n\n\n<p>En ese marco, el bodeguero explic\u00f3 que, con el cr\u00e9dito otrogado, <em>\u201cinstalamos un refrigerante en el canal y levantamos un parque fotovoltaico de 30 kw. El cr\u00e9dito nos ayud\u00f3 para bajar la huella de carbono y reducir costos\u201d.<\/em><\/p>\n\n\n\n<div style=\"height:21px\" aria-hidden=\"true\" class=\"wp-block-spacer\"><\/div>\n\n\n\n<blockquote class=\"wp-block-quote is-layout-flow wp-block-quote-is-layout-flow\">\n<p>Actualmente la bodega elabora 1.000.000 de litros anuales de vino, de los cuales el 30% son org\u00e1nicos. La mayor parte malbec, aunque tambi\u00e9n producimos bonarda, torront\u00e9s y merlot. Exportamos principalmente a Europa y EEUU, aunque tambi\u00e9n tenemos bodegas compradoras\u201d.<\/p>\n<cite>Gerardo Meli<\/cite><\/blockquote>\n\n\n\n<div style=\"height:21px\" aria-hidden=\"true\" class=\"wp-block-spacer\"><\/div>\n\n\n\n<p>Fiel al esp\u00edritu emprendedor que caracteriza a la familia desde hace m\u00e1s de un siglo, los Meli no se quedaron quietos y, cont\u00f3 el empresario,<em> \u00abdesde hace dos a\u00f1os comenzamos un proyecto de embotellado. Nuestra marca \u00edcono es Bajo Piedra, pensada en San Jos\u00e9, Tupungato, a&nbsp; 1.200 msnm, con mucha presencia de canto rodado que le da una caracter\u00edstica especial a nuestro vino.<\/em> <em>Y este semestre saldremos con dos l\u00edneas de vino con variedades malbec, cabernet, chardonay y vino naranjo, que viene del torront\u00e9s. Todo con base en Tupungato, San Jos\u00e9. La idea es que sea vino sustentable, con el packaging sustentable con huella de carbono baja\u201d.<\/em><\/p>\n\n\n\n<div style=\"height:37px\" aria-hidden=\"true\" class=\"wp-block-spacer\"><\/div>\n\n\n\n<p class=\"has-background\" style=\"background-color:#abb7c259\"><strong>L\u00edneas de cr\u00e9dito y contactos del FTyC<\/strong><br><br>A trav\u00e9s de la operatoria <strong>Inversi\u00f3n<\/strong>, los interesados en conseguir financiamiento para sus desarrollos disponen de tasas de inter\u00e9s a partir del 30% anual, seg\u00fan el tama\u00f1o de la pyme y el monto del cr\u00e9dito solicitado, sin superar en ning\u00fan caso una tasa del 65% anual. Las garant\u00edas pueden ser prendarias, hipotecarias o aval de SGR (Sociedad de Garant\u00eda Rec\u00edproca) y el plazo de devoluci\u00f3n del cr\u00e9dito es de hasta 5 a\u00f1os incluido el primero de gracia.&nbsp;Ingresando a<a href=\"http:\/\/www.ftyc.gob.ar\/\" target=\"_blank\" rel=\"noreferrer noopener\">&nbsp;www.ftyc.gob.ar<\/a>&nbsp;los interesados pueden informarse sobre todas las l\u00edneas de cr\u00e9dito del<a href=\"https:\/\/www.ftyc.gob.ar\/\" target=\"_blank\" rel=\"noreferrer noopener\">&nbsp;Fondo para la Transformaci\u00f3n<\/a>. Asimismo, a trav\u00e9s de dicha web, se pueden tramitar los cr\u00e9ditos y recibir asesoramiento on line a trav\u00e9s de<a href=\"https:\/\/api.whatsapp.com\/send\/?phone=5492612050154&amp;text=Hola+FTyC%2C+necesito+hacer+una+consulta%21&amp;app_absent=0\" target=\"_blank\" rel=\"noreferrer noopener\">&nbsp;WhatsApp<\/a>, el cual es atendido por personal t\u00e9cnico especializado, de lunes a viernes de 8:30 a 13:30 horas. En los mismos d\u00edas y horario tambi\u00e9n se puede acudir a la Sede Central del<a href=\"https:\/\/www.ftyc.gob.ar\/\" target=\"_blank\" rel=\"noreferrer noopener\">&nbsp;FTyC<\/a>&nbsp;(Montevideo 456, segundo piso, Ciudad) o a sus<a href=\"https:\/\/www.ftyc.gob.ar\/delegaciones\/\" target=\"_blank\" rel=\"noreferrer noopener\">&nbsp;delegaciones del interior.<\/a><\/p>\n\n\n\n<div style=\"height:30px\" aria-hidden=\"true\" class=\"wp-block-spacer\"><\/div>\n\n\n\n<p class=\"has-medium-font-size\"><strong>Tasas que permiten hacer inversiones<\/strong><\/p>\n\n\n\n<p>Meli detall\u00f3 que gracias a la l\u00ednea Inversi\u00f3n del FTC&nbsp;su bodega pudo instalar <em>\u201cuna planta solar que la dise\u00f1amos y trabajamos con la empresa Energe. La idea es suplir el 100% de nuestro consumo el\u00e9ctrico. Hicimos un c\u00e1lculo de los kw\/h por a\u00f1o. Tomamos el financiamiento para pagar el equipo. Ha sido un \u00e9xito ya que nos permiti\u00f3 bajar mucho la huella de carbono y tener beneficios con la tarifa de luz\u201d.&nbsp;<\/em><\/p>\n\n\n\n<div style=\"height:30px\" aria-hidden=\"true\" class=\"wp-block-spacer\"><\/div>\n\n\n<div class=\"wp-block-image\">\n<figure class=\"aligncenter size-full is-resized\"><a href=\"https:\/\/enolife.com.ar\/es\/wp-content\/uploads\/2023\/08\/WhatsApp-Image-2023-08-16-at-08.12.14-700x1050-1.jpeg\" data-rel=\"penci-gallery-image-content\" ><img loading=\"lazy\" decoding=\"async\" src=\"https:\/\/enolife.com.ar\/es\/wp-content\/uploads\/2023\/08\/WhatsApp-Image-2023-08-16-at-08.12.14-700x1050-1.jpeg\" alt=\"\" class=\"wp-image-99755\" width=\"459\" height=\"477\" srcset=\"https:\/\/enolife.com.ar\/es\/wp-content\/uploads\/2023\/08\/WhatsApp-Image-2023-08-16-at-08.12.14-700x1050-1.jpeg 692w, https:\/\/enolife.com.ar\/es\/wp-content\/uploads\/2023\/08\/WhatsApp-Image-2023-08-16-at-08.12.14-700x1050-1-288x300.jpeg 288w, https:\/\/enolife.com.ar\/es\/wp-content\/uploads\/2023\/08\/WhatsApp-Image-2023-08-16-at-08.12.14-700x1050-1-585x609.jpeg 585w\" sizes=\"auto, (max-width: 459px) 100vw, 459px\" \/><\/a><figcaption class=\"wp-element-caption\"><em><strong>Refrigerante para canal de riego<\/strong><\/em>.<\/figcaption><\/figure><\/div>\n\n\n<div style=\"height:30px\" aria-hidden=\"true\" class=\"wp-block-spacer\"><\/div>\n\n\n\n<p>Asimismo, adquirieron un refrigerante para un canal de riego. <em>\u201cAprovechamos<\/em> -detall\u00f3 Meli- <em>las aguas de deshielo y vertiente que vienen a 15\u00ba C y, en un intercambiador, hacemos la refrigeraci\u00f3n de la fermentaci\u00f3n, haciendo un menor uso del equipo de fr\u00edo y, por lo tanto, tambi\u00e9n ah\u00ed bajamos la huella de carbono.\u00bb&nbsp;<\/em>Y finaliz\u00f3: <em>\u201cFrente a las propuestas crediticias reinantes en el mercado, el Fondo ofrece tasas l\u00f3gicas que permiten hacer inversiones\u201d<\/em>.<\/p>\n\n\n\n<div style=\"height:37px\" aria-hidden=\"true\" class=\"wp-block-spacer\"><\/div>\n","protected":false},"excerpt":{"rendered":"<p>La bodega H\u00e9ctor Meli, fundada en Tupungato por un inmigrante italiano en 1908, es un&hellip;<\/p>\n","protected":false},"author":3,"featured_media":99761,"comment_status":"open","ping_status":"open","sticky":false,"template":"","format":"standard","meta":{"footnotes":""},"categories":[57,4],"tags":[],"class_list":["post-99677","post","type-post","status-publish","format-standard","has-post-thumbnail","hentry","category-empresas","category-protagonistas"],"_links":{"self":[{"href":"https:\/\/enolife.com.ar\/es\/wp-json\/wp\/v2\/posts\/99677","targetHints":{"allow":["GET"]}}],"collection":[{"href":"https:\/\/enolife.com.ar\/es\/wp-json\/wp\/v2\/posts"}],"about":[{"href":"https:\/\/enolife.com.ar\/es\/wp-json\/wp\/v2\/types\/post"}],"author":[{"embeddable":true,"href":"https:\/\/enolife.com.ar\/es\/wp-json\/wp\/v2\/users\/3"}],"replies":[{"embeddable":true,"href":"https:\/\/enolife.com.ar\/es\/wp-json\/wp\/v2\/comments?post=99677"}],"version-history":[{"count":0,"href":"https:\/\/enolife.com.ar\/es\/wp-json\/wp\/v2\/posts\/99677\/revisions"}],"wp:featuredmedia":[{"embeddable":true,"href":"https:\/\/enolife.com.ar\/es\/wp-json\/wp\/v2\/media\/99761"}],"wp:attachment":[{"href":"https:\/\/enolife.com.ar\/es\/wp-json\/wp\/v2\/media?parent=99677"}],"wp:term":[{"taxonomy":"category","embeddable":true,"href":"https:\/\/enolife.com.ar\/es\/wp-json\/wp\/v2\/categories?post=99677"},{"taxonomy":"post_tag","embeddable":true,"href":"https:\/\/enolife.com.ar\/es\/wp-json\/wp\/v2\/tags?post=99677"}],"curies":[{"name":"wp","href":"https:\/\/api.w.org\/{rel}","templated":true}]}}