{"id":99657,"date":"2023-08-16T14:08:57","date_gmt":"2023-08-16T14:08:57","guid":{"rendered":"https:\/\/enolife.com.ar\/es\/?p=99657"},"modified":"2023-08-18T17:16:10","modified_gmt":"2023-08-18T17:16:10","slug":"el-12-9-cierra-el-concurso-para-la-fiesta-nacional-de-la-vendimia-2024-con-186-millones-de-premio","status":"publish","type":"post","link":"https:\/\/enolife.com.ar\/es\/el-12-9-cierra-el-concurso-para-la-fiesta-nacional-de-la-vendimia-2024-con-186-millones-de-premio\/","title":{"rendered":"El 12\/9 cierra el concurso para la Fiesta Nacional de la Vendimia 2024, con $18,6 millones de premio"},"content":{"rendered":"\n<h4 class=\"wp-block-heading\"><em><strong>El gobierno de Mendoza -organizador de la fiesta m\u00e1xima de los mendocinos en celebraci\u00f3n de su industria madre, la vitivinicultura- inform\u00f3 que ya est\u00e1n disponibles las bases para que los equipos interesados en participar en el concurso de gui\u00f3n, direcci\u00f3n y puesta en escena del Acto Central y las repeticiones de la Fiesta Nacional de la Vendimia 2024 en el Anfiteatro Frank Romero Day de Mendoza puedan presentar sus propuestas. El plazo cierra el 12 de setiembre a las 14 hs.<\/strong><\/em><\/h4>\n\n\n\n<div style=\"height:35px\" aria-hidden=\"true\" class=\"wp-block-spacer\"><\/div>\n\n\n<a href=\"https:\/\/instagram.com\/labelsolutions?igshid=YmMyMTA2M2Y=\" aria-label=\"Banner Palero 1700&#215;500\"><img loading=\"lazy\" decoding=\"async\" src=\"https:\/\/enolife.com.ar\/es\/wp-content\/uploads\/2021\/09\/Banner-Palero-1700x500-1.gif\" alt=\"\"  width=\"1700\" height=\"500\"   \/><\/a>\n\n\n<div style=\"height:45px\" aria-hidden=\"true\" class=\"wp-block-spacer\"><\/div>\n\n\n\n<p>El <strong>Gobierno de Mendoza<\/strong>, a trav\u00e9s del <strong>Ministerio de Cultura y Turismo<\/strong>, llam\u00f3 a concurso para seleccionar la propuesta de gui\u00f3n, con su correspondiente s\u00edntesis argumental incluida; la realizaci\u00f3n de la escenograf\u00eda, direcci\u00f3n art\u00edstica general, direcci\u00f3n audiovisual, puesta en escena, desarrollo t\u00e9cnico y equipo art\u00edstico, para la <strong>Fiesta Nacional de la Vendimia 2024<\/strong>, declarada, seg\u00fan la Ley 6973, \u201cPatrimonio Cultural de la Provincia de Mendoza\u201d.<\/p>\n\n\n\n<div style=\"height:18px\" aria-hidden=\"true\" class=\"wp-block-spacer\"><\/div>\n\n\n\n<h3 class=\"wp-block-heading has-vivid-red-color has-text-color\">Seg\u00fan se detalla en la p\u00e1gina 42 (cap\u00edtulo VII &#8211; Premios) de las Bases del Concurso, el monto final destinado al premio para el equipo ganador, que deber\u00e1 implementar y conducir \u00abla direcci\u00f3n art\u00edstica de la puesta en escena y realizaci\u00f3n art\u00edstica\u00bb de la Fiesta, ser\u00e1 de $18.606.000 en todo concepto. En 2023, el premio fue de $3.306.000.<\/h3>\n\n\n\n<div style=\"height:23px\" aria-hidden=\"true\" class=\"wp-block-spacer\"><\/div>\n\n\n\n<p>La ministra <strong>Nora Vicario<\/strong> afirm\u00f3: <em>\u201cEstamos muy contentos de anunciar la convocatoria oficial de Vendimia 2024. Tal como nos solicit\u00f3 el Gobernador&nbsp;Rodolfo Su\u00e1rez, tras la finalizaci\u00f3n de la Fiesta de este a\u00f1o, el trabajo continu\u00f3 para la pr\u00f3xima Vendimia. As\u00ed se realizaron todas las instancias de participaci\u00f3n y reflexi\u00f3n sobre la Vendimia anterior y aportar ideas para la pr\u00f3xima.&nbsp;Ahora estamos iniciando una nueva temporada de&nbsp;Vendimia en Mendoza, proyectada en tiempo y forma, para dar cumplimiento a ese gran engranaje que comienza a rodar. Lo hacemos despu\u00e9s de la inolvidable Vendimia 2022, que nos reencontr\u00f3 en el teatro griego despu\u00e9s de la pandemia. La Vendimia 2023, que dio apertura a un tiempo de crecimiento constante del movimiento tur\u00edstico y cultural que llev\u00f3 a una provincia a desafiar la estacionalidad\u201d.<\/em><\/p>\n\n\n\n<p>Los equipos interesados en participar podr\u00e1n presentar las propuestas hasta el martes 12 de setiembre, desde las 9 y hasta las 14 hs. <\/p>\n\n\n\n<p class=\"has-background\" style=\"background-color:#abb7c24f\"><strong>Las bases y anexos se podr\u00e1n consultar y descargar <a href=\"https:\/\/www.mendoza.gov.ar\/cultura\/vendimia\/fiesta-nacional-de-la-vendimia-2024-convocatoria-propuesta-artistica\/\" title=\"\">AQU\u00cd<\/a>.\u00a0<\/strong><\/p>\n\n\n\n<div style=\"height:30px\" aria-hidden=\"true\" class=\"wp-block-spacer\"><\/div>\n\n\n\n<p class=\"has-medium-font-size\"><strong>Pasos y requisitos a seguir<\/strong><\/p>\n\n\n\n<p>El\/la poductor\/a ejecutivo\/ deber\u00e1 preinscribirse a trav\u00e9s del Sistema 148, completando el siguiente formulario: Inscripci\u00f3n Sistema Tickets Propuestas FNV 2024 donde consignar\u00e1 Apellido y Nombre del Director\/es General\/es, del Productor Ejecutivo y nombre de la obra. Las propuestas deber\u00e1n presentarse en Sobre&nbsp; \u00danico, ante el Ministerio de Cultura y Turismo de la Provincia seg\u00fan lo especificado en el presente Reglamento, \u00fanica y personalmente (no se admitir\u00e1n presentaciones por otros medios) en la Direcci\u00f3n General de Administraci\u00f3n \u2013 Gobierno de Mendoza, sito en Av. Espa\u00f1a y Guti\u00e9rrez, Ciudad de Mendoza. Se establece el d\u00eda martes 12 de septiembre de 2023 \u00fanicamente desde las 9 y hasta las 14, indefectiblemente.<\/p>\n\n\n\n<p>Al momento de la presentaci\u00f3n de cada propuesta, queda impl\u00edcita la aceptaci\u00f3n de bases y condiciones del concurso.<\/p>\n\n\n\n<div style=\"height:30px\" aria-hidden=\"true\" class=\"wp-block-spacer\"><\/div>\n\n\n\n<p class=\"has-medium-font-size\"><strong>Los postulantes tendr\u00e1n asesor\u00edas t\u00e9cnicas y administrativas<\/strong><\/p>\n\n\n\n<p>Los equipos concursantes deber\u00e1n participar obligatoriamente en las asesor\u00edas t\u00e9cnicas y administrativas oficiales. Estas ser\u00e1n coordinadas de manera individual, por equipo, previas a la presentaci\u00f3n de la propuesta en primera instancia. All\u00ed se otorgar\u00e1n los lineamientos t\u00e9cnicos b\u00e1sicos y espec\u00edficos, que ser\u00e1n fijados, coordinados y comunicados por la Direcci\u00f3n de Producci\u00f3n Cultural y Vendimia al representante legal del grupo.<\/p>\n\n\n\n<p>Por tal motivo, los interesados deber\u00e1n presentar nota por escrito en las oficinas de la Direcci\u00f3n de Producci\u00f3n Cultural y Vendimia durante los 10 primeros d\u00edas de abierto el per\u00edodo de publicaci\u00f3n de bases, solicitando el taller pertinente. Por consultas o coordinaci\u00f3n de asesor\u00edas t\u00e9cnicas y administrativas oficiales obligatorias<strong>, comunicarse a trav\u00e9s de:\u00a0<a href=\"mailto:vendimia@mendoza.gov.ar\" target=\"_blank\" rel=\"noreferrer noopener\">vendimia@mendoza.gov.ar<\/a><\/strong><\/p>\n\n\n\n<div style=\"height:27px\" aria-hidden=\"true\" class=\"wp-block-spacer\"><\/div>\n\n\n\n<p class=\"has-small-font-size\"><em><strong>Fuente: Gobierno de Mendoza<\/strong><\/em><\/p>\n\n\n\n<div style=\"height:18px\" aria-hidden=\"true\" class=\"wp-block-spacer\"><\/div>\n","protected":false},"excerpt":{"rendered":"<p>El gobierno de Mendoza -organizador de la fiesta m\u00e1xima de los mendocinos en celebraci\u00f3n de&hellip;<\/p>\n","protected":false},"author":3,"featured_media":99676,"comment_status":"open","ping_status":"open","sticky":false,"template":"","format":"standard","meta":{"footnotes":""},"categories":[14],"tags":[],"class_list":["post-99657","post","type-post","status-publish","format-standard","has-post-thumbnail","hentry","category-news"],"_links":{"self":[{"href":"https:\/\/enolife.com.ar\/es\/wp-json\/wp\/v2\/posts\/99657","targetHints":{"allow":["GET"]}}],"collection":[{"href":"https:\/\/enolife.com.ar\/es\/wp-json\/wp\/v2\/posts"}],"about":[{"href":"https:\/\/enolife.com.ar\/es\/wp-json\/wp\/v2\/types\/post"}],"author":[{"embeddable":true,"href":"https:\/\/enolife.com.ar\/es\/wp-json\/wp\/v2\/users\/3"}],"replies":[{"embeddable":true,"href":"https:\/\/enolife.com.ar\/es\/wp-json\/wp\/v2\/comments?post=99657"}],"version-history":[{"count":0,"href":"https:\/\/enolife.com.ar\/es\/wp-json\/wp\/v2\/posts\/99657\/revisions"}],"wp:featuredmedia":[{"embeddable":true,"href":"https:\/\/enolife.com.ar\/es\/wp-json\/wp\/v2\/media\/99676"}],"wp:attachment":[{"href":"https:\/\/enolife.com.ar\/es\/wp-json\/wp\/v2\/media?parent=99657"}],"wp:term":[{"taxonomy":"category","embeddable":true,"href":"https:\/\/enolife.com.ar\/es\/wp-json\/wp\/v2\/categories?post=99657"},{"taxonomy":"post_tag","embeddable":true,"href":"https:\/\/enolife.com.ar\/es\/wp-json\/wp\/v2\/tags?post=99657"}],"curies":[{"name":"wp","href":"https:\/\/api.w.org\/{rel}","templated":true}]}}