{"id":99490,"date":"2023-08-14T14:05:26","date_gmt":"2023-08-14T14:05:26","guid":{"rendered":"https:\/\/enolife.com.ar\/es\/?p=99490"},"modified":"2023-08-15T22:10:42","modified_gmt":"2023-08-15T22:10:42","slug":"que-es-y-como-se-practica-la-sostenibilidad-en-vitivinicultura-en-una-capacitacion-gratuita-el-30-8","status":"publish","type":"post","link":"https:\/\/enolife.com.ar\/es\/que-es-y-como-se-practica-la-sostenibilidad-en-vitivinicultura-en-una-capacitacion-gratuita-el-30-8\/","title":{"rendered":"Qu\u00e9 es y c\u00f3mo se practica la sostenibilidad en vitivinicultura, en una capacitaci\u00f3n gratuita el 30\/8"},"content":{"rendered":"\n<h4 class=\"wp-block-heading\"><em><strong>La Corporaci\u00f3n Vitivin\u00edcola Argentina (Coviar), junto a la Maestr\u00eda en Responsabilidad Social y Desarrollo Sostenible de la Universidad Nacional de Cuyo (UNCuyo) y la Municipalidad de Luj\u00e1n de Cuyo, invitan a participar de la capacitaci\u00f3n \u00abSostenibilidad vitivin\u00edcola para bodegas y productores\u00bb. La actividad ser\u00e1 gratuita, previa inscripci\u00f3n con cupos limitados, el 30\/8 a las 9 hs en la Bodega Gieco. <\/strong><\/em><\/h4>\n\n\n\n<div style=\"height:35px\" aria-hidden=\"true\" class=\"wp-block-spacer\"><\/div>\n\n\n\n\n\n<div style=\"height:45px\" aria-hidden=\"true\" class=\"wp-block-spacer\"><\/div>\n\n\n\n<p>En el marco de la <strong>hoja de ruta de econom\u00eda circular del sector vitivin\u00edcola de Luj\u00e1n<\/strong> <strong>de Cuyo<\/strong>, el mi\u00e9rcoles 30\/8 de 9 a 12 hs, se realizar\u00e1 la capacitaci\u00f3n en \u00ab<strong>Sostenibilidad vitivin\u00edcola para bodegas y productores<\/strong>\u00bb&nbsp; organizada en conjunto por la Coviar, la Maestr\u00eda en Responsabilidad Social y Desarrollo Sostenible de la UNCuyo y la Municipalidad de Luj\u00e1n de Cuyo. <\/p>\n\n\n<div class=\"wp-block-image\">\n<figure class=\"alignleft size-full is-resized\"><a href=\"https:\/\/enolife.com.ar\/es\/wp-content\/uploads\/2023\/08\/1691598508297.jpg\" data-rel=\"penci-gallery-image-content\" ><img loading=\"lazy\" decoding=\"async\" src=\"https:\/\/enolife.com.ar\/es\/wp-content\/uploads\/2023\/08\/1691598508297.jpg\" alt=\"\" class=\"wp-image-99492\" width=\"275\" height=\"275\" srcset=\"https:\/\/enolife.com.ar\/es\/wp-content\/uploads\/2023\/08\/1691598508297.jpg 800w, https:\/\/enolife.com.ar\/es\/wp-content\/uploads\/2023\/08\/1691598508297-300x300.jpg 300w, https:\/\/enolife.com.ar\/es\/wp-content\/uploads\/2023\/08\/1691598508297-150x150.jpg 150w, https:\/\/enolife.com.ar\/es\/wp-content\/uploads\/2023\/08\/1691598508297-768x768.jpg 768w, https:\/\/enolife.com.ar\/es\/wp-content\/uploads\/2023\/08\/1691598508297-585x585.jpg 585w\" sizes=\"auto, (max-width: 275px) 100vw, 275px\" \/><\/a><\/figure><\/div>\n\n\n<p>Durante la actividad se desarrollar\u00e1n temas tales como sensibilizaci\u00f3n en sostenibilidad, lineamientos sobre herramientas de autoevaluaci\u00f3n,&nbsp;esquema de certificaci\u00f3n y mediciones. Est\u00e1 destinado a responsables de sustentabilidad o afines de bodegas y productores vit\u00edcolas del Departamento de Luj\u00e1n de Cuyo.&nbsp;&nbsp;<\/p>\n\n\n\n<p><strong>Lugar<\/strong>: Bodega Gieco, Guardia Vieja 1687, Vistalba, Luj\u00e1n de Cuyo, Mendoza<br><strong>Modalidad<\/strong>: Taller de sensibilizaci\u00f3n<br><strong>Cupos limitados:&nbsp;<\/strong>Un representante por organizaci\u00f3n.<\/p>\n\n\n\n<p class=\"has-background\" style=\"background-color:#abb7c270\"><strong>Los interesados en participar deber\u00e1n inscribirse <a href=\"https:\/\/docs.google.com\/forms\/d\/e\/1FAIpQLSfPVLGZbMOvO8VKqAT9vH_zPRziTOE8ChQrL13cYrPW11CRVg\/viewform\" title=\"\">AQU\u00cd<\/a><\/strong>, <strong>para mayor informaci\u00f3n enviar mail a: <a href=\"mailto:centroverde.lujan@gmail.com\" title=\"\">centroverde.lujan@gmail.com<\/a><\/strong><\/p>\n\n\n\n<div style=\"height:30px\" aria-hidden=\"true\" class=\"wp-block-spacer\"><\/div>\n","protected":false},"excerpt":{"rendered":"<p>La Corporaci\u00f3n Vitivin\u00edcola Argentina (Coviar), junto a la Maestr\u00eda en Responsabilidad Social y Desarrollo Sostenible&hellip;<\/p>\n","protected":false},"author":3,"featured_media":99506,"comment_status":"open","ping_status":"open","sticky":false,"template":"","format":"standard","meta":{"footnotes":""},"categories":[47],"tags":[],"class_list":["post-99490","post","type-post","status-publish","format-standard","has-post-thumbnail","hentry","category-agenda"],"_links":{"self":[{"href":"https:\/\/enolife.com.ar\/es\/wp-json\/wp\/v2\/posts\/99490","targetHints":{"allow":["GET"]}}],"collection":[{"href":"https:\/\/enolife.com.ar\/es\/wp-json\/wp\/v2\/posts"}],"about":[{"href":"https:\/\/enolife.com.ar\/es\/wp-json\/wp\/v2\/types\/post"}],"author":[{"embeddable":true,"href":"https:\/\/enolife.com.ar\/es\/wp-json\/wp\/v2\/users\/3"}],"replies":[{"embeddable":true,"href":"https:\/\/enolife.com.ar\/es\/wp-json\/wp\/v2\/comments?post=99490"}],"version-history":[{"count":0,"href":"https:\/\/enolife.com.ar\/es\/wp-json\/wp\/v2\/posts\/99490\/revisions"}],"wp:featuredmedia":[{"embeddable":true,"href":"https:\/\/enolife.com.ar\/es\/wp-json\/wp\/v2\/media\/99506"}],"wp:attachment":[{"href":"https:\/\/enolife.com.ar\/es\/wp-json\/wp\/v2\/media?parent=99490"}],"wp:term":[{"taxonomy":"category","embeddable":true,"href":"https:\/\/enolife.com.ar\/es\/wp-json\/wp\/v2\/categories?post=99490"},{"taxonomy":"post_tag","embeddable":true,"href":"https:\/\/enolife.com.ar\/es\/wp-json\/wp\/v2\/tags?post=99490"}],"curies":[{"name":"wp","href":"https:\/\/api.w.org\/{rel}","templated":true}]}}