{"id":99465,"date":"2023-08-13T23:22:13","date_gmt":"2023-08-13T23:22:13","guid":{"rendered":"https:\/\/enolife.com.ar\/es\/?p=99465"},"modified":"2023-08-15T21:52:25","modified_gmt":"2023-08-15T21:52:25","slug":"marcelo-federici-vamos-a-defender-a-fecovita-hasta-la-ultima-gota-de-sangre","status":"publish","type":"post","link":"https:\/\/enolife.com.ar\/es\/marcelo-federici-vamos-a-defender-a-fecovita-hasta-la-ultima-gota-de-sangre\/","title":{"rendered":"Marcelo Federici: \u00abVamos a defender a Fecovita hasta la \u00faltima gota de sangre\u00bb"},"content":{"rendered":"\n<h4 class=\"wp-block-heading\"><em><strong>Ante la preocupaci\u00f3n de vi\u00f1ateros y productores mendocinos y sanjuaninos asociados o vinculados con la Federaci\u00f3n de Cooperativas Vitivin\u00edcola de Argentina (Fecovita, due\u00f1a de la marca Toro y uno de los mayores exportadores de vino del pa\u00eds), a ra\u00edz de un pedido de quiebra en los tribunales concursales de Mendoza contra la empresa argentina, realizado por sus ex socios espa\u00f1oles de la firma Iberte, el secretario de la Mesa Directiva de la empresa, Marcelo Federici, busc\u00f3 tranquilizar a los 5.000 productores de 29 cooperativas asociadas diciendo que el pedido es injustificado, que Fecovita no le debe nada a Iberte y que la solicitud no prosperar\u00e1. Tambi\u00e9n el ex directivo Eduardo Sancho, quien dej\u00f3 su cargo como presidente de Fecovita a manos de Rub\u00e9n Panella a mediados de 2021, desdramatiz\u00f3 la situaci\u00f3n considerando que se trata \u00abs\u00f3lo de disputas comerciales\u00bb que no ponen en peligro el futuro de la empresa.<\/strong><\/em><\/h4>\n\n\n\n<div style=\"height:35px\" aria-hidden=\"true\" class=\"wp-block-spacer\"><\/div>\n\n\n<a href=\"https:\/\/sudafilt.com\/\" aria-label=\"SUDAFILT 1700X500 NOV25\"><img loading=\"lazy\" decoding=\"async\" src=\"https:\/\/enolife.com.ar\/es\/wp-content\/uploads\/2020\/07\/SUDAFILT-1700X500-NOV25.gif\" alt=\"\"  width=\"1700\" height=\"500\"   \/><\/a>\n\n\n<div style=\"height:45px\" aria-hidden=\"true\" class=\"wp-block-spacer\"><\/div>\n\n\n\n<p>En las \u00faltimas semanas, cuando a mediados de <strong>julio de 2023<\/strong> se conoci\u00f3 que la empresa de origen espa\u00f1ol <strong>Iberte<\/strong>, con sede en <strong>Eslovaquia<\/strong>, hab\u00eda presentado en los tribunales concursales de <strong>Mendoza<\/strong> una <strong>solicitud de quiebra<\/strong> contra la <strong>Federaci\u00f3n de Cooperativas Vitivin\u00edcolas Argentinas (Fecovita)<\/strong> por presunta falta de pago de obligaciones comerciales, muchos de los 5.000 peque\u00f1os productores de las 29 cooperativas de Mendoza y <strong>San Juan<\/strong> asociadas se inquietaron porque Fecovita es vital para su subsistencia, ya que les compra buena parte de su producci\u00f3n de uva, vino y mosto. <\/p>\n\n\n\n<p>Con el correr de los d\u00edas, gracias a la difusi\u00f3n de documentos probatorios y declaraciones tranquilizantes de dirigentes y ex dirigentes de Fecovita -en particular, su secretario <strong>Marcelo Federici<\/strong> y su ex presidente <strong>Eduardo Sancho<\/strong>&#8211; las aguas se fueron calmando. Seg\u00fan se sabe gracias a comunicaciones de la empresa con sede en Mendoza acerca de su estado financiero y crediticio, <strong>la situaci\u00f3n de Fecovita es buena, ya que no mantiene deudas importantes con acreedores y estar\u00eda al d\u00eda con sus pagos a terceros.<\/strong><\/p>\n\n\n\n<div style=\"height:20px\" aria-hidden=\"true\" class=\"wp-block-spacer\"><\/div>\n\n\n\n<blockquote class=\"wp-block-quote is-layout-flow wp-block-quote-is-layout-flow\">\n<p>Vamos a defender a Fecovita hasta la \u00faltima gota de sangre, no vamos a permitir que nos la quiten\u00bb<\/p>\n<cite>Marcelo Federici, secretario de la Mesa Directiva de Fecovita<\/cite><\/blockquote>\n\n\n\n<div style=\"height:21px\" aria-hidden=\"true\" class=\"wp-block-spacer\"><\/div>\n\n\n\n<p>Sin embargo, antes de que llegaran noticias tranquilizadoras, el 5 de agosto pasado, en el programa <strong>Conexi\u00f3n Agro<\/strong> de <strong>Radio Nihuil <\/strong>de Mendoza, el dirigente Federici realiz\u00f3 una encendida defensa de la gesti\u00f3n de la actual Mesa Directiva de Fecovita y asegur\u00f3 que son v\u00edctimas de una maniobra comercial desleal, ya que no s\u00f3lo no le deben nada a Iberte sino que son los que piden la quiebra quienes mantienen una deuda millonaria con Fecovita por una operaci\u00f3n de compra de vinos. En esa ocasi\u00f3n, Federici se puso \u00abel cuchillo entre los dientes\u00bb y lanz\u00f3: \u00abVamos a defender a Fecovita hasta la \u00faltima gota de sangre, no vamos a permitir que nos la quiten\u00bb. Ya m\u00e1s relajado, en los d\u00edas siguientes Federici fundament\u00f3 las razones por las cuales Fecovita no peligra de ning\u00fan modo.<\/p>\n\n\n\n<div style=\"height:30px\" aria-hidden=\"true\" class=\"wp-block-spacer\"><\/div>\n\n\n<div class=\"wp-block-image\">\n<figure class=\"aligncenter size-full is-resized\"><a href=\"https:\/\/enolife.com.ar\/es\/wp-content\/uploads\/2023\/08\/Imagen1-11.jpg\" data-rel=\"penci-gallery-image-content\" ><img loading=\"lazy\" decoding=\"async\" src=\"https:\/\/enolife.com.ar\/es\/wp-content\/uploads\/2023\/08\/Imagen1-11.jpg\" alt=\"\" class=\"wp-image-99476\" width=\"557\" height=\"407\" srcset=\"https:\/\/enolife.com.ar\/es\/wp-content\/uploads\/2023\/08\/Imagen1-11.jpg 988w, https:\/\/enolife.com.ar\/es\/wp-content\/uploads\/2023\/08\/Imagen1-11-300x219.jpg 300w, https:\/\/enolife.com.ar\/es\/wp-content\/uploads\/2023\/08\/Imagen1-11-768x560.jpg 768w, https:\/\/enolife.com.ar\/es\/wp-content\/uploads\/2023\/08\/Imagen1-11-585x426.jpg 585w\" sizes=\"auto, (max-width: 557px) 100vw, 557px\" \/><\/a><\/figure><\/div>\n\n\n<div style=\"height:20px\" aria-hidden=\"true\" class=\"wp-block-spacer\"><\/div>\n\n\n\n<h4 class=\"wp-block-heading has-text-align-center has-text-color\" style=\"color:#9e2e8a\">Fecovita tiene unos 5.000 peque\u00f1os productores integrados en 29 cooperativas entre San Juan y Mendoza. Da trabajo a unos 1.000 empleados en forma directa y a m\u00e1s de 10.000 personas en forma indirecta.<\/h4>\n\n\n\n<div style=\"height:30px\" aria-hidden=\"true\" class=\"wp-block-spacer\"><\/div>\n\n\n\n<p>Consultado Federici por el diario <strong>Tiempo de San Juan<\/strong>, asegur\u00f3 que la empresa vitivin\u00edcola goza de buena salud y que los vi\u00f1ateros y bodegueros no deben preocuparse. <em>\u201cFecovita<\/em> -manifest\u00f3 el dirigente-<em>se est\u00e1 viendo fuertemente perjudicada por la el accionar de Iberte. En este \u00faltimo tiempo se han encargado de da\u00f1ar la imagen de nuestra empresa, distribuyendo informaci\u00f3n a cooperativas y entidades bancarias, y comunicando que estaban en la Justicia con un pedido de confidencialidad. Por esto, hemos denunciado por extorsi\u00f3n a sus directivos, <strong>Juan Jos\u00e9 Retamero<\/strong> y <strong>Guillermo Garc\u00eda<\/strong>\u201d.<\/em><\/p>\n\n\n<div class=\"wp-block-image\">\n<figure class=\"alignleft size-full is-resized\"><a href=\"https:\/\/enolife.com.ar\/es\/wp-content\/uploads\/2023\/08\/Marcelo-Federici.jpg\" data-rel=\"penci-gallery-image-content\" ><img loading=\"lazy\" decoding=\"async\" src=\"https:\/\/enolife.com.ar\/es\/wp-content\/uploads\/2023\/08\/Marcelo-Federici.jpg\" alt=\"\" class=\"wp-image-99484\" width=\"171\" height=\"165\" srcset=\"https:\/\/enolife.com.ar\/es\/wp-content\/uploads\/2023\/08\/Marcelo-Federici.jpg 415w, https:\/\/enolife.com.ar\/es\/wp-content\/uploads\/2023\/08\/Marcelo-Federici-300x289.jpg 300w\" sizes=\"auto, (max-width: 171px) 100vw, 171px\" \/><\/a><figcaption class=\"wp-element-caption\"><em><strong>Marcelo Federici<\/strong><\/em><\/figcaption><\/figure><\/div>\n\n\n<p><strong>Federici<\/strong> asegur\u00f3 que Fecovita trabaja con normalidad tanto en sus sectores industriales como en lo comercial y en la relaci\u00f3n con su cadena de proveedores y distribuidores. Y detall\u00f3 que la empresa contraatac\u00f3 tambi\u00e9n en el \u00e1mbito de la Justicia: <em>\u00abRespondimos oportunamente ante el Segundo Juzgado Concursal de Mendoza, que nos dio vista de esta situaci\u00f3n, argumentando que no se dan las condiciones b\u00e1sicas para una solicitud de quiebra: existencia de deuda l\u00edquida exigible y cesaci\u00f3n de pagos\u201d<\/em>.<\/p>\n\n\n\n<p>Seg\u00fan relev\u00f3 el diario sanjuanino, <em>\u00abFederici explic\u00f3 que la situaci\u00f3n de las deudas bancarias seg\u00fan el Banco Central de la Rep\u00fablica Argentina se encuentran en Situaci\u00f3n 1, destacando la\u00a0inexistencia de cheques rechazados. Tambi\u00e9n asegur\u00f3 que se encuentra en situaci\u00f3n regular con las deudas impositivas, nacionales, provinciales, como tambi\u00e9n las previsionales, lo que se puede corroborar tanto en el sitio web de AFIP, como en la consultora NOSIS. Y sostuvo que los pagos de sueldos a colaboradores se encuentran cancelados al d\u00eda,\u00a0al igual que las liquidaciones de cuotas a las cooperativas\u00bb.<\/em><\/p>\n\n\n\n<p>Por \u00faltimo, Federici expuso ante el medio de la provincia vecina de Mendoza, segunda productora de vino de Argentina: <em>\u201cPor eso\u00a0consideramos inviable dicho pedido de quiebra\u00a0ya que, no solo no le debemos suma alguna, sino que ellos mantienen una deuda millonaria con nosotros, por la cual iniciamos un juicio en los fueros comerciales, como corresponde a una deuda de este tipo. Por todo lo expuesto, consideramos que este pedido es coactivo, como muchas de las acciones que vienen realizando sobre nuestros directivos, colaboradores, cooperativas asociadas, entidades financieras, organismos p\u00fablicos y medios de comunicaci\u00f3n\u201d<\/em>.<\/p>\n\n\n<div class=\"wp-block-image\">\n<figure class=\"alignleft size-full is-resized\"><a href=\"https:\/\/enolife.com.ar\/es\/wp-content\/uploads\/2023\/08\/UVYBRPYWRFDALG7PGXEGZMXMYI.jpg\" data-rel=\"penci-gallery-image-content\" ><img loading=\"lazy\" decoding=\"async\" src=\"https:\/\/enolife.com.ar\/es\/wp-content\/uploads\/2023\/08\/UVYBRPYWRFDALG7PGXEGZMXMYI.jpg\" alt=\"\" class=\"wp-image-99485\" width=\"176\" height=\"150\" srcset=\"https:\/\/enolife.com.ar\/es\/wp-content\/uploads\/2023\/08\/UVYBRPYWRFDALG7PGXEGZMXMYI.jpg 469w, https:\/\/enolife.com.ar\/es\/wp-content\/uploads\/2023\/08\/UVYBRPYWRFDALG7PGXEGZMXMYI-300x256.jpg 300w\" sizes=\"auto, (max-width: 176px) 100vw, 176px\" \/><\/a><figcaption class=\"wp-element-caption\"><em><strong>Eduardo Sancho<\/strong><\/em><\/figcaption><\/figure><\/div>\n\n\n<p>A su turno, tambi\u00e9n en declaraciones a Radio Nihuil de Mendoza, el ex presidente de Fecovita, <strong>Eduardo Sancho,<\/strong> desdramatiz\u00f3 la situaci\u00f3n y consider\u00f3 que se trata de una \u00abdisputa comercial\u00bb. Relat\u00f3 que hasta que \u00e9l concluy\u00f3 su mandato a mediados de 2021, las relaciones con Iberte eran normales y correctas, comercialmente hablando. Y reconoci\u00f3 que la actual conducci\u00f3n de la Federaci\u00f3n de Cooperativas ha manejado bien el asunto y que los productores no tendr\u00edan de qu\u00e9 preocuparse porque la empresa segurir\u00e1 trabajando con normalidad.<\/p>\n\n\n\n<div style=\"height:24px\" aria-hidden=\"true\" class=\"wp-block-spacer\"><\/div>\n\n\n\n<p class=\"has-medium-font-size\"><strong>El origen del problema y la situaci\u00f3n actual de Fecovita<\/strong><\/p>\n\n\n\n<p>En el art\u00edculo de El Tiempo de San Juan, escrito por la periodista especializada <strong>Elizabeth P\u00e9rez<\/strong>, se hace un competo <em>raconto<\/em> del origen del problema y de la situaci\u00f3n financiera actual de Fecovita, p\u00e1rrafos que a continuaci\u00f3n reproducimos:<\/p>\n\n\n\n<p>\u00abLa bodega, due\u00f1a de la marca Toro, explic\u00f3 que le llama la atenci\u00f3n que Iberte, una empresa extranjera con sede en Eslovaquia, que no tiene un respaldo patrimonial acorde a sus pretensiones, y cuyos directivos son ex funcionarios, funcionarios y\/o empleados de entidades p\u00fablicas nacionales, pueda llevar a cabo estas demandas y realizar acciones ileg\u00edtimas a una empresa mendocina para cobrar deudas inexistente.<\/p>\n\n\n\n<div style=\"height:30px\" aria-hidden=\"true\" class=\"wp-block-spacer\"><\/div>\n\n\n<div class=\"wp-block-image\">\n<figure class=\"aligncenter size-full is-resized\"><a href=\"https:\/\/enolife.com.ar\/es\/wp-content\/uploads\/2023\/08\/marcas.jpg\" data-rel=\"penci-gallery-image-content\" ><img loading=\"lazy\" decoding=\"async\" src=\"https:\/\/enolife.com.ar\/es\/wp-content\/uploads\/2023\/08\/marcas.jpg\" alt=\"\" class=\"wp-image-99482\" width=\"653\" height=\"315\" srcset=\"https:\/\/enolife.com.ar\/es\/wp-content\/uploads\/2023\/08\/marcas.jpg 930w, https:\/\/enolife.com.ar\/es\/wp-content\/uploads\/2023\/08\/marcas-300x145.jpg 300w, https:\/\/enolife.com.ar\/es\/wp-content\/uploads\/2023\/08\/marcas-768x372.jpg 768w, https:\/\/enolife.com.ar\/es\/wp-content\/uploads\/2023\/08\/marcas-585x283.jpg 585w\" sizes=\"auto, (max-width: 653px) 100vw, 653px\" \/><\/a><figcaption class=\"wp-element-caption\"><em><strong>Algunas de las marcas de Fecovita<\/strong><\/em><\/figcaption><\/figure><\/div>\n\n\n<div style=\"height:30px\" aria-hidden=\"true\" class=\"wp-block-spacer\"><\/div>\n\n\n\n<p>\u00abPero, \u00bfqu\u00e9 llev\u00f3 a los socios a la actual pelea?\u00a0A principios de 2021 Fecovita e Iberte conformaron una sociedad llamada <strong>Exportadora Vitivin\u00edcola S.A. (Evisa),<\/strong> para exportar vino y mosto a <strong>Europa del Este<\/strong>. Luego se produjeron desencuentros cuando Iberte comenz\u00f3 a ofrecer el vino a clientes hist\u00f3ricos de Fecovita. Federici cont\u00f3 que por ese motivo se decidi\u00f3 disolver la sociedad en mayo de 2022 de mutuo acuerdo. &#8216;Fecovita cumpli\u00f3 hasta el notorio incumplimiento de Iberte, por lo que iniciamos reclamos por las v\u00edas judiciales correspondientes y en este momento el tema se encuentra en la justicia en los fueros civil y comercial, penal y concursal, tanto nacionales y como provinciales&#8217;.<\/p>\n\n\n\n<p>\u00abSeg\u00fan se inform\u00f3 oficialmente, la empresa reiter\u00f3 la confianza en la Mesa Directiva conformada el 1 de julio de 2022, apoyando el cambio iniciado en esa fecha por unanimidad. El balance sobre el ejercicio 2022 presentado en la \u00faltima Asamblea fue aprobado por todas las cooperativas miembros y el resultado del ejercicio fue positivo, al igual que los \u00faltimos 20 a\u00f1os. Adem\u00e1s, los ratios financieros fueron mejores a los del a\u00f1o pasado y los pagos de cr\u00e9ditos a los bancos se est\u00e1n cumpliendo en tiempo y forma. \u201cEn lo comercial, aumentamos nuestra participaci\u00f3n en el mercado interno en todas las categor\u00edas, principalmente en tetra y nuevos envases como bag in box y lata\u201d, dijo el vocero. Y agreg\u00f3 que en el mercado externo se encuentra en un crecimiento sostenido en Brasil y la Uni\u00f3n Europea, a la vez que se retomaron los acuerdos comerciales en M\u00e9xico que los han hecho crecer hasta 200%.<\/p>\n\n\n\n<div style=\"height:20px\" aria-hidden=\"true\" class=\"wp-block-spacer\"><\/div>\n\n\n\n<p class=\"has-small-font-size\"><em><strong>Fuentes: Fecovita, Radio Nihuil y El Tiempo de San Juan<\/strong><\/em><\/p>\n\n\n\n<div style=\"height:25px\" aria-hidden=\"true\" class=\"wp-block-spacer\"><\/div>\n","protected":false},"excerpt":{"rendered":"<p>Ante la preocupaci\u00f3n de vi\u00f1ateros y productores mendocinos y sanjuaninos asociados o vinculados con la&hellip;<\/p>\n","protected":false},"author":3,"featured_media":99488,"comment_status":"open","ping_status":"open","sticky":false,"template":"","format":"standard","meta":{"footnotes":""},"categories":[14],"tags":[],"class_list":["post-99465","post","type-post","status-publish","format-standard","has-post-thumbnail","hentry","category-news"],"_links":{"self":[{"href":"https:\/\/enolife.com.ar\/es\/wp-json\/wp\/v2\/posts\/99465","targetHints":{"allow":["GET"]}}],"collection":[{"href":"https:\/\/enolife.com.ar\/es\/wp-json\/wp\/v2\/posts"}],"about":[{"href":"https:\/\/enolife.com.ar\/es\/wp-json\/wp\/v2\/types\/post"}],"author":[{"embeddable":true,"href":"https:\/\/enolife.com.ar\/es\/wp-json\/wp\/v2\/users\/3"}],"replies":[{"embeddable":true,"href":"https:\/\/enolife.com.ar\/es\/wp-json\/wp\/v2\/comments?post=99465"}],"version-history":[{"count":0,"href":"https:\/\/enolife.com.ar\/es\/wp-json\/wp\/v2\/posts\/99465\/revisions"}],"wp:featuredmedia":[{"embeddable":true,"href":"https:\/\/enolife.com.ar\/es\/wp-json\/wp\/v2\/media\/99488"}],"wp:attachment":[{"href":"https:\/\/enolife.com.ar\/es\/wp-json\/wp\/v2\/media?parent=99465"}],"wp:term":[{"taxonomy":"category","embeddable":true,"href":"https:\/\/enolife.com.ar\/es\/wp-json\/wp\/v2\/categories?post=99465"},{"taxonomy":"post_tag","embeddable":true,"href":"https:\/\/enolife.com.ar\/es\/wp-json\/wp\/v2\/tags?post=99465"}],"curies":[{"name":"wp","href":"https:\/\/api.w.org\/{rel}","templated":true}]}}