{"id":98885,"date":"2023-08-04T23:36:13","date_gmt":"2023-08-04T23:36:13","guid":{"rendered":"https:\/\/enolife.com.ar\/es\/?p=98885"},"modified":"2023-08-07T19:45:08","modified_gmt":"2023-08-07T19:45:08","slug":"tango-por-los-caminos-del-vino-2023-hasta-el-25-8-pueden-inscribirse-musicos-bailarines-y-cantores","status":"publish","type":"post","link":"https:\/\/enolife.com.ar\/es\/tango-por-los-caminos-del-vino-2023-hasta-el-25-8-pueden-inscribirse-musicos-bailarines-y-cantores\/","title":{"rendered":"Tango por los Caminos del Vino 2023: hasta el 25\/8 pueden inscribirse m\u00fasicos, bailarines y cantores"},"content":{"rendered":"\n<h4 class=\"wp-block-heading\"><em><strong>Del \u00a017 al 19\u00a0de setiembre se llevar\u00e1 a cabo en Mendoza una nueva edici\u00f3n del Festival Tango por los Caminos del\u00a0Vino. Para seleccionar los participantes, el Ministerio de Cultura y Turismo de la provincia ya recibe las propuestas art\u00edsticas para las diferentes\u00a0presentaciones remuneradas en toda la provincia. Hay tiempo hasta el 25 de agosto para postularse.<\/strong><\/em><\/h4>\n\n\n\n<div style=\"height:35px\" aria-hidden=\"true\" class=\"wp-block-spacer\"><\/div>\n\n\n<a href=\"https:\/\/www.irrigacion.gov.ar\/web\/\" aria-label=\"irrigaci\u00f3n-1700X500\"><img loading=\"lazy\" decoding=\"async\" src=\"https:\/\/enolife.com.ar\/es\/wp-content\/uploads\/2021\/02\/irrigacion-1700X500.gif\" alt=\"\"  width=\"1700\" height=\"500\"   \/><\/a>\n\n\n<div style=\"height:45px\" aria-hidden=\"true\" class=\"wp-block-spacer\"><\/div>\n\n\n\n<p>El Festival Tango por los Caminos del Vino goza de un bien ganado prestigio nacional e internacional. Sus objetivos son contribuir a la promoci\u00f3n y difusi\u00f3n del tango, su m\u00fasica y su danza y, obviamente, ampliar la oferta enotur\u00edstica para los visitantes de Mendoza.<\/p>\n\n\n\n<p>El llamado a concurso, que estar\u00e1 abierto hasta el 25\/8, est\u00e1 destinado a bailarines, cantantes, m\u00fasicos solistas y grupos u orquestas de c\u00e1mara, dentro del estilo tango. Todos los participantes deber\u00e1n ser mayores de 18 a\u00f1os, con residencia en la provincia de Mendoza.<\/p>\n\n\n\n<p>Al respecto, la ministra de Cultura y Turismo, <strong>Nora Vicario<\/strong>, destac\u00f3: <em>\u201cTango por los Caminos del Vino es uno de los festivales m\u00e1s convocantes de la provincia, elegido por mendocinos y turistas. Se ha posicionado en el cronograma cultural de la Argentina y del extranjero. Es por esto que invitamos a nuestros artistas a ser parte de esta propuesta que combina el vino, la danza, la m\u00fasica en vivo y los impactantes paisajes de nuestra provincia. Sin dudas, para quienes la vivan, ser\u00e1 una experiencia inolvidable\u201d.<\/em><\/p>\n\n\n\n<p>Es importante destacar que este encuentro tur\u00edstico-cultural coincide con las fechas patrias chilenas, con su centro de festejos el 18 de setiembre, en la \u00e9poca en la que los turistas del pa\u00eds vecino buscan venir a realizar compras, disfrutar experiencias gastron\u00f3micas, recorrer bodegas y asistir a espect\u00e1culos de tango, siendo estos productos identitarios. Hay que destacar que el tango es un g\u00e9nero que, a partir de la riqueza particular de sus diversas expresiones es considerado, desde 2009, como <strong>Patrimonio Cultural Inmaterial de la Humanidad.<\/strong><\/p>\n\n\n\n<div style=\"height:32px\" aria-hidden=\"true\" class=\"wp-block-spacer\"><\/div>\n\n\n\n<p class=\"has-medium-font-size\"><strong>Qui\u00e9nes se pueden postular y con qu\u00e9 requisitos<\/strong><\/p>\n\n\n\n<p>El llamado a concurso est\u00e1 destinado a <strong>bailarines, cantantes, m\u00fasicos solistas y grupos u orquestas de c\u00e1mara, dentro del estilo tango. <\/strong>Todos los participantes deber\u00e1n ser <strong>mayores de 18 a\u00f1os<\/strong>, con residencia en la provincia de <strong>Mendoza.<\/strong><\/p>\n\n\n\n<p>Las personas interesadas que presenten propuestas para la selecci\u00f3n de n\u00fameros musicales, tendr\u00e1n que ser grupos u orquestas, en todos los casos con <strong>m\u00fasica en vivo.<\/strong> Las propuestas deben ser integradas por <strong>d\u00faos, tr\u00edos, cuartetos, quintetos y sextetos. <\/strong>Los m\u00fasicos integrantes de las distintas formaciones s\u00f3lo pueden participar en dos propuestas o ensambles.<\/p>\n\n\n\n<p>La convocatoria tambi\u00e9n est\u00e1 abierta para bailarines en el formato <strong>parejas de tango solistas<\/strong>. Los bailarines integrantes de las distintas parejas s\u00f3lo pueden participar en dos propuestas.<\/p>\n\n\n\n<p>El jurado evaluador de las propuestas presentadas estar\u00e1 integrado por <strong>Luciana Scherbosky,<\/strong> representante&nbsp;del MIM (Movimiento de M\u00fasicos Independientes); <strong>Beatriz Griselda Zalazar,<\/strong> representante de <strong>Asociaci\u00f3n M\u00fasicos de Cuyo de Mendoza<\/strong> y&nbsp;<strong>Marta&nbsp;Morel<\/strong>, representante de las Asociaciones de Danza de la Provincia de Mendoza.<\/p>\n\n\n\n<p>Los interesados en presentar sus propuestas podr\u00e1n <strong>inscribirse hasta el 25 de agosto<\/strong>.<\/p>\n\n\n\n<p class=\"has-background\" style=\"background-color:#abb7c24f\"><strong>Para consultar las bases, haga click\u00a0<a href=\"https:\/\/www.mendoza.gov.ar\/wp-content\/uploads\/sites\/17\/2023\/08\/Bases-Tango-por-los-Caminos-del-Vino-2023.pdf\" target=\"_blank\" rel=\"noreferrer noopener\">aqu\u00ed<\/a><\/strong> &#8211; <strong>Para acceder al formulario de inscripci\u00f3n, haga click\u00a0<a href=\"https:\/\/ticketsform.mendoza.gov.ar\/ticketsform\/com.tickets.responderformulario?TANGO_POR_LOS_CAMINOS_DEL_VINO_2023\" target=\"_blank\" rel=\"noreferrer noopener\">aqu\u00ed<\/a>.<\/strong><\/p>\n\n\n\n<div style=\"height:24px\" aria-hidden=\"true\" class=\"wp-block-spacer\"><\/div>\n\n\n\n<p class=\"has-small-font-size\"><em><strong>Fuente: Gobierno de Mendoza<\/strong><\/em><\/p>\n\n\n\n<div style=\"height:21px\" aria-hidden=\"true\" class=\"wp-block-spacer\"><\/div>\n","protected":false},"excerpt":{"rendered":"<p>Del \u00a017 al 19\u00a0de setiembre se llevar\u00e1 a cabo en Mendoza una nueva edici\u00f3n del&hellip;<\/p>\n","protected":false},"author":3,"featured_media":98911,"comment_status":"open","ping_status":"open","sticky":false,"template":"","format":"standard","meta":{"footnotes":""},"categories":[14],"tags":[],"class_list":["post-98885","post","type-post","status-publish","format-standard","has-post-thumbnail","hentry","category-news"],"_links":{"self":[{"href":"https:\/\/enolife.com.ar\/es\/wp-json\/wp\/v2\/posts\/98885","targetHints":{"allow":["GET"]}}],"collection":[{"href":"https:\/\/enolife.com.ar\/es\/wp-json\/wp\/v2\/posts"}],"about":[{"href":"https:\/\/enolife.com.ar\/es\/wp-json\/wp\/v2\/types\/post"}],"author":[{"embeddable":true,"href":"https:\/\/enolife.com.ar\/es\/wp-json\/wp\/v2\/users\/3"}],"replies":[{"embeddable":true,"href":"https:\/\/enolife.com.ar\/es\/wp-json\/wp\/v2\/comments?post=98885"}],"version-history":[{"count":0,"href":"https:\/\/enolife.com.ar\/es\/wp-json\/wp\/v2\/posts\/98885\/revisions"}],"wp:featuredmedia":[{"embeddable":true,"href":"https:\/\/enolife.com.ar\/es\/wp-json\/wp\/v2\/media\/98911"}],"wp:attachment":[{"href":"https:\/\/enolife.com.ar\/es\/wp-json\/wp\/v2\/media?parent=98885"}],"wp:term":[{"taxonomy":"category","embeddable":true,"href":"https:\/\/enolife.com.ar\/es\/wp-json\/wp\/v2\/categories?post=98885"},{"taxonomy":"post_tag","embeddable":true,"href":"https:\/\/enolife.com.ar\/es\/wp-json\/wp\/v2\/tags?post=98885"}],"curies":[{"name":"wp","href":"https:\/\/api.w.org\/{rel}","templated":true}]}}