{"id":98804,"date":"2023-08-04T15:12:45","date_gmt":"2023-08-04T15:12:45","guid":{"rendered":"https:\/\/enolife.com.ar\/es\/?p=98804"},"modified":"2023-08-07T20:05:09","modified_gmt":"2023-08-07T20:05:09","slug":"como-adaptar-la-vitivinicultura-al-cambio-climatico-foco-de-una-cumbre-cientifica-en-nueva-york","status":"publish","type":"post","link":"https:\/\/enolife.com.ar\/es\/como-adaptar-la-vitivinicultura-al-cambio-climatico-foco-de-una-cumbre-cientifica-en-nueva-york\/","title":{"rendered":"C\u00f3mo adaptar la vitivinicultura al cambio clim\u00e1tico, foco de una cumbre cient\u00edfica en Nueva York"},"content":{"rendered":"\n<h4 class=\"wp-block-heading\"><em><strong>El Grupo de Expertos Internacionales en Sistemas Vitivin\u00edcolas para la Cooperaci\u00f3n (Giesco), integrado por reconocidas personalidades de la comunidad cient\u00edfica y profesionales del mundo vitivin\u00edcola, se reuni\u00f3 entre el 17 y el 21 de julio de 2023 en la Universidad de Cornell, Ithaca, Nueva York, para discutir los avances de la investigaci\u00f3n en el campo del vino. Esta conferencia, que ya va por su edici\u00f3n 22 y cuenta con el patrocinio de la Organizaci\u00f3n Internacional de la Vid y el Vino (OIV), en 2017 se realiz\u00f3 en Mendoza, Argentina. En esta ocasi\u00f3n, bajo el parag\u00fcas de la tem\u00e1tica general  \u00abGermoplasma diverso y tecnolog\u00edas de precisi\u00f3n para climas variados y cambiantes\u00bb, se presentaron y debatieron 86 trabajos de jovenes investigadores, centrados, en su mayor\u00eda, en c\u00f3mo adaptar la vitivinicultura a las nuevas condiciones ambientales que va provocando el cambio clim\u00e1tico.<\/strong><\/em><\/h4>\n\n\n\n<div style=\"height:35px\" aria-hidden=\"true\" class=\"wp-block-spacer\"><\/div>\n\n\n<a href=\"https:\/\/www.linkedin.com\/company\/agrinet-sa\/?originalSubdomain=ar\" aria-label=\"1700X500\"><img loading=\"lazy\" decoding=\"async\" src=\"https:\/\/enolife.com.ar\/es\/wp-content\/uploads\/2021\/11\/1700X500.gif\" alt=\"\"  width=\"1700\" height=\"500\"   \/><\/a>\n\n\n<div style=\"height:45px\" aria-hidden=\"true\" class=\"wp-block-spacer\"><\/div>\n\n\n\n<p>La reuni\u00f3n del <strong>Giesco<\/strong> -que en 2017 se realiz\u00f3 en <strong>Mendoza, Argentina<\/strong>&#8211; es un encuentro internacional cuyo objetivo es compartir las \u00faltimas investigaciones, desarrollo de tecnolog\u00eda e innovaciones en temas relacionados con la uva y con los productos finales a los cuales se destina: vino, uvas para consumo en fresco, pasa de uva, jugo, mosto concentrado y otros.&nbsp;<\/p>\n\n\n\n<p>Est\u00e1 destinado a investigadores j\u00f3venes y estudiantes de postgrado, quienes tienen la oportunidad de presentar los avances y resultados de sus proyectos de investigaci\u00f3n e intercambiar conocimientos con pares de otros pa\u00edses. Adem\u00e1s estas reuniones contribuyen a profesionales de la producci\u00f3n y la agroindustria que asisten buscando informaci\u00f3n cr\u00edtica y clara para utilizarla como soporte a la toma de decisiones sobre estrategias y pr\u00e1cticas que conducen a una viticultura sostenible.<\/p>\n\n\n\n<p>Este a\u00f1o, la 22\u00aa edici\u00f3n se llev\u00f3 a cabo en la <strong>Universidad de Cornell, en Ithaca, Nueva York del 17 al 21\/7, <\/strong>bajo el patrocinio de la <strong>OIV<\/strong>, entidad que adopt\u00f3 en 2003 una resoluci\u00f3n para establecer una coordinaci\u00f3n activa entre los grupos de expertos de la organizaci\u00f3n Giesco y otras organizaciones internacionales. <\/p>\n\n\n\n<p>Como representante de la OIV, el jefe de la unidad de viticultura de la OIV, <strong>Enrico Battiston<\/strong>, dijo en su discurso: \u201c<em>No hay duda de que al compartir nuestros respectivos enfoques, no solo estamos catalizando ideas f\u00e9rtiles para el sector vitivin\u00edcola, sino que tambi\u00e9n tambi\u00e9n est\u00e1n acercando los avances internacionales, al impulsar las estrategias colectivas que, ahora m\u00e1s que nunca, son cruciales para enfrentar importantes desaf\u00edos\u201d.<\/em><\/p>\n\n\n\n<p>La jornada finaliz\u00f3 con la participaci\u00f3n de 230 expertos internacionales, 86 comunicaciones orales y 85 posters cient\u00edficos presentados.<\/p>\n\n\n\n<p>Algunos de los temas de las investigaciones presentadas durante la conferencia fueron: <strong>Adaptaci\u00f3n al cambio clim\u00e1tico<\/strong>, <strong>La carta EcoMetaEthical de Giesco<\/strong>, <strong>Nuevas variedades tolerantes a enfermedades, Respuesta de la vid al estr\u00e9s abi\u00f3tico y bi\u00f3tico<\/strong>, <strong>Viticultura sostenible<\/strong>, <strong>Viticultura digital<\/strong>, <strong>de precisi\u00f3n y mec\u00e1nica <\/strong>e<strong> Innovaciones en el manejo de la vid y el suelo.<\/strong><\/p>\n\n\n\n<div style=\"height:30px\" aria-hidden=\"true\" class=\"wp-block-spacer\"><\/div>\n\n\n<div class=\"wp-block-image\">\n<figure class=\"aligncenter size-large is-resized\"><a href=\"https:\/\/enolife.com.ar\/es\/wp-content\/uploads\/2023\/08\/F1UEAtyWcAEtdf9.jpg\" data-rel=\"penci-gallery-image-content\" ><img loading=\"lazy\" decoding=\"async\" src=\"https:\/\/enolife.com.ar\/es\/wp-content\/uploads\/2023\/08\/F1UEAtyWcAEtdf9-1024x489.jpg\" alt=\"\" class=\"wp-image-98882\" width=\"658\" height=\"314\" srcset=\"https:\/\/enolife.com.ar\/es\/wp-content\/uploads\/2023\/08\/F1UEAtyWcAEtdf9-1024x489.jpg 1024w, https:\/\/enolife.com.ar\/es\/wp-content\/uploads\/2023\/08\/F1UEAtyWcAEtdf9-300x143.jpg 300w, https:\/\/enolife.com.ar\/es\/wp-content\/uploads\/2023\/08\/F1UEAtyWcAEtdf9-768x367.jpg 768w, https:\/\/enolife.com.ar\/es\/wp-content\/uploads\/2023\/08\/F1UEAtyWcAEtdf9-1536x734.jpg 1536w, https:\/\/enolife.com.ar\/es\/wp-content\/uploads\/2023\/08\/F1UEAtyWcAEtdf9-2048x979.jpg 2048w, https:\/\/enolife.com.ar\/es\/wp-content\/uploads\/2023\/08\/F1UEAtyWcAEtdf9-1170x559.jpg 1170w, https:\/\/enolife.com.ar\/es\/wp-content\/uploads\/2023\/08\/F1UEAtyWcAEtdf9-585x280.jpg 585w\" sizes=\"auto, (max-width: 658px) 100vw, 658px\" \/><\/a><\/figure><\/div>\n\n\n<div style=\"height:35px\" aria-hidden=\"true\" class=\"wp-block-spacer\"><\/div>\n\n\n\n<p class=\"has-medium-font-size\"><strong>Las 86 investigaciones presentadas<\/strong><\/p>\n\n\n\n<p><strong>Avances recientes en nuestra comprensi\u00f3n del impacto del cambio clim\u00e1tico en la producci\u00f3n de uva para vino: <\/strong>Nathalie OLLAT, Elisa MARGUERIT, Chlo\u00e9 DELMAS, Fatma OUAKED-LECOURIEUX, Ghislaine HILBERT-MASSON, Eric GOMES, Inaki GARCIA de CORTAZAR-ATAURI, Agn\u00e8s DESTRAC, Laure de RESSEGUIER, Philipe PIERI, Benjamin BOIS, S\u00e9bastien ZITO, Gregory GAMBETTA, Cornelis VAN LEEUWEN<\/p>\n\n\n\n<p><strong>Impactos proyectados del cambio clim\u00e1tico en la viticultura en las regiones vin\u00edcolas de Francia utilizando datos de modelos m\u00faltiples CMIP reducidos: <\/strong>S\u00e9bastien ZITO, Julien PERGAUD, Yves RICHARD, Thierry CASTEL, Renan LEROUX, I\u00f1aki GARCIA DE CORTAZAR-ATAURI, Herv\u00e9 QUENOL, Benjamin BOIS<\/p>\n\n\n\n<p><strong>Proyecciones a escala fina del clima futuro en los vi\u00f1edos del sur de Uruguay: <\/strong>Renan LE ROUX, Mercedes FOURMENT, Ramiro TACHINI, Mathias ROUAN, Cyril TISSOT y Herv\u00e9 QUENOL<\/p>\n\n\n\n<p><strong>La altitud del vi\u00f1edo como estrategia de adaptaci\u00f3n al cambio clim\u00e1tico y su efecto sobre el Riesling: <\/strong>J. M. GAMBETTA*, B. Holzapfel, L. M. Schmidtke, A. Hall, J. Blackman<\/p>\n\n\n\n<p><strong>Aplicaciones de una nueva escala de fenolog\u00eda molecular para alinear las etapas del desarrollo de la uva: <\/strong>Giovanni Battista TORNIELLI, Sara ZENONI, Marco SANDRI, Paola ZUCCOLOTTO, Marianna FASOLI<\/p>\n\n\n\n<p><strong>Impacto de las olas de calor en la fisiolog\u00eda de la vid, la qu\u00edmica de las bayas y la calidad del vino: <\/strong>Elisabeth FORRESTEL, Martina GALEANO, James CAMPBELL, Sophia BAGSHAW, Morgan FURZE, Luis Sanchez, Nick DOKOOZLIAN, Annegret CANTU, Andrew GAL, Mallika NOCCO, Andrew McELRONE<\/p>\n\n\n\n<p><strong>Comprender el impacto del cambio clim\u00e1tico en las concentraciones de antocianinas en el Cabernet Sauvignon del Valle de Napa:<\/strong> James CAMPBELL, Paige BREEN, Kayla ELMENDORF, Thibaut SCHOLASCH, James KENNEDY, Elisabeth FORRESTEL<\/p>\n\n\n\n<p><strong>Un modelo operativo para capturar la din\u00e1mica de maduraci\u00f3n de la uva para apoyar las decisiones de cosecha: <\/strong>C. VAN LEEUWEN*, A. Destrac Irvine, M. Gowdy, L. Farris, P. Pieri, L. Marolleau y G. Gambetta<\/p>\n\n\n\n<p><strong>El impacto del retraso en la brotaci\u00f3n de la vid en los compuestos sensoriales del vino en condiciones clim\u00e1ticas variables:<\/strong> Meredith PERSICO\u2020, Donald SMITH, Maria SMITH, Helene HOPFER, Michela CENTINARI*<\/p>\n\n\n\n<p><strong>Manejo del estado h\u00eddrico en vi\u00f1edos, meta-an\u00e1lisis de sus efectos en el rendimiento y composici\u00f3n de la uva: <\/strong>D. URIARTE, J.M. MIR\u00c1S-AVALOS, I. BUESA, J.J. CANCELA, J.L. CHAC\u00d3N, J.M. ESCALONA, D.S. INTRIGLIOLO, M. LAMPREAVE, A. MONTORO, L. RIVACOBA, F. VISCONTI, J. YUSTE0, L.G. SANTESTEBAN, C. MIRANDA*<\/p>\n\n\n\n<p><strong>Respuestas fisiol\u00f3gicas de vides carmes\u00ed sin semillas (vitis vinifera) a condiciones microclim\u00e1ticas alteradas y diferentes tratamientos de agua en el valle del r\u00edo Breede de Sud\u00e1frica:<\/strong> J. STRYDOM*, C.G. VOLSCHENK, M. VAN DER RIJST, L. DE PALMA, V. NOVELLO, R. Di LORENZO, A. PISCIOTTA, J.J. CAZADOR<\/p>\n\n\n\n<p><strong>Reexamen y metan\u00e1lisis de investigaciones previas como herramienta para evaluar la idoneidad de los portainjertos en la adaptaci\u00f3n al cambio clim\u00e1tico global, un caso de estudio de la viticultura espa\u00f1ola: <\/strong>Luis Gonzaga SANTESTEBAN, Isabel REKALDE, Nazareth TORRES , M\u00f3nica GALAR, Ana VILLA-LLOP, Fernando VISCONTI, Carlos MIRANDA<\/p>\n\n\n\n<p><strong>Epigen\u00e9tica, una palanca innovadora para el mejoramiento de la vid en tiempos de cambio clim\u00e1tico: <\/strong>Margot Berger , Bernadette Rubio , Linda Stammitti , Erna Blancquaert , Natalia Carrillo Emeline Teyssier, Philippe GALLUSCI *<\/p>\n\n\n\n<p><strong>Comparaci\u00f3n de la interacci\u00f3n genotipo x ambiente de materiales seleccionados de vid clonales y policlonales: <\/strong>Elsa GON\u00c7ALVES*, Antero MARTINS<\/p>\n\n\n\n<p><strong>Tolerancia a la sequ\u00eda de variedades en zonas semi\u00e1ridas \u00bfPodr\u00edan las variedades gen\u00e9ticamente relacionadas comportarse mejor que la propia Tempranillo?:<\/strong> A. Sergio SERRANO,*, J. Luis CHAC\u00d3N, Jes\u00fas MART\u00cdNEZ, M. Dolores CARMONA, Adela MENA, P. Miguel IZQUIERDO, Cristina CEBRI\u00c1N y Gonzalo L. ALONSO<\/p>\n\n\n\n<p><strong>Diversidad intravarietal, una oportunidad para la adaptaci\u00f3n al cambio clim\u00e1tico: <\/strong>Victoria SICHEL, Gautier SARAH, Loic LE CUNFF, Patrice ESTE, Thierry LACOMBE, Charles ROMIEU<\/p>\n\n\n\n<p><strong>Identificar los mejores par\u00e1metros para caracterizar la capacidad de los genotipos de retener \u00e1cido m\u00e1lico adecuado en la cosecha y en los vinos finales:<\/strong> Tommaso FRIONI, Riccardo COLLIVASONE, Silvia PAGANI, Ginevra CANAVERA, Matteo GATTI, Mario GABRIELLI, Stefano PONI<\/p>\n\n\n\n<p><strong>Los par\u00e1metros vit\u00edcolas y el rendimiento enol\u00f3gico se vieron afectados por el factor gen\u00e9tico de seis clones de Merlot en dos cosechas contrastantes: <\/strong>Giuliano E. PEREIRA, Juliane B. de OLIVEIRAI, Leo D. H. C. S. CONCEI\u00c7\u00c3O, Mauro C. ZANUS, Adeliano CARGNIN, Gabriela SPEROTTO, and Jorge R. DUCATI<\/p>\n\n\n\n<p><strong>Primeros conocimientos sobre la diversidad intraespec\u00edfica en V. berlandieri, adaptaci\u00f3n ambiental y desempe\u00f1o agron\u00f3mico cuando se usa como patr\u00f3n:<\/strong> Louis BLOIS, Marina de Miguel, Pierre-Fran\u00e7ois Bert, Nabil Girollet, Nathalie Ollat, Bernadette Rubio, Vincent Segura, Kai P. Voss-Fels, Joachim Schmid, Elisa Marguerit<\/p>\n\n\n\n<p><strong>Disecci\u00f3n de los reguladores de la maduraci\u00f3n del fruto de la vid: <\/strong>Stefania SAVOI, Laurent. TORREGROSA, Charles ROMIEU<\/p>\n\n\n\n<p><strong>Agrupaci\u00f3n de la composici\u00f3n arom\u00e1tica del vino de las variedades de vid Vitis vinifera: <\/strong><br>Marc PLANTEVIN, C\u00e9cile THIBON, Philippe DARRIET, Georgia LYTRA, Jean-Christophe BARBE, Justine GARBAY, Julien LECOURT, Cornelis van LEEUWEN<\/p>\n\n\n\n<p><strong>Descubrimiento de la efectividad de las t\u00e9cnicas de vi\u00f1edo utilizadas para retrasar la maduraci\u00f3n a trav\u00e9s del metan\u00e1lisis: <\/strong>Pietro PREVITALI, Filippo GIORGINI, Randal MULLEN, Nick DOKOOZLIAN, Kerry WILKINSON, Christopher FORD<\/p>\n\n\n\n<p><strong>Mejoramiento de vides para tolerancia a enfermedades y bajas temperaturas, la perspectiva de EE. UU.: <\/strong>Bruce REISCH, Tim MARTINSON, Lance CADLE-DAVIDSON, Matthew CLARK, M. Andrew WALKER<\/p>\n\n\n\n<p><strong>C\u00f3mo lidiar con el Green Deal, variedades de vid resistentes para reducir el uso de pesticidas en la UE: <\/strong>Oliver TRAPP, Komlan Avia, Rudolf Eibach, Reinhard T\u00f6pfer<\/p>\n\n\n\n<p><strong>\u00bfEstable o din\u00e1mico? \u00bfC\u00f3mo la plasticidad fenot\u00edpica podr\u00eda ser clave para seleccionar para la adaptaci\u00f3n de la vid?: <\/strong>Elisa MARGUERIT, Louis BLOIS,Marine MOREL, Mathieu LARREY, Jean-Pascal TANDONNET,Philippe VIVIN, Gregory GAMBETTA, Nathalie OLLAT, Sarah Jane COOKSON, Jean-Marc GION<\/p>\n\n\n\n<p><strong>Las verdaderas uvas agrias, Loci gen\u00e9ticos, genes y cambios metab\u00f3licos asociados con los niveles de malato de uva: <\/strong>Noam RESHEF, Avinash Karn, Noga Sikron, Al Shoffe Y, David C. Manns, Anna Katharine Mansfield, Bill Miller, Chris Watkins, Lance Cadle-Davidson, Bruce Reisch, Aaron Fait, Jason Londo y Gavin L. Sacks<\/p>\n\n\n\n<p><strong>Implementaci\u00f3n de nuevas herramientas para reducir la duraci\u00f3n del proceso de mejoramiento de la vid, experiencia Mercier: <\/strong>Camille MIETTON*, Olivier ZEKRI, Faustine MARTINEZ, Pierre VIDEAU, G. MERCIER<\/p>\n\n\n\n<p><strong>El programa franc\u00e9s de mejora de la vid RESDUR, estado del arte y perspectivas: <\/strong>Komlan AVIA*, Christophe SCHNEIDER, Christine ONIMUS, Guillaume ARNOLD, Vincent DUMAS, Aur\u00e9lie UMAR-FARUK, Gis\u00e8le BUTTERLIN, Marie-Annick DORNE, Anne ALAIS, Nathalie JAEGLI, Marie-C\u00e9line LACOMBE, Marie-Christine PIRON, Emilce PRADO, Sabine WIEDEMANN -MERDINOGLU, Pere MESTRE, \u00c9ric DUCH\u00caNE, Didier MERDINOGLU<\/p>\n\n\n\n<p><strong>Respuesta de nuevas variedades de vid resistentes a enfermedades a la sequ\u00eda en un clima semi\u00e1rido: <\/strong>Luciana WILHELM DE ALMEIDA, Anne PELLEGRINO, B\u00e9n\u00e9dicte FONTEZ, Laurent TORREGROSA, , Hern\u00e1n OJEDA<\/p>\n\n\n\n<p><strong>El programa de mejoramiento de vid de la FEM, nuevas variedades registradas (media-)resistentes a las principales ampelopat\u00edas:<\/strong> Silvia VEZZULLI<\/p>\n\n\n\n<p><strong>Trastorno del crecimiento del tallo y modificaciones de la anatom\u00eda del xilema durante la patog\u00e9nesis de la esca en vides: <\/strong>Ninon DELL&#8217;ACQUA, Gregory A. GAMBETTA, Nathalie FERRER, Pauline THEODORE, Chlo\u00e9 E. L. DELMAS<\/p>\n\n\n\n<p><strong>Respuestas de la vid a la enfermedad de la mancha roja, una perspectiva estructural-funcional del desarrollo de la sintomatolog\u00eda y la calidad de la fruta: <\/strong>Bhaskar BONDADA, Bailey HALLWACHS, Marc FUCHS, Sadanand DHEKNEY, Benham KHATABI, Alexander LEVIN, Patricia SKINKIS<\/p>\n\n\n\n<p><strong>Evaluaci\u00f3n de la implicaci\u00f3n de infecciones virales secundarias en el \u00e9xito de injertos en viveros: <\/strong>Ana VILLA-LLOP,*, Luis Gonzaga SANTESTEBAN, Sara CRESPO-MART\u00cdNEZ<\/p>\n\n\n\n<p><strong>Los rasgos anat\u00f3micos del floema predicen las tasas m\u00e1ximas de acumulaci\u00f3n de az\u00facar: <\/strong>Megan BARTLETT, Ryan STANFIELD, Sophia BAGSHAW, Kayla ELMENDORF, Elisabeth FORRESTEL<\/p>\n\n\n\n<p><strong>T\u00e9cnicas para estudiar la formaci\u00f3n de uni\u00f3n de injertos en vid:<\/strong> M. CAMBOUE, G. Loupit, A. Janoueix, J.-P. Tandonnet, M. Morel, E. Marguerit, F. Cordeli\u00e8res, J. Teillon, C. Moisy, G. Mathieu, A.-S. Spilmont, S. J. Cookson*<\/p>\n\n\n\n<p><strong>Comprender la complejidad de la fisiolog\u00eda invernal de la vid frente al cambio clim\u00e1tico: <\/strong>Jason LONDO*, Hongrui WANG, Al KOVALESKI, Tim MARTINSON, Bruce REISCH<\/p>\n\n\n\n<p><strong>Relaciones entre sensibilidad a altas temperaturas, conductancia estom\u00e1tica y arquitectura vegetativa en un conjunto de variedades de vid:<\/strong> Mathilde MILLAN, Aude COUPEL-LEDRU, Romain BOULORD, St\u00e9phane BERTH\u00c9Z\u00c8NE, Ang\u00e9lique CHRISTOPHE, Thierry SIMONNEAU, Beno\u00eet PALLAS<\/p>\n\n\n\n<p><strong>Un estudio comparativo sobre las respuestas fisiol\u00f3gicas a la sequ\u00eda en especies de vitis silvestres: <\/strong>Miriam KALTENBACH, Mina MOMAYYEZI, Andrew J. MCELRONE, Elisabeth J FORRESTEL<\/p>\n\n\n\n<p><strong>Efecto acumulativo (a\u00f1os) del riego deficitario en dos importantes cultivares de la regi\u00f3n del Duero, Portugal: <\/strong>In\u00eas L. CABRAL, Ant\u00f3nio TEIXEIRA, Tiago NOGUEIRA, Susana M.P. CARVALHO, Hern\u00e2ni GER\u00d3S, Jorge QUEIROZ*<\/p>\n\n\n\n<p><strong>Respuesta del Albari\u00f1o a las condiciones ambientales locales en Uruguay:<\/strong> Mercedes FOURMENT*, Ramiro TACHINI, Pablo GONZALEZ-BARROS, Paulina SIRI, Val\u00e9rie BONNARDOT Herv\u00e9 QUENOL, Milka FERRER<\/p>\n\n\n\n<p><strong>El comportamiento iso-\/anisoh\u00eddrico en las uvas para vino puede deberse a la humedad del suelo: <\/strong>Charles OBIERO*, Markus KELLER<\/p>\n\n\n\n<p><strong>Los genes clave en la bios\u00edntesis de la rotundona se ven afectados por la temperatura, la luz, el suministro de agua y la absorci\u00f3n de nitr\u00f3geno:<\/strong> Thomas BAERENZUNG dit BARON, Jean-Pierre PETIT, Alban JACQUES, Valerie SIMON, Olivier GEFFROY<\/p>\n\n\n\n<p><strong>Avances metodol\u00f3gicos en la relaci\u00f3n de la actividad radicular profunda con la fisiolog\u00eda de la vid completa: <\/strong>Suzanne FLEISHMAN, David EISSENSTAT, Melanie MASSONNET, Dario Cant\u00fa, Michela Centinari<\/p>\n\n\n\n<p><strong>Doble \u00e9xito de combinar gesti\u00f3n t\u00e9cnica con bajos aportes de pesticidas en el vi\u00f1edo para obtener vinos DOP en Francia:<\/strong> Mar\u00eda THILLOT-SCHOLTUS<\/p>\n\n\n\n<p><strong>\u00bfSon razonables y alcanzables los objetivos de la estrategia de la granja a la mesa? Estado del arte de los viticultores de la Pen\u00ednsula de Set\u00fabal: <\/strong>Miguel CACHAO, Ana Chambel, S\u00e9rgio Pinto<\/p>\n\n\n\n<p><strong>Metaan\u00e1lisis del impacto ecol\u00f3gico de las pr\u00e1cticas vitivin\u00edcolas en la biodiversidad del suelo: <\/strong>Batalla KARIMI, Jean-Yves CAHUREL, Laure GONTIER*, Laurent CHARLIER, Marc CHOVELON, H\u00e9lo\u00efse MAHE, Lionel RANJARD<\/p>\n\n\n\n<p><strong>Avances recientes en la medici\u00f3n, estimaci\u00f3n y pron\u00f3stico del rendimiento y la calidad de la vid: <\/strong>J. Mason EARLES*, Brent SAMS<\/p>\n\n\n\n<p><strong>Evaluaci\u00f3n del estr\u00e9s h\u00eddrico de Grapevine a trav\u00e9s de im\u00e1genes hiperespectrales y fusi\u00f3n de datos: <\/strong>Chenchen KANG, Geraldine Diverres, Manoj Karkee, Qin Zhang, Markus Keller<\/p>\n\n\n\n<p><strong>Evaluaci\u00f3n y mapeo de la variabilidad del estado del agua del vi\u00f1edo usando un espectrofot\u00f3metro NIR miniaturizado desde un veh\u00edculo en movimiento: <\/strong>Mar\u00eda Paz DIAGO*, Wenchao SHENG, Ignacio BARRIO, Fernando RUBIO-ORDOYO, Juan FERNANDEZ-NOVALES,<\/p>\n\n\n\n<p><strong>Recuperaci\u00f3n de nitr\u00f3geno de la vid mediante detecci\u00f3n hiperespectral a nivel de hoja y dosel: <\/strong>Yuto Kamiya, Alireza Pourreza*, Sirapoom Peanusaha, Matthew W. FIDELIBUS<\/p>\n\n\n\n<p><strong>Termograf\u00eda activa para determinar la mortalidad de las yemas de las uvas, dise\u00f1o y viabilidad del sistema: <\/strong>Guangxun ZHAI, Justine VANDEN HEUVEL, Steven LERCH, Yu JIANG<\/p>\n\n\n\n<p><strong>Nuevos protocolos para el manejo de vi\u00f1edos a tasa variable: <\/strong>Matteo GATTI, Tommaso FRIONI, Stefano PONI<\/p>\n\n\n\n<p><strong>Dise\u00f1o y gesti\u00f3n de un vi\u00f1edo sostenible en un escenario de cambio clim\u00e1tico:<\/strong> Stefano PONI, Tommaso FRIONI, Matteo GATTI<\/p>\n\n\n\n<p><strong>Identificaci\u00f3n de especies de hongos micorr\u00edzicos arbusculares preferentemente asociados a ra\u00edces de vid inoculadas con bioinoculantes comerciales: <\/strong>Mariam BERDEJA , Nicole REYNOLDS, Teresa PAWLOWSKA, Justine VANDEN HEUVEL<\/p>\n\n\n\n<p><strong>Impacto del manejo en la salud del suelo del vi\u00f1edo y la sostenibilidad de la salud del suelo:<\/strong> Cristina LAZCANO, Charlotte DECOCK, Kerri STEENWERTH, Mallika NOCCO, Amelie GAUDIN, Elisabeth FORRESTEL, Patricia SKINKIS, Kristopher COVEY, Mark BATTANY8, Ellen BRUNO9, Noelymar GONZALEZ- ALDONADO, Corinne BUTLER, Connie T.F. WONG, Amanda RODR\u00cdGUEZ, Axel M HERRERA, Imane SLIMANI<\/p>\n\n\n\n<p><strong>La intensidad del manejo del suelo del vi\u00f1edo afecta los indicadores de salud del suelo y la biodiversidad en los paisajes vitivin\u00edcolas del sur de Australia: <\/strong>Merek M. KESSER, Timothy R. CAVAGNARO, Roberta DE BEI, Cassandra COLLINS<\/p>\n\n\n\n<p><strong>El Vi\u00f1edo del Futuro: <\/strong>Nick DOKOOZLIAN<\/p>\n\n\n\n<p><strong>Monitoreo de potenciales de tallo de vid con un microtensi\u00f3metro incorporado: <\/strong>Alan N. LAKSO*, Michael SANTIAGO, Maryrose LUND, Abraham D. STROOCK<\/p>\n\n\n\n<p><strong>Smartphone como herramienta para la gesti\u00f3n del riego deficitario en Vitis vinifera: <\/strong>Gustavo PEREYRA, Anne Pellegrino, Remi Gaudin, Milka Ferrer<\/p>\n\n\n\n<p><strong>Riego subterr\u00e1neo, un medio para reducir los insumos qu\u00edmicos y de agua en los vi\u00f1edos: <\/strong>Mark KRASNOW*, Danielle MCMILLAN, Allison HAYWOOD<\/p>\n\n\n\n<p><strong>El riego como herramienta para mitigar las olas de calor, el efecto de la intensidad y el momento del riego en Cabernet Sauvignon: <\/strong>Pietro PREVITALI, Luis S\u00c1NCHEZ, Nick DOKOOZLIAN<\/p>\n\n\n\n<p><strong>Monitoreo del estado del agua de la vid usando im\u00e1genes Landsat 8: un estudio de caso de dos a\u00f1os en un vi\u00f1edo de Merlot: <\/strong>Vincenzo CIANCIOLA, Eve LAROCHE-PINEL, Khushwinder SINGH, Luca BRILLANTE*<\/p>\n\n\n\n<p><strong>Efecto de las combinaciones de v\u00e1stagos y portainjertos en el rendimiento de un m\u00e9todo de espectroscopia de infrarrojo cercano (NIR) para determinar el estado del agua de la vid: <\/strong>Carlos POBLETE-ECHEVERRIA*, Thomas CHALMERS, Melane VIVIER, Juan FERNANDEZ-NOVALES, Ignacio BARRIO, Mary Paz DIAGO,<\/p>\n\n\n\n<p><strong>El potencial informativo de la aplicaci\u00f3n de sensores remotos y proximales en vi\u00f1edos verticales y elevados en el noreste de Italia: <\/strong>Ron SHMULEVIZ*, Marianna FASOLI, Giovanni Battista TORNIELLI<\/p>\n\n\n\n<p><strong>Complejo del virus del enrollado de la hoja de la vid asintom\u00e1tico escalable, detecci\u00f3n a trav\u00e9s de espectroscopia de im\u00e1genes a\u00e9reas integradas, rob\u00f3tica aut\u00f3noma y computaci\u00f3n en la nube: <\/strong>Kaitlin M. GOLD*, Fernando E. ROMERO GALVAN, Gloire RUBAMBIZA, Ertai LIU, Stephanie BOLTON, Charles STARR, Mimar ALSINA, Nick DOKOOZLIAN, Alyssa WHITCRAFT, Hakim WEATHERSPOON, Ryan P. PAVLICK y Yu JIANG<\/p>\n\n\n\n<p><strong>Hacia una forma autom\u00e1tica de identificar vides infectadas con manchas rojas a partir de im\u00e1genes hiperespectrales adquiridas en el campo: <\/strong>Eve LAROCHE-PINEL, Benjamin CORALES, Erica SAWYER, Khushwinder SINGH, Kaylah VASQUEZ, Monica COOPER , Marc FUCHS , Luca BRILLANTE<\/p>\n\n\n\n<p><strong>Uso de luz ultravioleta para la supresi\u00f3n de enfermedades de la vid: <\/strong>David M. GADOURY, Lance CADLE-DAVIDSON, Kaitlin ORO<\/p>\n\n\n\n<p><strong>Manejo del mildi\u00fa polvoroso de la vid con radiaci\u00f3n ultravioleta-C en el estado de Washington: <\/strong>Alexa MCDANIEL, Mar\u00eda MIRELES, David GADOURY, Michelle MOYER<\/p>\n\n\n\n<p><strong>Tratamiento con quitosano para controlar el mildi\u00fa velloso de la vid: <\/strong>Gianfranco ROMANAZZI, Simone PIANCATELLI, Roberto POTENTINI, Giuliano D&#8217;IGNAZI, Marwa MOUMNI<\/p>\n\n\n\n<p><strong>La fumigaci\u00f3n previa a la siembra solo reduce temporalmente el nematodo agallador del norte: <\/strong>Michelle M. MOYER*, Mar\u00eda MIRELES, Bernadette GAGNIER, Katherine E. EAST e Inga A. ZASADA<\/p>\n\n\n\n<p><strong>La mosca linterna manchada, un nuevo insecto invasor en los vi\u00f1edos \u00bfEs una amenaza para las vides?: <\/strong>Michela CENTINARI*, Andew HARNER, Taran ROWELS, Claudia SCHIMDT, Flor ACEVEDO, Cristina ROSA<\/p>\n\n\n\n<p><strong>\u00bfLa alimentaci\u00f3n del floema de la mosca linterna manchada tiene efectos posteriores sobre los vol\u00e1tiles del vino?: <\/strong>Andrew HARNER*, Suraj KAR, Zeke WARREN, Misha KWASNIEWSKI, Michela CENTINARI<\/p>\n\n\n\n<p><strong>El tomate litchi como alternativa de fumigaci\u00f3n en los vi\u00f1edos de uva para vino del estado de Washington: <\/strong>Bernadette GAGNIER*, Inga ZASADA, Mar\u00eda MIRELES, Michelle M. MOYER<\/p>\n\n\n\n<p><strong>Los cultivos de cobertura debajo de la vid inducen la tolerancia de la vid a la ra\u00edz del racimo: <\/strong>Andr\u00e9s CONIBERTI, Florencia BONJOUR, Facundo IB\u00c1\u00d1EZ, Marcelo FALERO, Mart\u00edn GERVASINI Gerardo ECHEVERRIA<\/p>\n\n\n\n<p><strong>Reducci\u00f3n del uso de qu\u00edmicos en vi\u00f1edos. Evidencia del an\u00e1lisis de una red nacional de demostraci\u00f3n: <\/strong>Ester Fouillet, Bruno Rapidel, Anne MEROT<\/p>\n\n\n\n<p><strong>Fleurtai, Soreli y Tocai Friulano,  perspectivas para la integraci\u00f3n de la calidad del vino junto con la protecci\u00f3n de la denominaci\u00f3n docg lison classico: <\/strong>Emilio CELOTTI, Rebecca VALENT, Giovanni MIAN, Andrea NATANLINO<\/p>\n\n\n\n<p><strong>Presupuesto de nutrientes del vi\u00f1edo y protocolos de muestreo: <\/strong>Nataliya SHCHERBATYUK*, Pierre DAVADANT, Markus KELLER<\/p>\n\n\n\n<p><strong>Regulaci\u00f3n de portainjertos de fenotipos de v\u00e1stagos, la relaci\u00f3n entre el origen del portainjerto y la concentraci\u00f3n mineral del pec\u00edolo: <\/strong>Marine MOREL, Sarah Jane COOKSON, Nathalie OLLAT, Elisa MARGUERIT<\/p>\n\n\n\n<p><strong>Implicaciones del manejo del suelo debajo de la vid con herbicidas, cultivos o cultivos de cobertura en la microbiota subterr\u00e1nea: <\/strong>Maider VELAZ, Gonzaga SANTESTEBAN, Paula RESANO-GOIZUETA, Maite LOIDI, Nazareth TORRES<\/p>\n\n\n\n<p><strong>Efectos de los preparados biodin\u00e1micos 500 y 501 en la fisiolog\u00eda, la pedolog\u00eda y el microbioma del suelo de la vid y la baya: <\/strong>Markus RIENTH*, Frederic Lamy, Cl\u00e9ment Chessex, Thierry Heger<\/p>\n\n\n\n<p><strong>Efecto de arrastre del recorte de brotes y riego deficitario en el rendimiento de frutos y s\u00f3lidos solubles totales de bayas:<\/strong> Alessandro MATAFFO, Pasquale SCOGNAMIGLIO, Maurizio TEOBALDELLI, Carlo MOLINARO, Antonio. DENTE, Boris BASILE<\/p>\n\n\n\n<p><strong>Mecanizaci\u00f3n de la eliminaci\u00f3n de hojas antes de la floraci\u00f3n en las condiciones clim\u00e1ticas templadas de Suiza: <\/strong>Thibaut VERDENAL*, Vivian Zufferey, \u00c1gnes Dienes-Nagy, Gilles Bourdin, Jean-Laurent Spring<\/p>\n\n\n\n<p><strong>La eliminaci\u00f3n mec\u00e1nica de hojas de la zona de la fruta y las pr\u00e1cticas de riego deficitario interact\u00faan para afectar el rendimiento y la calidad de la fruta del cabernet sauvignon cultivado en un clima c\u00e1lido: <\/strong>Shijian ZHUANG, Qun SUN, Paolo SABBATINI, Karl LUND, Kaan KURTURAL, Matthew FIDELIBUS<\/p>\n\n\n\n<p><strong>Dosis ultrabajas de etileno y etef\u00f3n aumentan el cuajado en Vitis vinifera L. Malbec: <\/strong>Christian CHERVIN, Olivier GEFFROY<\/p>\n\n\n\n<p><strong>El uso de elicitores en viticultura \u00bfUna herramienta para obtener vinos muy coloreados y de baja graduaci\u00f3n alcoh\u00f3lica?: <\/strong>M.Pilar MARTINEZ-PEREZ, Ana B. BAUTISTA-ORT\u00cdN, Alejandro MARTINEZ-MORENO, Encarna G\u00d3MEZ-PLAZA*<\/p>\n\n\n\n<p><strong>Agrovoltaica din\u00e1mica, protecci\u00f3n clim\u00e1tica para la vid impulsada por inteligencia artificial: <\/strong>Damien FUMEY, J\u00e9r\u00f4me CHOPARD, Gerardo LOPEZ, Severine PERSELLO, Perrine JUILLION, Vincent HITTE, Yassin ELAMRI, Joris DUBOSC, Benjamin TIFFON-TERRADE, Jean GARCIN, Alexandre MALON, Beno\u00eet VALLE, Ang\u00e9lique CHRISTOPHE, Thierry SIMONNEAU, Nicolas SAURIN, Arnaud CHAMPETIER , Fran\u00e7ois BERUD, Silv\u00e8re DEVEZE, Julien THIERY, Val\u00e9rie DIDIER, Jean-Christophe PAYAN, Francis SOURD<\/p>\n\n\n\n<p><br><\/p>\n","protected":false},"excerpt":{"rendered":"<p>El Grupo de Expertos Internacionales en Sistemas Vitivin\u00edcolas para la Cooperaci\u00f3n (Giesco), integrado por reconocidas&hellip;<\/p>\n","protected":false},"author":3,"featured_media":98883,"comment_status":"open","ping_status":"open","sticky":false,"template":"","format":"standard","meta":{"footnotes":""},"categories":[5],"tags":[],"class_list":["post-98804","post","type-post","status-publish","format-standard","has-post-thumbnail","hentry","category-fincas"],"_links":{"self":[{"href":"https:\/\/enolife.com.ar\/es\/wp-json\/wp\/v2\/posts\/98804","targetHints":{"allow":["GET"]}}],"collection":[{"href":"https:\/\/enolife.com.ar\/es\/wp-json\/wp\/v2\/posts"}],"about":[{"href":"https:\/\/enolife.com.ar\/es\/wp-json\/wp\/v2\/types\/post"}],"author":[{"embeddable":true,"href":"https:\/\/enolife.com.ar\/es\/wp-json\/wp\/v2\/users\/3"}],"replies":[{"embeddable":true,"href":"https:\/\/enolife.com.ar\/es\/wp-json\/wp\/v2\/comments?post=98804"}],"version-history":[{"count":0,"href":"https:\/\/enolife.com.ar\/es\/wp-json\/wp\/v2\/posts\/98804\/revisions"}],"wp:featuredmedia":[{"embeddable":true,"href":"https:\/\/enolife.com.ar\/es\/wp-json\/wp\/v2\/media\/98883"}],"wp:attachment":[{"href":"https:\/\/enolife.com.ar\/es\/wp-json\/wp\/v2\/media?parent=98804"}],"wp:term":[{"taxonomy":"category","embeddable":true,"href":"https:\/\/enolife.com.ar\/es\/wp-json\/wp\/v2\/categories?post=98804"},{"taxonomy":"post_tag","embeddable":true,"href":"https:\/\/enolife.com.ar\/es\/wp-json\/wp\/v2\/tags?post=98804"}],"curies":[{"name":"wp","href":"https:\/\/api.w.org\/{rel}","templated":true}]}}