{"id":98777,"date":"2023-08-03T23:47:26","date_gmt":"2023-08-03T23:47:26","guid":{"rendered":"https:\/\/enolife.com.ar\/es\/?p=98777"},"modified":"2023-08-07T22:43:50","modified_gmt":"2023-08-07T22:43:50","slug":"dos-videos-del-fondo-vitivinicola-mendoza-compiten-en-el-festival-de-cine-del-vino-de-barcelona","status":"publish","type":"post","link":"https:\/\/enolife.com.ar\/es\/dos-videos-del-fondo-vitivinicola-mendoza-compiten-en-el-festival-de-cine-del-vino-de-barcelona\/","title":{"rendered":"Dos videos del Fondo Vitivin\u00edcola Mendoza compiten en el festival de Cine del Vino de Barcelona"},"content":{"rendered":"\n<h4 class=\"wp-block-heading\"><em><strong>Los videos promocionales \u201cTe quiero tanto\u201d y \u201cUva Uva Uva\u201d, realizados por el Fondo Vitivin\u00edcola Mendoza para celebrar el D\u00eda del Vino Argentino Bebida Nacional, fueron seleccionados para participar en el Festival de Cine del Vino Most de Vilafranca del Pened\u00e9s, Barcelona, Espa\u00f1a, del 2 al 12 de noviembre de 2023, y competir\u00e1n en la secci\u00f3n \u00abCollita\u00bb (Cosecha, en catal\u00e1n), donde se exhiben y premian los mejores videos, cortometrajes y largometrajes seleccionados de todo el mundo.<\/strong><\/em><\/h4>\n\n\n\n<div style=\"height:35px\" aria-hidden=\"true\" class=\"wp-block-spacer\"><\/div>\n\n\n<a href=\"https:\/\/instagram.com\/labelsolutions?igshid=YmMyMTA2M2Y=\" aria-label=\"Banner Palero 1700&#215;500\"><img loading=\"lazy\" decoding=\"async\" src=\"https:\/\/enolife.com.ar\/es\/wp-content\/uploads\/2021\/09\/Banner-Palero-1700x500-1.gif\" alt=\"\"  width=\"1700\" height=\"500\"   \/><\/a>\n\n\n<div style=\"height:45px\" aria-hidden=\"true\" class=\"wp-block-spacer\"><\/div>\n\n\n\n<p>El <strong>Fondo Vitivin\u00edcola Mendoza<\/strong> ya particip\u00f3 en 2019 y 2020 de este festival de renombre mundial, con la serie documental \u00abLas voces del vino\u00bb (que se puede ver al pie de esta nota). El <strong>Most<\/strong> es una ventana abierta al mundo de la realizaci\u00f3n audiovisual y cinematogr\u00e1fica que recoge las tem\u00e1ticas y las miradas sobre la producci\u00f3n, el paisaje, la cultura y las personas que construyen la vitivinicultura en distintas regiones del mundo.<\/p>\n\n\n\n<div style=\"height:28px\" aria-hidden=\"true\" class=\"wp-block-spacer\"><\/div>\n\n\n\n<p class=\"has-medium-font-size\"><strong>Los videos promocionales del vino argentino<\/strong><\/p>\n\n\n\n<p>Las dos producciones seleccionadas por el Most Festival fueron producidas por el Fondo Vitivin\u00edcola para celebrar el <strong>24 de noviembre, D\u00eda del Vino Argentino como Bebida Nacional.<\/strong><\/p>\n\n\n\n<div style=\"height:36px\" aria-hidden=\"true\" class=\"wp-block-spacer\"><\/div>\n\n\n\n<figure class=\"wp-block-embed aligncenter is-type-rich is-provider-gestor-del-servicio wp-block-embed-gestor-del-servicio wp-embed-aspect-16-9 wp-has-aspect-ratio\"><div class=\"wp-block-embed__wrapper\">\n<iframe loading=\"lazy\" title=\"Uva uva - Soy Rada y Gauchito Club\" width=\"1170\" height=\"658\" src=\"https:\/\/www.youtube.com\/embed\/W6pnKMndcvg?feature=oembed\" frameborder=\"0\" allow=\"accelerometer; autoplay; clipboard-write; encrypted-media; gyroscope; picture-in-picture; web-share\" allowfullscreen><\/iframe>\n<\/div><\/figure>\n\n\n\n<div style=\"height:29px\" aria-hidden=\"true\" class=\"wp-block-spacer\"><\/div>\n\n\n\n<p><strong>\u00abUva Uva Uva\u00bb<\/strong> se estren\u00f3 el 24 de noviembre de 2021 y reuni\u00f3 a la banda mendocina <strong>Gauchito Club<\/strong> y a <strong>Agust\u00edn \u201cSoy Rada\u201d Aristar\u00e1n<\/strong>. Juntos crearon una genial versi\u00f3n del cl\u00e1sico del rock nacional: <strong>\u00abUva Uva\u00bb<\/strong>. El clip fue rodado en <strong>Mendoza<\/strong> con direcci\u00f3n de <strong>Alejandro Biondo<\/strong> y realizaci\u00f3n de <strong>Buda Casa Productora.<\/strong> Cont\u00f3, adem\u00e1s, con dos participaciones especiales, los winemakers <strong>Karim Mussi<\/strong> -autor de los vinos<strong> Altocedro, Abras y Alandes<\/strong>, entre otros- y <strong>Andr\u00e9s \u201cMono\u201d Vignoni<\/strong>, en\u00f3logo de <strong>Vi\u00f1a Cobos<\/strong> quien, adem\u00e1s de haber sido reconocido como el Mejor En\u00f3logo Joven en 2020, es el autor del vino <strong>Tan Solo<\/strong>, del m\u00fasico <strong>Andr\u00e9s Ciro Mart\u00ednez.<\/strong><\/p>\n\n\n\n<div style=\"height:29px\" aria-hidden=\"true\" class=\"wp-block-spacer\"><\/div>\n\n\n\n<figure class=\"wp-block-embed aligncenter is-type-rich is-provider-gestor-del-servicio wp-block-embed-gestor-del-servicio wp-embed-aspect-16-9 wp-has-aspect-ratio\"><div class=\"wp-block-embed__wrapper\">\n<iframe loading=\"lazy\" title=\"Te quiero tanto: vino y f\u00fatbol unidos por la pasi\u00f3n\" width=\"1170\" height=\"658\" src=\"https:\/\/www.youtube.com\/embed\/UOFx1OigCuI?feature=oembed\" frameborder=\"0\" allow=\"accelerometer; autoplay; clipboard-write; encrypted-media; gyroscope; picture-in-picture; web-share\" allowfullscreen><\/iframe>\n<\/div><\/figure>\n\n\n\n<div style=\"height:31px\" aria-hidden=\"true\" class=\"wp-block-spacer\"><\/div>\n\n\n\n<p><strong>\u00abTe quiero tanto\u00bb<\/strong> re\u00fane dos pasiones argentinas: el vino y el f\u00fatbol, y su difusi\u00f3n coincidi\u00f3 con la realizaci\u00f3n del <strong>Mundial de F\u00fatbol Qatar 2022.<\/strong><\/p>\n\n\n\n<p>Con una m\u00fasica que se ha transformado en un himno de las canchas, el clip resume el deseo de millones de argentinos y argentinas: <em>\u201clevantemos la copa para que traigan la copa<\/em>\u201d.<\/p>\n\n\n\n<p>Protagonizada por tres sommeliers -Marcela Rienzo, Rodrigo Kohn, y Aldo Graziani- y el maestro de en\u00f3logos \u00c1ngel Mendoza, <strong>\u201cTe quiero tanto\u201d<\/strong> cuenta la historia de una botella de vino que se vac\u00eda luego de los brindis y se llena con los mensajes de todo un pa\u00eds: <strong>levantar otra copa<\/strong>.<\/p>\n\n\n\n<div style=\"height:39px\" aria-hidden=\"true\" class=\"wp-block-spacer\"><\/div>\n\n\n\n<p class=\"has-medium-font-size\"><strong>Sobre el Most Festival de Cine del Vino<\/strong><\/p>\n\n\n\n<p>El Mpst2023 se celebrar\u00e1 <strong>del 2 al 12 de noviembre en Vilafranca del Pened\u00e9s, Barcelona, Espa\u00f1a<\/strong>. Luego, del 23 al 26 de noviembre, se trasladar\u00e1 a su segunda sede en el <strong>Priorat<\/strong>. <\/p>\n\n\n\n<p>Como cada a\u00f1o, durante el festival se podr\u00e1n degustar las mejores pel\u00edculas y realizaciones relacionadas con el mundo de la vid y el vino, as\u00ed como preestrenos internacionales, adem\u00e1s de poder disfrutar de actividades culturales paralelas relacionadas con el mundo del cine y el vino.<\/p>\n\n\n\n<div style=\"height:35px\" aria-hidden=\"true\" class=\"wp-block-spacer\"><\/div>\n\n\n\n<p class=\"has-medium-font-size\"><strong>Serie documental \u00abLas voces del vino\u00bb <\/strong><\/p>\n\n\n\n<div style=\"height:25px\" aria-hidden=\"true\" class=\"wp-block-spacer\"><\/div>\n\n\n\n<figure class=\"wp-block-embed aligncenter is-type-video is-provider-youtube wp-block-embed-youtube wp-embed-aspect-16-9 wp-has-aspect-ratio\"><div class=\"wp-block-embed__wrapper\">\n<iframe loading=\"lazy\" title=\"LAS VOCES DEL VINO\" width=\"1170\" height=\"658\" src=\"https:\/\/www.youtube.com\/embed\/fbi8Sf6eh3U?feature=oembed\" frameborder=\"0\" allow=\"accelerometer; autoplay; clipboard-write; encrypted-media; gyroscope; picture-in-picture; web-share\" allowfullscreen><\/iframe>\n<\/div><\/figure>\n\n\n\n<div style=\"height:32px\" aria-hidden=\"true\" class=\"wp-block-spacer\"><\/div>\n","protected":false},"excerpt":{"rendered":"<p>Los videos promocionales \u201cTe quiero tanto\u201d y \u201cUva Uva Uva\u201d, realizados por el Fondo Vitivin\u00edcola&hellip;<\/p>\n","protected":false},"author":3,"featured_media":98801,"comment_status":"open","ping_status":"open","sticky":false,"template":"","format":"standard","meta":{"footnotes":""},"categories":[14],"tags":[],"class_list":["post-98777","post","type-post","status-publish","format-standard","has-post-thumbnail","hentry","category-news"],"_links":{"self":[{"href":"https:\/\/enolife.com.ar\/es\/wp-json\/wp\/v2\/posts\/98777","targetHints":{"allow":["GET"]}}],"collection":[{"href":"https:\/\/enolife.com.ar\/es\/wp-json\/wp\/v2\/posts"}],"about":[{"href":"https:\/\/enolife.com.ar\/es\/wp-json\/wp\/v2\/types\/post"}],"author":[{"embeddable":true,"href":"https:\/\/enolife.com.ar\/es\/wp-json\/wp\/v2\/users\/3"}],"replies":[{"embeddable":true,"href":"https:\/\/enolife.com.ar\/es\/wp-json\/wp\/v2\/comments?post=98777"}],"version-history":[{"count":0,"href":"https:\/\/enolife.com.ar\/es\/wp-json\/wp\/v2\/posts\/98777\/revisions"}],"wp:featuredmedia":[{"embeddable":true,"href":"https:\/\/enolife.com.ar\/es\/wp-json\/wp\/v2\/media\/98801"}],"wp:attachment":[{"href":"https:\/\/enolife.com.ar\/es\/wp-json\/wp\/v2\/media?parent=98777"}],"wp:term":[{"taxonomy":"category","embeddable":true,"href":"https:\/\/enolife.com.ar\/es\/wp-json\/wp\/v2\/categories?post=98777"},{"taxonomy":"post_tag","embeddable":true,"href":"https:\/\/enolife.com.ar\/es\/wp-json\/wp\/v2\/tags?post=98777"}],"curies":[{"name":"wp","href":"https:\/\/api.w.org\/{rel}","templated":true}]}}