{"id":98547,"date":"2023-08-01T21:44:30","date_gmt":"2023-08-01T21:44:30","guid":{"rendered":"https:\/\/enolife.com.ar\/es\/?p=98547"},"modified":"2023-08-02T16:12:09","modified_gmt":"2023-08-02T16:12:09","slug":"que-es-la-famosa-uva-criolla-aprendelo-en-un-taller-gratuito-el-2-8-en-la-bodega-raices-de-junin","status":"publish","type":"post","link":"https:\/\/enolife.com.ar\/es\/que-es-la-famosa-uva-criolla-aprendelo-en-un-taller-gratuito-el-2-8-en-la-bodega-raices-de-junin\/","title":{"rendered":"\u00bfQu\u00e9 es la famosa uva criolla? Aprendelo en un taller gratuito el 2\/8 en la Bodega Ra\u00edces de Jun\u00edn"},"content":{"rendered":"\n<p><a href=\"http:\/\/legioneste.com.ar\/wp-content\/uploads\/2023\/07\/Junin-realizara-un-taller-enoturistico-denominado-%C2%BFQue-es-la-uva-criolla.jpg\"><\/a><\/p>\n\n\n\n<h4 class=\"wp-block-heading\"><em><strong>Con el prop\u00f3sito de poner en valor la producci\u00f3n de esta uva t\u00edpica de Mendoza, arraigada en la Zona Este de la provincia, no s\u00f3lo desde el punto de vista vit\u00edcola sino tambi\u00e9n sobre su aprovechamiento enotur\u00edstico, el Instituto de Desarrollo Rural (IDR), el Instituo Nacional de Tecnolog\u00eda Agropecuaria (INTA), la Comisi\u00f3n de Evaluaci\u00f3n de Vinos del Este (Codevin) y la Municipalidad de Jun\u00edn brinda ma\u00f1ana mi\u00e9rcoles 2 de agosto, a las 19 horas, la capacitaci\u00f3n \u00ab\u00bfQu\u00e9 es la uva criolla?\u00bb. La actividad tendr\u00e1 lugar en la Bodega Municipal Ra\u00edces de Jun\u00edn, con asistencia libre y gratuita pero con reserva previa. Aunque el afiche de promoci\u00f3n no lo dice, seguramente convidar\u00e1n con un buen vino de uvas criollas este\u00f1as.<\/strong><\/em><\/h4>\n\n\n\n<div style=\"height:35px\" aria-hidden=\"true\" class=\"wp-block-spacer\"><\/div>\n\n\n\n\n\n<div style=\"height:45px\" aria-hidden=\"true\" class=\"wp-block-spacer\"><\/div>\n\n\n\n<p>En el mundo existen m\u00e1s de 10.000 variedades de vid diferentes. Entre ellas, s\u00f3lo un grupo reducido son cultivadas comercialmente tanto para la elaboraci\u00f3n de vino como para consumo en fresco. Esto ha dado origen al abandono de muchas variedades aut\u00f3ctonas por ser consideradas de menor calidad enol\u00f3gica.<\/p>\n\n\n\n<p>La Estaci\u00f3n Experimental del INTA en Mendoza cuenta con la segunda colecci\u00f3n de vid m\u00e1s grande de Am\u00e9rica del Sur. All\u00ed se conservan cerca de 700 variedades que fueron recolectadas y son conservadas desde su creaci\u00f3n. Hay variedades principalmente de vinificaci\u00f3n, pero tambi\u00e9n otras con cualidades para el consumo en fresco o para pasa. Si bien, la mayor\u00eda fueron tra\u00eddas de Europa, la colecci\u00f3n del INTA tambi\u00e9n alberga variedades de vid criollas que fueron localizadas en distintas regiones dedicadas al cultivo de la vid en la Argentina, desde Jujuy a R\u00edo Negro.<\/p>\n\n\n\n<div style=\"height:20px\" aria-hidden=\"true\" class=\"wp-block-spacer\"><\/div>\n\n\n<div class=\"wp-block-image\">\n<figure class=\"alignleft size-large is-resized\"><a href=\"https:\/\/enolife.com.ar\/es\/wp-content\/uploads\/2023\/08\/e9ea3c83-6b98-40da-9aac-cfa022236b57.jpg\" data-rel=\"penci-gallery-image-content\" ><img loading=\"lazy\" decoding=\"async\" src=\"https:\/\/enolife.com.ar\/es\/wp-content\/uploads\/2023\/08\/e9ea3c83-6b98-40da-9aac-cfa022236b57-1024x1024.jpg\" alt=\"\" class=\"wp-image-98563\" width=\"375\" height=\"375\" srcset=\"https:\/\/enolife.com.ar\/es\/wp-content\/uploads\/2023\/08\/e9ea3c83-6b98-40da-9aac-cfa022236b57-1024x1024.jpg 1024w, https:\/\/enolife.com.ar\/es\/wp-content\/uploads\/2023\/08\/e9ea3c83-6b98-40da-9aac-cfa022236b57-300x300.jpg 300w, https:\/\/enolife.com.ar\/es\/wp-content\/uploads\/2023\/08\/e9ea3c83-6b98-40da-9aac-cfa022236b57-150x150.jpg 150w, https:\/\/enolife.com.ar\/es\/wp-content\/uploads\/2023\/08\/e9ea3c83-6b98-40da-9aac-cfa022236b57-768x768.jpg 768w, https:\/\/enolife.com.ar\/es\/wp-content\/uploads\/2023\/08\/e9ea3c83-6b98-40da-9aac-cfa022236b57-585x585.jpg 585w, https:\/\/enolife.com.ar\/es\/wp-content\/uploads\/2023\/08\/e9ea3c83-6b98-40da-9aac-cfa022236b57.jpg 1080w\" sizes=\"auto, (max-width: 375px) 100vw, 375px\" \/><\/a><\/figure><\/div>\n\n\n<p>Para conocer m\u00e1s sobre estas uvas, La Municipalidad de Jun\u00edn (Mendoza), el INTA y el IDR, invitan a una charla\/taller sobre la <strong>\u00abValorizaci\u00f3n de las uvas criollas, su importancia a nivel productivo, enol\u00f3gico y comercial\u00bb<\/strong><\/p>\n\n\n\n<p>La actividad, prevista para ma\u00f1ana <strong>mi\u00e9rcoles 2 de agosto a las 19 hs. en la Bodega Municipal Ra\u00edces<\/strong> de Jun\u00edn, busca poner en valor y dar a conocer las principales cepas de la zona, de probada calidad. <\/p>\n\n\n\n<p>En el taller se podr\u00e1 aprender sobre su origen, las t\u00e9cnicas vit\u00edcolas y enol\u00f3gicas con las que se produce el vino con esas uva y los vi\u00f1edos y bodegas de la zona con enoturismo donde se cultivan. <\/p>\n\n\n\n<p class=\"has-cyan-bluish-gray-background-color has-background\"><strong>Con entrada libre y gratuita, para confirmar asistencia completar el formulario: <a href=\"https:\/\/docs.google.com\/forms\/d\/e\/1FAIpQLScZItHuDdWN00Wqek0yeYPdxkP1ShKgzU0lKsS9_1YnSqGTSg\/viewform\" title=\"\">AQU\u00cd<\/a><\/strong><\/p>\n\n\n\n<div style=\"height:20px\" aria-hidden=\"true\" class=\"wp-block-spacer\"><\/div>\n\n\n\n<p>Entre los organizadores del taller, se encuentran el intendente de la Municipalidad de Jun\u00edn, H\u00e9ctor Ruiz, el en\u00f3logo de la Bodega Municipal Ra\u00edces, Hugo Zamora y el empresario vitivin\u00edcola del departamento este\u00f1o, Sharbel Morcos.<\/p>\n\n\n\n<p>Al respecto,<strong> H\u00e9ctor Ruiz<\/strong> explic\u00f3 <em>\u201cSabemos que en el Este se producen uvas de calidad y es por ello que muchas empresas buscan tales productos para hacer vinos de alta gama. Lo que se propone es un trabajo en conjunto, entre el sector p\u00fablico y privado, para continuar la b\u00fasqueda de nuevos mercados, a partir de la potenciaci\u00f3n de nuevos vinos, ofreciendo adem\u00e1s un aparato tur\u00edstico que acompa\u00f1e la oferta gastron\u00f3mica\u201d.<\/em><\/p>\n\n\n\n<div style=\"height:30px\" aria-hidden=\"true\" class=\"wp-block-spacer\"><\/div>\n\n\n<div class=\"wp-block-image\">\n<figure class=\"aligncenter size-large is-resized\"><a href=\"https:\/\/enolife.com.ar\/es\/wp-content\/uploads\/2023\/08\/image.png\" data-rel=\"penci-gallery-image-content\" ><img loading=\"lazy\" decoding=\"async\" src=\"https:\/\/enolife.com.ar\/es\/wp-content\/uploads\/2023\/08\/image-1024x684.png\" alt=\"\" class=\"wp-image-98581\" width=\"550\" height=\"367\" srcset=\"https:\/\/enolife.com.ar\/es\/wp-content\/uploads\/2023\/08\/image-1024x684.png 1024w, https:\/\/enolife.com.ar\/es\/wp-content\/uploads\/2023\/08\/image-300x200.png 300w, https:\/\/enolife.com.ar\/es\/wp-content\/uploads\/2023\/08\/image-768x513.png 768w, https:\/\/enolife.com.ar\/es\/wp-content\/uploads\/2023\/08\/image-1536x1027.png 1536w, https:\/\/enolife.com.ar\/es\/wp-content\/uploads\/2023\/08\/image-1170x782.png 1170w, https:\/\/enolife.com.ar\/es\/wp-content\/uploads\/2023\/08\/image-585x391.png 585w, https:\/\/enolife.com.ar\/es\/wp-content\/uploads\/2023\/08\/image.png 1616w\" sizes=\"auto, (max-width: 550px) 100vw, 550px\" \/><\/a><figcaption class=\"wp-element-caption\"><strong><em>Hugo Zamora, Sharbel Morcos y H\u00e9ctor Ruiz<\/em><\/strong><\/figcaption><\/figure><\/div>\n\n\n<div style=\"height:30px\" aria-hidden=\"true\" class=\"wp-block-spacer\"><\/div>\n\n\n\n<p><em>\u201cLa Zona Este cuenta con una ventaja cualitativa: las cepas ancestrales. No tenemos que salir a plantar para ver si se puede producir. Son cepas de excelente calidad y nos estamos animando a trabajar con nuevas tecnolog\u00edas, para poder obtener mejores vinos. Se trata de reforzar y orientar lo ya conocido hacia la comercializaci\u00f3n que pide el momento\u201d, <\/em>ampli\u00f3 <strong>Zamora<\/strong>, y agreg\u00f3 <em>\u201cEl taller est\u00e1 destinado a productores, t\u00e9cnicos, bodegueros, empresarios y comerciantes. Queremos que comprendan el momento de la vitivinicultura; la posibilidad de gestionar vinos que provienen de uvas criollas y que en este momento est\u00e1n empezando a ser requeridos, sobre todo por los j\u00f3venes\u201d.<\/em><\/p>\n\n\n\n<p>Mientras, <strong>Morcos <\/strong>destac\u00f3 que <em>\u201cJun\u00edn tiene una ventaja comparativa importante: est\u00e1 enclavado en el medio de la Zona Este, que es un concepto de regi\u00f3n; y tiene una bodega municipal, bajo la intenci\u00f3n de ayudar a sus productores, generando productos de muy buena calidad, para un mercado que hoy lo requiere. Por eso es que invitamos a productores, bodegueros y a hacedores tur\u00edsticos; ellos son la masa cr\u00edtica que nos permiten reconocer los nuevos perfiles v\u00ednicos\u201d<\/em>.<\/p>\n\n\n\n<div style=\"height:30px\" aria-hidden=\"true\" class=\"wp-block-spacer\"><\/div>\n","protected":false},"excerpt":{"rendered":"<p>Con el prop\u00f3sito de poner en valor la producci\u00f3n de esta uva t\u00edpica de Mendoza,&hellip;<\/p>\n","protected":false},"author":3,"featured_media":98584,"comment_status":"open","ping_status":"open","sticky":false,"template":"","format":"standard","meta":{"footnotes":""},"categories":[47],"tags":[],"class_list":["post-98547","post","type-post","status-publish","format-standard","has-post-thumbnail","hentry","category-agenda"],"_links":{"self":[{"href":"https:\/\/enolife.com.ar\/es\/wp-json\/wp\/v2\/posts\/98547","targetHints":{"allow":["GET"]}}],"collection":[{"href":"https:\/\/enolife.com.ar\/es\/wp-json\/wp\/v2\/posts"}],"about":[{"href":"https:\/\/enolife.com.ar\/es\/wp-json\/wp\/v2\/types\/post"}],"author":[{"embeddable":true,"href":"https:\/\/enolife.com.ar\/es\/wp-json\/wp\/v2\/users\/3"}],"replies":[{"embeddable":true,"href":"https:\/\/enolife.com.ar\/es\/wp-json\/wp\/v2\/comments?post=98547"}],"version-history":[{"count":0,"href":"https:\/\/enolife.com.ar\/es\/wp-json\/wp\/v2\/posts\/98547\/revisions"}],"wp:featuredmedia":[{"embeddable":true,"href":"https:\/\/enolife.com.ar\/es\/wp-json\/wp\/v2\/media\/98584"}],"wp:attachment":[{"href":"https:\/\/enolife.com.ar\/es\/wp-json\/wp\/v2\/media?parent=98547"}],"wp:term":[{"taxonomy":"category","embeddable":true,"href":"https:\/\/enolife.com.ar\/es\/wp-json\/wp\/v2\/categories?post=98547"},{"taxonomy":"post_tag","embeddable":true,"href":"https:\/\/enolife.com.ar\/es\/wp-json\/wp\/v2\/tags?post=98547"}],"curies":[{"name":"wp","href":"https:\/\/api.w.org\/{rel}","templated":true}]}}