{"id":98191,"date":"2023-07-30T12:57:02","date_gmt":"2023-07-30T12:57:02","guid":{"rendered":"https:\/\/enolife.com.ar\/es\/?p=98191"},"modified":"2023-08-01T22:00:13","modified_gmt":"2023-08-01T22:00:13","slug":"mendoza-logro-una-baja-del-25-al-4-en-impuestos-estatales-de-bahia-para-exportar-vino-y-alimentos","status":"publish","type":"post","link":"https:\/\/enolife.com.ar\/es\/mendoza-logro-una-baja-del-25-al-4-en-impuestos-estatales-de-bahia-para-exportar-vino-y-alimentos\/","title":{"rendered":"Mendoza logr\u00f3 una baja del 25 al 4% en impuestos estatales de Bah\u00eda para exportar vino y alimentos"},"content":{"rendered":"\n<h4 class=\"wp-block-heading\"><em><strong>El gobernador de la provincia, Rodolfo Su\u00e1rez, firm\u00f3 este viernes 28\/7\/23 un acuerdo con el secretario de Desenvolvimiento Econ\u00f3micos de Bah\u00eda, Angelo Almeyda, que posibilitar\u00e1 una rebaja de 21 puntos en los impuestos de ese Estado brasile\u00f1o para los productos exportados desde Mendoza. Adem\u00e1s, se gestiona un diferimiento en el pago de esos impuestos por 360 d\u00edas o hasta la venta en Brasil de esos productos.<\/strong><\/em><\/h4>\n\n\n\n<div style=\"height:35px\" aria-hidden=\"true\" class=\"wp-block-spacer\"><\/div>\n\n\n<a href=\"http:\/\/www.quiminsa.com.ar\/\" aria-label=\"banner quiminsa b 1700&#215;500\"><img loading=\"lazy\" decoding=\"async\" src=\"https:\/\/enolife.com.ar\/es\/wp-content\/uploads\/2022\/04\/banner-quiminsa-b-1700x500-1.jpg\" alt=\"\"  srcset=\"https:\/\/enolife.com.ar\/es\/wp-content\/uploads\/2022\/04\/banner-quiminsa-b-1700x500-1.jpg 1700w, https:\/\/enolife.com.ar\/es\/wp-content\/uploads\/2022\/04\/banner-quiminsa-b-1700x500-1-300x88.jpg 300w, https:\/\/enolife.com.ar\/es\/wp-content\/uploads\/2022\/04\/banner-quiminsa-b-1700x500-1-1024x301.jpg 1024w, https:\/\/enolife.com.ar\/es\/wp-content\/uploads\/2022\/04\/banner-quiminsa-b-1700x500-1-768x226.jpg 768w, https:\/\/enolife.com.ar\/es\/wp-content\/uploads\/2022\/04\/banner-quiminsa-b-1700x500-1-1536x452.jpg 1536w, https:\/\/enolife.com.ar\/es\/wp-content\/uploads\/2022\/04\/banner-quiminsa-b-1700x500-1-1170x344.jpg 1170w, https:\/\/enolife.com.ar\/es\/wp-content\/uploads\/2022\/04\/banner-quiminsa-b-1700x500-1-585x172.jpg 585w\" sizes=\"auto, (max-width: 1700px) 100vw, 1700px\" width=\"1700\" height=\"500\"   \/><\/a>\n\n\n<div style=\"height:45px\" aria-hidden=\"true\" class=\"wp-block-spacer\"><\/div>\n\n\n\n<p>De la reuni\u00f3n participaron, adem\u00e1s, el ministro de Econom\u00eda y Energ\u00eda de Mendoza, <strong>Enrique Vaqui\u00e9<\/strong>; el gerente de ProMendoza, Mario<strong> Lazzaro<\/strong>; <strong>Leandro Neves<\/strong>, asesor especial de la Secretar\u00eda de Desenvolvimiento Econ\u00f3mico de Bah\u00eda; <strong>Diego Hita; Alejandro Hita y Silvio Ar\u00e1nguez<\/strong>, de Mendos S.A., compa\u00f1\u00eda que ya est\u00e1 trabajando en el vecino pa\u00eds.<\/p>\n\n\n\n<p>El secretario de Desenvolvimiento Econ\u00f3mico de Bah\u00eda, <strong>Angelo Almeyda<\/strong> coment\u00f3: <em>\u201cNuestra tarea es buscar elevar las relaciones comerciales y las oportunidades para desarrollarnos econ\u00f3micamente, tanto el gobierno de Bah\u00eda como el de Mendoza, para la generaci\u00f3n de empleo y recursos econ\u00f3micos\u201d.<\/em><\/p>\n\n\n\n<div style=\"height:23px\" aria-hidden=\"true\" class=\"wp-block-spacer\"><\/div>\n\n\n\n<h4 class=\"wp-block-heading has-vivid-red-color has-text-color\">Brasil es actualmente la 10ma. econom\u00eda del mundo. Y el Estado de Bah\u00eda, con 15 millones de habitantes, es una puerta de entrada a toda la regi\u00f3n del Nordeste, que tiene 54 millones de habitantes.<\/h4>\n\n\n\n<div style=\"height:19px\" aria-hidden=\"true\" class=\"wp-block-spacer\"><\/div>\n\n\n\n<p>Adem\u00e1s, el funcionario brasile\u00f1o enfatiz\u00f3 en la intenci\u00f3n de abrir las puertas de Bah\u00eda para llevar a turistas argentinos y tambi\u00e9n traer pasajeros a Mendoza. <em>\u201cYa son muchos los bahianos y bahianas que llegan a Mendoza para visitar los vi\u00f1edos y beber el vino mendocino y nosotros tenemos el chocolate cabruca, producido debajo de la floresta tropical, de la mata atl\u00e1ntica, un producto que sale con el sello de la sustentabilidad. Estamos aqu\u00ed para construir puentes entre el Estado de Bah\u00eda y Mendoza\u201d.<\/em><\/p>\n\n\n\n<div style=\"height:30px\" aria-hidden=\"true\" class=\"wp-block-spacer\"><\/div>\n\n\n<div class=\"wp-block-image\">\n<figure class=\"aligncenter size-full is-resized\"><a href=\"https:\/\/enolife.com.ar\/es\/wp-content\/uploads\/2023\/07\/DSC_5332.jpg\" data-rel=\"penci-gallery-image-content\" ><img loading=\"lazy\" decoding=\"async\" src=\"https:\/\/enolife.com.ar\/es\/wp-content\/uploads\/2023\/07\/DSC_5332.jpg\" alt=\"\" class=\"wp-image-98362\" width=\"586\" height=\"373\" srcset=\"https:\/\/enolife.com.ar\/es\/wp-content\/uploads\/2023\/07\/DSC_5332.jpg 786w, https:\/\/enolife.com.ar\/es\/wp-content\/uploads\/2023\/07\/DSC_5332-300x191.jpg 300w, https:\/\/enolife.com.ar\/es\/wp-content\/uploads\/2023\/07\/DSC_5332-768x489.jpg 768w, https:\/\/enolife.com.ar\/es\/wp-content\/uploads\/2023\/07\/DSC_5332-585x372.jpg 585w\" sizes=\"auto, (max-width: 586px) 100vw, 586px\" \/><\/a><figcaption class=\"wp-element-caption\"><em><strong>Angelo Almeyda y Rodolfo Su\u00e1rez<\/strong><\/em><\/figcaption><\/figure><\/div>\n\n\n<div style=\"height:30px\" aria-hidden=\"true\" class=\"wp-block-spacer\"><\/div>\n\n\n\n<p>Seg\u00fan detall\u00f3 el funcionario brasile\u00f1o, Bah\u00eda cuenta con pluralidad y diversidad de producci\u00f3n y pol\u00edticas p\u00fablicas que han llevado asistencia t\u00e9cnica, tecnol\u00f3gica y cient\u00edfica a los productores. <em>\u201cEs nuestro sue\u00f1o traer a Mendoza el Festival del Chocolate, similar al que existe en Par\u00eds y es nuestro inter\u00e9s llevar el Sal\u00f3n del Vino de Mendoza a Bah\u00eda\u201d<\/em>, finaliz\u00f3 el secretario de Desenvolvimiento Econ\u00f3mico.<\/p>\n\n\n\n<div style=\"height:18px\" aria-hidden=\"true\" class=\"wp-block-spacer\"><\/div>\n\n\n\n<blockquote class=\"wp-block-quote is-layout-flow wp-block-quote-is-layout-flow\">\n<p>Nosotros tenemos el chocolate cabruca, producido en la floresta tropical, y Mendoza tiene el vino, ajo, cebolla y hortalizas que s\u00f3lo se producen en zonas subtropicales, por lo que seguramente el intercambio comercial se incrementar\u00e1\u00bb.<\/p>\n<cite>Angelo Almeyda, secretario de Desenvolvimiento Econ\u00f3mico de Bah\u00eda, Brasil<\/cite><\/blockquote>\n\n\n\n<div style=\"height:27px\" aria-hidden=\"true\" class=\"wp-block-spacer\"><\/div>\n\n\n\n<p>Por su parte, el gerente de ProMendoza, Mario Lazzaro destac\u00f3 que esta iniciativa es parte de la pol\u00edtica y la estrategia de internacionalizaci\u00f3n que tiene la provincia, buscando modos para que el comercio sea m\u00e1s fluido y para disminuir el precio que pagan los consumidores por los productos importados de uno y otro Estado.<\/p>\n\n\n\n<p><em>\u201cEn este caso en particular, de Bah\u00eda con Mendoza, Bah\u00eda est\u00e1 gestionando una rebaja del impuesto estatal para la importaci\u00f3n de productos de alimentos y bebidas y permitir el diferimiento del pago de este impuesto hasta 360 d\u00edas o la venta, lo que se traduce en una reducci\u00f3n de costos. En el Estado de Bah\u00eda son 15 millones de personas, pero es la puerta de entrada al Nordeste, que es una regi\u00f3n de 54 millones de personas, donde claramente nuestra mayor oportunidad est\u00e1 en el vino y en los alimentos como el ajo, la cebolla y algunas hortalizas que son subtropicales y que no produce el Estado de Bah\u00eda\u201d, <\/em>agreg\u00f3 Lazzaro.<\/p>\n\n\n\n<div style=\"height:30px\" aria-hidden=\"true\" class=\"wp-block-spacer\"><\/div>\n\n\n<div class=\"wp-block-image\">\n<figure class=\"aligncenter size-full is-resized\"><a href=\"https:\/\/enolife.com.ar\/es\/wp-content\/uploads\/2023\/07\/DSC_5226.jpg\" data-rel=\"penci-gallery-image-content\" ><img loading=\"lazy\" decoding=\"async\" src=\"https:\/\/enolife.com.ar\/es\/wp-content\/uploads\/2023\/07\/DSC_5226.jpg\" alt=\"\" class=\"wp-image-98365\" width=\"614\" height=\"359\" srcset=\"https:\/\/enolife.com.ar\/es\/wp-content\/uploads\/2023\/07\/DSC_5226.jpg 853w, https:\/\/enolife.com.ar\/es\/wp-content\/uploads\/2023\/07\/DSC_5226-300x176.jpg 300w, https:\/\/enolife.com.ar\/es\/wp-content\/uploads\/2023\/07\/DSC_5226-768x450.jpg 768w, https:\/\/enolife.com.ar\/es\/wp-content\/uploads\/2023\/07\/DSC_5226-585x343.jpg 585w\" sizes=\"auto, (max-width: 614px) 100vw, 614px\" \/><\/a><figcaption class=\"wp-element-caption\"><em><strong>El acuerdo firmado constituye un importante paso en el desarrollo de la penetraci\u00f3n y expansi\u00f3n comercial de Mendoza, en distintas \u00e1reas del territorio brasilero.<\/strong><\/em><\/figcaption><\/figure><\/div>\n\n\n<div style=\"height:30px\" aria-hidden=\"true\" class=\"wp-block-spacer\"><\/div>\n\n\n\n<p>De este modo, Mendoza avanza en la obtenci\u00f3n de condiciones ventajosas para la exportaci\u00f3n de sus productos al estado de Bah\u00eda, en el nordeste de Brasil. Como consecuencia de la promoci\u00f3n en un mercado clave y prioritario, como es Brasil para Mendoza, surge la posibilidad de abrir un segundo hub log\u00edstico en este estado, que cuenta con 15 millones de habitantes y es la puerta de ingreso a 54 millones de consumidores en el nordeste del pa\u00eds.<\/p>\n\n\n\n<p>Con esta acci\u00f3n, Mendoza sigue abriendo puertas en el exterior para que pymes, productores e industrias locales puedan exportar a los principales mercados del mundo. La provincia ya cuenta con hubs y distribuidores en China, Estados Unidos y Sur de Brasil.<\/p>\n\n\n\n<div style=\"height:27px\" aria-hidden=\"true\" class=\"wp-block-spacer\"><\/div>\n\n\n\n<p class=\"has-medium-font-size\"><strong>Un destino estrat\u00e9gico<\/strong><\/p>\n\n\n\n<p>Motivada en el potencial del nordeste de Brasil, <strong>ProMendoza<\/strong> decidi\u00f3 abrir el segundo hub log\u00edstico en el vecino pa\u00eds. Adem\u00e1s, la posibilidad de ampliar el comercio y utilizar su infraestructura log\u00edstica en forma directa, ha alentado al estado de Bah\u00eda a conceder condiciones especiales a los productos de la provincia de Mendoza, que se exporten utilizando el hub y la zona franca de la regi\u00f3n.<\/p>\n\n\n\n<p>Con esta reuni\u00f3n se avanza en las condiciones especiales que el Estado de Bah\u00eda concede a los productos importados de Mendoza a trav\u00e9s del hub log\u00edstico: reducci\u00f3n de impuestos para los productos importados de Mendoza y diferimiento del pago de impuestos de importaci\u00f3n hasta la venta de los productos importados o 360 d\u00edas, el que sea menor.<\/p>\n\n\n\n<p>El acuerdo firmado constituye un importante paso en el desarrollo de la penetraci\u00f3n y expansi\u00f3n comercial de Mendoza, en distintas \u00e1reas del territorio brasilero, con un plan a corto plazo de 5 a\u00f1os y mediano plazo de 10 a\u00f1os, que permitir\u00e1 consolidar las exportaciones de Mendoza en un mercado en crecimiento. Actualmente, es la d\u00e9cima econom\u00eda del mundo y cuenta con un enorme potencial por lo que es sumamente atractivo como destino de nuestras exportaciones.<\/p>\n\n\n\n<div style=\"height:45px\" aria-hidden=\"true\" class=\"wp-block-spacer\"><\/div>\n","protected":false},"excerpt":{"rendered":"<p>El gobernador de la provincia, Rodolfo Su\u00e1rez, firm\u00f3 este viernes 28\/7\/23 un acuerdo con el&hellip;<\/p>\n","protected":false},"author":3,"featured_media":98361,"comment_status":"open","ping_status":"open","sticky":false,"template":"","format":"standard","meta":{"footnotes":""},"categories":[14],"tags":[],"class_list":["post-98191","post","type-post","status-publish","format-standard","has-post-thumbnail","hentry","category-news"],"_links":{"self":[{"href":"https:\/\/enolife.com.ar\/es\/wp-json\/wp\/v2\/posts\/98191","targetHints":{"allow":["GET"]}}],"collection":[{"href":"https:\/\/enolife.com.ar\/es\/wp-json\/wp\/v2\/posts"}],"about":[{"href":"https:\/\/enolife.com.ar\/es\/wp-json\/wp\/v2\/types\/post"}],"author":[{"embeddable":true,"href":"https:\/\/enolife.com.ar\/es\/wp-json\/wp\/v2\/users\/3"}],"replies":[{"embeddable":true,"href":"https:\/\/enolife.com.ar\/es\/wp-json\/wp\/v2\/comments?post=98191"}],"version-history":[{"count":0,"href":"https:\/\/enolife.com.ar\/es\/wp-json\/wp\/v2\/posts\/98191\/revisions"}],"wp:featuredmedia":[{"embeddable":true,"href":"https:\/\/enolife.com.ar\/es\/wp-json\/wp\/v2\/media\/98361"}],"wp:attachment":[{"href":"https:\/\/enolife.com.ar\/es\/wp-json\/wp\/v2\/media?parent=98191"}],"wp:term":[{"taxonomy":"category","embeddable":true,"href":"https:\/\/enolife.com.ar\/es\/wp-json\/wp\/v2\/categories?post=98191"},{"taxonomy":"post_tag","embeddable":true,"href":"https:\/\/enolife.com.ar\/es\/wp-json\/wp\/v2\/tags?post=98191"}],"curies":[{"name":"wp","href":"https:\/\/api.w.org\/{rel}","templated":true}]}}