{"id":98031,"date":"2023-07-27T22:44:14","date_gmt":"2023-07-27T22:44:14","guid":{"rendered":"https:\/\/enolife.com.ar\/es\/?p=98031"},"modified":"2023-07-28T23:26:07","modified_gmt":"2023-07-28T23:26:07","slug":"mayoria-de-europeos-y-ningun-argentino-entre-los-21-premios-de-la-oiv-a-ensayos-sobre-el-vino","status":"publish","type":"post","link":"https:\/\/enolife.com.ar\/es\/mayoria-de-europeos-y-ningun-argentino-entre-los-21-premios-de-la-oiv-a-ensayos-sobre-el-vino\/","title":{"rendered":"Mayor\u00eda de europeos y ning\u00fan argentino entre los 21 premios de la OIV a ensayos sobre el vino"},"content":{"rendered":"\n<h4 class=\"wp-block-heading\"><em><strong>El 24 de julio de 2023, los miembros del jurado de la Organizaci\u00f3n Internacional de la Vid y el Vino (OIV) otorgaron los premios del concurso anual que premia libros en formato f\u00edsico o digital, estudios, investigaciones, ensayos, trabajos multimedia, herramientas inform\u00e1ticas e incluso aplicaciones, en cualquier idioma, en 12 categor\u00edas. Los ganadores -a quienes se les publicar\u00e1n sus trabajos y tendr\u00e1n difusi\u00f3n global- fueron 13, y adem\u00e1s se entregaron 8 menciones especiales. Se presentaron 76 trabajos de 27 pa\u00edses. Entre los 21 premiados hay 9 franceses, 4 italianos, 2 espa\u00f1oles, 2 portugueses, 1 australiano, 1 suizo, 1 mexicano y un ensayo multinacional (autores de 6 nacionalidades, entre los cuales hay 1 brasile\u00f1o.<\/strong><\/em><\/h4>\n\n\n\n<div style=\"height:30px\" aria-hidden=\"true\" class=\"wp-block-spacer\"><\/div>\n\n\n<a href=\"https:\/\/www.parsecsrl.net\/es\/extraccion-selectiva-tintos\/\" aria-label=\"banner1700x500-rev-9\"><img loading=\"lazy\" decoding=\"async\" src=\"https:\/\/enolife.com.ar\/es\/wp-content\/uploads\/2022\/04\/banner1700x500-rev-9.gif\" alt=\"\"  width=\"1700\" height=\"500\"   \/><\/a>\n\n\n<div style=\"height:45px\" aria-hidden=\"true\" class=\"wp-block-spacer\"><\/div>\n\n\n\n<p>Los&nbsp;<strong>Premios de la Organizaci\u00f3n Internacional de la Vid y el Vino (OIV)<\/strong>&nbsp;se crearon en el a\u00f1o 1930. Son un tipo de galardones previstos en el Reglamento Interno de la instituci\u00f3n, que se otorgan anualmente a estudios o investigaciones t\u00e9cnicas y cient\u00edficas destinados a profesionales, docentes y trabajos de divulgaci\u00f3n para el p\u00fablico en general.<\/p>\n\n\n\n<p>Los trabajos -libros, en edici\u00f3n f\u00edsica o digital, y herramientas digitales e interactivas- son evaluados por un jurado internacional compuesto por reconocidas figuras del mundo vitivin\u00edcola en representaci\u00f3n de los Estados miembros de la OIV. El criterio de evaluaci\u00f3n se basa en el volumen del trabajo, la presentaci\u00f3n y organizaci\u00f3n, la calidad del contenido, la originalidad, el alcance internacional, el grado de interactividad de la herramienta digital, la impresi\u00f3n general dada al lector del libro o el usuario de la herramienta digital. Dependiendo de la participaci\u00f3n y de la calidad de las obras que concurran en cada categor\u00eda, el jurado tambi\u00e9n puede otorgar Menciones Especiales a otras obras dignas de reconocimiento.<\/p>\n\n\n\n<p>Este a\u00f1o se presentaron <strong>76 trabajos, provenientes de 27 pa\u00edses (miembros y no miembros de la OIV)<\/strong>, un n\u00famero record en la historia de los premios y la mayor\u00eda de ellos son de <strong>Francia<\/strong> e <strong>Italia<\/strong>. Las obras premiadas fueron <strong>13 y adem\u00e1s se entregaron 8 menciones especiales.<\/strong><\/p>\n\n\n\n<p>Seg\u00fan la <strong>presidenta de los Premios OIV<\/strong>, <strong>Az\u00e9lina Jaboulet-Vercherre:<\/strong> <em>\u201cLa mayor\u00eda de los libros de este a\u00f1o tienen un alto valor. las elecciones han sido muy dif\u00edciles\u201d.<\/em><\/p>\n\n\n\n<div style=\"height:35px\" aria-hidden=\"true\" class=\"wp-block-spacer\"><\/div>\n\n\n\n<p class=\"has-medium-font-size\"><strong>Ganadores<\/strong><\/p>\n\n\n\n<p class=\"has-background\" style=\"background-color:#abb7c24d\"><strong>Categor\u00eda: Viticultura<\/strong><\/p>\n\n\n\n<p><strong>Premio<\/strong>: \u00abCh\u00e2teauneuf-du-pape Histoire G\u00e9ologique &amp; Naissance des Terroirs\u00bb. De Francia (en Franc\u00e9s). Autor: Georges Truc.<\/p>\n\n\n\n<p><strong>Menci\u00f3n<\/strong>: \u00abVitigni, vini rari e antichi\u00bb. De Italia (en italiano). Autor: Ivano Asperti.&nbsp;<\/p>\n\n\n\n<div style=\"height:30px\" aria-hidden=\"true\" class=\"wp-block-spacer\"><\/div>\n\n\n<div class=\"wp-block-image\">\n<figure class=\"aligncenter size-full is-resized\"><a href=\"https:\/\/enolife.com.ar\/es\/wp-content\/uploads\/2023\/07\/Imagen1-19.jpg\" data-rel=\"penci-gallery-image-content\" ><img loading=\"lazy\" decoding=\"async\" src=\"https:\/\/enolife.com.ar\/es\/wp-content\/uploads\/2023\/07\/Imagen1-19.jpg\" alt=\"\" class=\"wp-image-98120\" width=\"488\" height=\"224\" srcset=\"https:\/\/enolife.com.ar\/es\/wp-content\/uploads\/2023\/07\/Imagen1-19.jpg 817w, https:\/\/enolife.com.ar\/es\/wp-content\/uploads\/2023\/07\/Imagen1-19-300x138.jpg 300w, https:\/\/enolife.com.ar\/es\/wp-content\/uploads\/2023\/07\/Imagen1-19-768x353.jpg 768w, https:\/\/enolife.com.ar\/es\/wp-content\/uploads\/2023\/07\/Imagen1-19-585x269.jpg 585w\" sizes=\"auto, (max-width: 488px) 100vw, 488px\" \/><\/a><\/figure><\/div>\n\n\n<div style=\"height:30px\" aria-hidden=\"true\" class=\"wp-block-spacer\"><\/div>\n\n\n\n<p class=\"has-background\" style=\"background-color:#abb7c24d\"><strong>Categor\u00eda: Vitivinicultura sostenible<\/strong><\/p>\n\n\n\n<p><strong>Menci\u00f3n<\/strong>: \u00abImproving Sustainable Viticulture and Winemaking Practices\u00bb. De Portugal, Espa\u00f1a, Italia, Francia, Alemania, Nueva Zelanda, Brasil, Australia y Suecia (en ingl\u00e9s). Autores: J. Miguel Costa, Sofia Catarino, Jose M. Escalona y Piergiorgio Comuzzo.<\/p>\n\n\n\n<div style=\"height:30px\" aria-hidden=\"true\" class=\"wp-block-spacer\"><\/div>\n\n\n<div class=\"wp-block-image\">\n<figure class=\"aligncenter size-full is-resized\"><a href=\"https:\/\/enolife.com.ar\/es\/wp-content\/uploads\/2023\/07\/Imagen3-9.jpg\" data-rel=\"penci-gallery-image-content\" ><img loading=\"lazy\" decoding=\"async\" src=\"https:\/\/enolife.com.ar\/es\/wp-content\/uploads\/2023\/07\/Imagen3-9.jpg\" alt=\"\" class=\"wp-image-98123\" width=\"182\" height=\"224\" srcset=\"https:\/\/enolife.com.ar\/es\/wp-content\/uploads\/2023\/07\/Imagen3-9.jpg 586w, https:\/\/enolife.com.ar\/es\/wp-content\/uploads\/2023\/07\/Imagen3-9-244x300.jpg 244w\" sizes=\"auto, (max-width: 182px) 100vw, 182px\" \/><\/a><\/figure><\/div>\n\n\n<div style=\"height:30px\" aria-hidden=\"true\" class=\"wp-block-spacer\"><\/div>\n\n\n\n<p class=\"has-background\" style=\"background-color:#abb7c24d\"><strong>Categor\u00eda: Enolog\u00eda<\/strong><\/p>\n\n\n\n<p><strong>Premio: \u00ab<\/strong>Microbiologia della vite e del vino\u00bb. De Italia (en italiano). Autores: Patrizia Romano, Maurizio Ciani y Luca Cocolin.<\/p>\n\n\n\n<p><strong>Menci\u00f3n: <\/strong>\u00abLa distillazione enologica. Manuale per la produzione di alcol etilico, grappa, brandy e la valorizzazione dei sottoprodotti vitivinicoli\u00bb. De Italia (en italiano). Autores: Giorgio di Vita y Pietro di Vita.<\/p>\n\n\n\n<div style=\"height:30px\" aria-hidden=\"true\" class=\"wp-block-spacer\"><\/div>\n\n\n<div class=\"wp-block-image\">\n<figure class=\"aligncenter size-full is-resized\"><a href=\"https:\/\/enolife.com.ar\/es\/wp-content\/uploads\/2023\/07\/Imagen4-5.jpg\" data-rel=\"penci-gallery-image-content\" ><img loading=\"lazy\" decoding=\"async\" src=\"https:\/\/enolife.com.ar\/es\/wp-content\/uploads\/2023\/07\/Imagen4-5.jpg\" alt=\"\" class=\"wp-image-98125\" width=\"398\" height=\"262\" srcset=\"https:\/\/enolife.com.ar\/es\/wp-content\/uploads\/2023\/07\/Imagen4-5.jpg 975w, https:\/\/enolife.com.ar\/es\/wp-content\/uploads\/2023\/07\/Imagen4-5-300x197.jpg 300w, https:\/\/enolife.com.ar\/es\/wp-content\/uploads\/2023\/07\/Imagen4-5-768x505.jpg 768w, https:\/\/enolife.com.ar\/es\/wp-content\/uploads\/2023\/07\/Imagen4-5-780x516.jpg 780w, https:\/\/enolife.com.ar\/es\/wp-content\/uploads\/2023\/07\/Imagen4-5-585x385.jpg 585w\" sizes=\"auto, (max-width: 398px) 100vw, 398px\" \/><\/a><\/figure><\/div>\n\n\n<div style=\"height:30px\" aria-hidden=\"true\" class=\"wp-block-spacer\"><\/div>\n\n\n\n<p class=\"has-background\" style=\"background-color:#abb7c24d\"><strong>Categor\u00eda: Derecho vitivin\u00edcola<\/strong><\/p>\n\n\n\n<p><strong>Premio<\/strong>: \u00abLes Grands Arr\u00eats du droit vitivinicole\u00bb. De Francia (en franc\u00e9s). Director: Th\u00e9odore Georgopoulos.<\/p>\n\n\n\n<div style=\"height:30px\" aria-hidden=\"true\" class=\"wp-block-spacer\"><\/div>\n\n\n<div class=\"wp-block-image\">\n<figure class=\"aligncenter size-full is-resized\"><a href=\"https:\/\/enolife.com.ar\/es\/wp-content\/uploads\/2023\/07\/Imagen5-7.jpg\" data-rel=\"penci-gallery-image-content\" ><img loading=\"lazy\" decoding=\"async\" src=\"https:\/\/enolife.com.ar\/es\/wp-content\/uploads\/2023\/07\/Imagen5-7.jpg\" alt=\"\" class=\"wp-image-98127\" width=\"215\" height=\"292\" srcset=\"https:\/\/enolife.com.ar\/es\/wp-content\/uploads\/2023\/07\/Imagen5-7.jpg 380w, https:\/\/enolife.com.ar\/es\/wp-content\/uploads\/2023\/07\/Imagen5-7-221x300.jpg 221w\" sizes=\"auto, (max-width: 215px) 100vw, 215px\" \/><\/a><\/figure><\/div>\n\n\n<div style=\"height:30px\" aria-hidden=\"true\" class=\"wp-block-spacer\"><\/div>\n\n\n\n<p class=\"has-background\" style=\"background-color:#abb7c24d\"><strong>Categor\u00eda: Historia<\/strong><\/p>\n\n\n\n<p><strong>Premio:<\/strong> \u00abVigne, vin et \u00e9ducation Du XVIII e si\u00e8cle \u00e0 nos jours\u00bb. De Francia (en franc\u00e9s). Autores: Marie-Anne Ch\u00e2teaureynaud, C\u00e9line Piot, Pauli Davil\u00e0, Luis M. Naya y Marguerite Figeac-Monthus.<\/p>\n\n\n\n<p><strong>Premio: <\/strong>\u00abThe Routledge Handbook of Wine and Culture\u00bb (en ingl\u00e9s). Editor y coordinador: Steve Charters.<\/p>\n\n\n\n<div style=\"height:30px\" aria-hidden=\"true\" class=\"wp-block-spacer\"><\/div>\n\n\n<div class=\"wp-block-image\">\n<figure class=\"aligncenter size-full is-resized\"><a href=\"https:\/\/enolife.com.ar\/es\/wp-content\/uploads\/2023\/07\/Imagen6-5.jpg\" data-rel=\"penci-gallery-image-content\" ><img loading=\"lazy\" decoding=\"async\" src=\"https:\/\/enolife.com.ar\/es\/wp-content\/uploads\/2023\/07\/Imagen6-5.jpg\" alt=\"\" class=\"wp-image-98129\" width=\"484\" height=\"294\" srcset=\"https:\/\/enolife.com.ar\/es\/wp-content\/uploads\/2023\/07\/Imagen6-5.jpg 883w, https:\/\/enolife.com.ar\/es\/wp-content\/uploads\/2023\/07\/Imagen6-5-300x182.jpg 300w, https:\/\/enolife.com.ar\/es\/wp-content\/uploads\/2023\/07\/Imagen6-5-768x466.jpg 768w, https:\/\/enolife.com.ar\/es\/wp-content\/uploads\/2023\/07\/Imagen6-5-585x355.jpg 585w\" sizes=\"auto, (max-width: 484px) 100vw, 484px\" \/><\/a><\/figure><\/div>\n\n\n<div style=\"height:30px\" aria-hidden=\"true\" class=\"wp-block-spacer\"><\/div>\n\n\n\n<p class=\"has-background\" style=\"background-color:#abb7c24d\"><strong>Categor\u00eda: Bellas Artes<\/strong><\/p>\n\n\n\n<p><strong>Menci\u00f3n<\/strong>: <strong>\u00ab<\/strong>Fa\u00efence et vin. De la table du prince \u00e0 la taverne du peuple (1640-1863)\u00bb. De Francia (en franc\u00e9s). Autor: Jean Rosen.<\/p>\n\n\n\n<div style=\"height:30px\" aria-hidden=\"true\" class=\"wp-block-spacer\"><\/div>\n\n\n<div class=\"wp-block-image\">\n<figure class=\"aligncenter size-full is-resized\"><a href=\"https:\/\/enolife.com.ar\/es\/wp-content\/uploads\/2023\/07\/Imagen7-5.jpg\" data-rel=\"penci-gallery-image-content\" ><img loading=\"lazy\" decoding=\"async\" src=\"https:\/\/enolife.com.ar\/es\/wp-content\/uploads\/2023\/07\/Imagen7-5.jpg\" alt=\"\" class=\"wp-image-98131\" width=\"233\" height=\"307\" srcset=\"https:\/\/enolife.com.ar\/es\/wp-content\/uploads\/2023\/07\/Imagen7-5.jpg 379w, https:\/\/enolife.com.ar\/es\/wp-content\/uploads\/2023\/07\/Imagen7-5-227x300.jpg 227w\" sizes=\"auto, (max-width: 233px) 100vw, 233px\" \/><\/a><\/figure><\/div>\n\n\n<div style=\"height:30px\" aria-hidden=\"true\" class=\"wp-block-spacer\"><\/div>\n\n\n\n<p class=\"has-background\" style=\"background-color:#abb7c24d\"><strong>Categor\u00eda: Literatura<\/strong><\/p>\n\n\n\n<p><strong>Premio:<\/strong> \u00abViti Vini Vici\u00bb. De Portugal (en portugu\u00e9s). Autor: Thomaz Vieira da Cruz.<\/p>\n\n\n\n<div style=\"height:30px\" aria-hidden=\"true\" class=\"wp-block-spacer\"><\/div>\n\n\n<div class=\"wp-block-image\">\n<figure class=\"aligncenter size-full is-resized\"><a href=\"https:\/\/enolife.com.ar\/es\/wp-content\/uploads\/2023\/07\/Imagen8-4.jpg\" data-rel=\"penci-gallery-image-content\" ><img loading=\"lazy\" decoding=\"async\" src=\"https:\/\/enolife.com.ar\/es\/wp-content\/uploads\/2023\/07\/Imagen8-4.jpg\" alt=\"\" class=\"wp-image-98133\" width=\"209\" height=\"282\" srcset=\"https:\/\/enolife.com.ar\/es\/wp-content\/uploads\/2023\/07\/Imagen8-4.jpg 459w, https:\/\/enolife.com.ar\/es\/wp-content\/uploads\/2023\/07\/Imagen8-4-222x300.jpg 222w\" sizes=\"auto, (max-width: 209px) 100vw, 209px\" \/><\/a><\/figure><\/div>\n\n\n<div style=\"height:30px\" aria-hidden=\"true\" class=\"wp-block-spacer\"><\/div>\n\n\n\n<p class=\"has-background\" style=\"background-color:#abb7c24d\"><strong>Categor\u00eda: Descubriendo y presentando vinos<\/strong><\/p>\n\n\n\n<p><strong>Premio<\/strong>:<strong>\u00bb <\/strong>The Book of Sherry Wines\u00bb. De Espa\u00f1a (en espa\u00f1ol e ingl\u00e9s). Autor: C\u00e9sar Salda\u00f1a. <\/p>\n\n\n\n<p><strong>Premio<\/strong>: \u00abKlein Constantia &#8211; The Home of Vin de Constance\u00bb. De Sud\u00e1frica (en ingl\u00e9s). Autor: Joanne Gibson.<\/p>\n\n\n\n<div style=\"height:30px\" aria-hidden=\"true\" class=\"wp-block-spacer\"><\/div>\n\n\n<div class=\"wp-block-image\">\n<figure class=\"aligncenter size-full is-resized\"><a href=\"https:\/\/enolife.com.ar\/es\/wp-content\/uploads\/2023\/07\/Imagen9-5.jpg\" data-rel=\"penci-gallery-image-content\" ><img loading=\"lazy\" decoding=\"async\" src=\"https:\/\/enolife.com.ar\/es\/wp-content\/uploads\/2023\/07\/Imagen9-5.jpg\" alt=\"\" class=\"wp-image-98135\" width=\"395\" height=\"258\" srcset=\"https:\/\/enolife.com.ar\/es\/wp-content\/uploads\/2023\/07\/Imagen9-5.jpg 911w, https:\/\/enolife.com.ar\/es\/wp-content\/uploads\/2023\/07\/Imagen9-5-300x196.jpg 300w, https:\/\/enolife.com.ar\/es\/wp-content\/uploads\/2023\/07\/Imagen9-5-768x502.jpg 768w, https:\/\/enolife.com.ar\/es\/wp-content\/uploads\/2023\/07\/Imagen9-5-585x383.jpg 585w\" sizes=\"auto, (max-width: 395px) 100vw, 395px\" \/><\/a><\/figure><\/div>\n\n\n<div style=\"height:30px\" aria-hidden=\"true\" class=\"wp-block-spacer\"><\/div>\n\n\n\n<p class=\"has-background\" style=\"background-color:#abb7c24d\"><strong>Categor\u00eda: Vinos y territorios<\/strong><\/p>\n\n\n\n<p><strong>Premio: \u00ab<\/strong>Italian Wine Unplugged 2.0&#8243;. De Italia (en ingl\u00e9s). Autor: Attilio Scienza y editores.<\/p>\n\n\n\n<p><strong>Menci\u00f3n: <\/strong>\u00abHistoire des vins de l&#8217;AOC Touraine\u00bb. De Francia (en franc\u00e9s). Autor: Nicolas Raduget.<\/p>\n\n\n\n<div style=\"height:30px\" aria-hidden=\"true\" class=\"wp-block-spacer\"><\/div>\n\n\n<div class=\"wp-block-image\">\n<figure class=\"aligncenter size-full is-resized\"><a href=\"https:\/\/enolife.com.ar\/es\/wp-content\/uploads\/2023\/07\/Imagen10-4.jpg\" data-rel=\"penci-gallery-image-content\" ><img loading=\"lazy\" decoding=\"async\" src=\"https:\/\/enolife.com.ar\/es\/wp-content\/uploads\/2023\/07\/Imagen10-4.jpg\" alt=\"\" class=\"wp-image-98138\" width=\"418\" height=\"269\" srcset=\"https:\/\/enolife.com.ar\/es\/wp-content\/uploads\/2023\/07\/Imagen10-4.jpg 861w, https:\/\/enolife.com.ar\/es\/wp-content\/uploads\/2023\/07\/Imagen10-4-300x193.jpg 300w, https:\/\/enolife.com.ar\/es\/wp-content\/uploads\/2023\/07\/Imagen10-4-768x494.jpg 768w, https:\/\/enolife.com.ar\/es\/wp-content\/uploads\/2023\/07\/Imagen10-4-585x376.jpg 585w\" sizes=\"auto, (max-width: 418px) 100vw, 418px\" \/><\/a><\/figure><\/div>\n\n\n<div style=\"height:30px\" aria-hidden=\"true\" class=\"wp-block-spacer\"><\/div>\n\n\n\n<p class=\"has-background\" style=\"background-color:#abb7c24d\"><strong>Categor\u00eda: Monograf\u00edas y estudios especializados<\/strong><\/p>\n\n\n\n<p><strong>Premio: \u00ab<\/strong>Les vignerons du ciel\u00bb. De Francia (en franc\u00e9s). Autor: Marc Paitier.<\/p>\n\n\n\n<p><strong>Premio<\/strong>: \u00abThe History of Rioja Wine\u00bb. De Espa\u00f1a (en ingl\u00e9s). Autor: Ludger Mees.&nbsp;<\/p>\n\n\n\n<p><strong>Menci\u00f3n<\/strong>: \u00abFazer a paisagem no Alto Douro Vinhateiro, desafios de um territ\u00f3rio\u00bb. De Portugal (en portugu\u00e9s). Autora: Nat\u00e1lia Fauvrelle.<\/p>\n\n\n\n<div style=\"height:30px\" aria-hidden=\"true\" class=\"wp-block-spacer\"><\/div>\n\n\n<div class=\"wp-block-image\">\n<figure class=\"aligncenter size-large is-resized\"><a href=\"https:\/\/enolife.com.ar\/es\/wp-content\/uploads\/2023\/07\/Imagen11-3.jpg\" data-rel=\"penci-gallery-image-content\" ><img loading=\"lazy\" decoding=\"async\" src=\"https:\/\/enolife.com.ar\/es\/wp-content\/uploads\/2023\/07\/Imagen11-3-1024x412.jpg\" alt=\"\" class=\"wp-image-98140\" width=\"594\" height=\"238\" srcset=\"https:\/\/enolife.com.ar\/es\/wp-content\/uploads\/2023\/07\/Imagen11-3-1024x412.jpg 1024w, https:\/\/enolife.com.ar\/es\/wp-content\/uploads\/2023\/07\/Imagen11-3-300x121.jpg 300w, https:\/\/enolife.com.ar\/es\/wp-content\/uploads\/2023\/07\/Imagen11-3-768x309.jpg 768w, https:\/\/enolife.com.ar\/es\/wp-content\/uploads\/2023\/07\/Imagen11-3-1170x471.jpg 1170w, https:\/\/enolife.com.ar\/es\/wp-content\/uploads\/2023\/07\/Imagen11-3-585x235.jpg 585w, https:\/\/enolife.com.ar\/es\/wp-content\/uploads\/2023\/07\/Imagen11-3.jpg 1434w\" sizes=\"auto, (max-width: 594px) 100vw, 594px\" \/><\/a><\/figure><\/div>\n\n\n<div style=\"height:30px\" aria-hidden=\"true\" class=\"wp-block-spacer\"><\/div>\n\n\n\n<p class=\"has-background\" style=\"background-color:#abb7c24d\"><strong>Categor\u00eda: Acta de simposios<\/strong><\/p>\n\n\n\n<p><strong>Menci\u00f3n: \u00ab<\/strong>La industria vitivin\u00edcola mexicana en el Siglo XXI, retos econ\u00f3micos ambientales y sociales\u00bb. De M\u00e9xico (en espa\u00f1ol). Autores: Ariel V\u00e1zquez Elorza, Norma Consuelo Borrego P\u00e9rez, Adolfo Federico Herrera Garc\u00eda y Ever S\u00e1nchez Osorio.<\/p>\n\n\n\n<div style=\"height:30px\" aria-hidden=\"true\" class=\"wp-block-spacer\"><\/div>\n\n\n<div class=\"wp-block-image\">\n<figure class=\"aligncenter size-full is-resized\"><a href=\"https:\/\/enolife.com.ar\/es\/wp-content\/uploads\/2023\/07\/Imagen12-3.jpg\" data-rel=\"penci-gallery-image-content\" ><img loading=\"lazy\" decoding=\"async\" src=\"https:\/\/enolife.com.ar\/es\/wp-content\/uploads\/2023\/07\/Imagen12-3.jpg\" alt=\"\" class=\"wp-image-98142\" width=\"209\" height=\"304\" srcset=\"https:\/\/enolife.com.ar\/es\/wp-content\/uploads\/2023\/07\/Imagen12-3.jpg 465w, https:\/\/enolife.com.ar\/es\/wp-content\/uploads\/2023\/07\/Imagen12-3-206x300.jpg 206w\" sizes=\"auto, (max-width: 209px) 100vw, 209px\" \/><\/a><\/figure><\/div>\n\n\n<div style=\"height:30px\" aria-hidden=\"true\" class=\"wp-block-spacer\"><\/div>\n\n\n\n<p class=\"has-background\" style=\"background-color:#abb7c24d\"><strong>Categor\u00eda: Libro de texto<\/strong><\/p>\n\n\n\n<p><strong>Menci\u00f3n:<\/strong> \u00abPetit pr\u00e9cis de viticulture &#8211; Tome 1: Terroirs, implantation et d\u00e9veloppement de la vigne\u00bb. De Francia (en franc\u00e9s). Director de la colecci\u00f3n: Jean-Luc Berger.<\/p>\n\n\n\n<p><strong>Menci\u00f3n: <\/strong>\u00abPetit pr\u00e9cis de viticulture &#8211; Tome 2: La production de raisins\u00bb. De Francia (en franc\u00e9s). Director de la colecci\u00f3n: Jean-Luc Berger Directeur de collection.&nbsp;<\/p>\n\n\n\n<div style=\"height:30px\" aria-hidden=\"true\" class=\"wp-block-spacer\"><\/div>\n\n\n<div class=\"wp-block-image\">\n<figure class=\"aligncenter size-full is-resized\"><a href=\"https:\/\/enolife.com.ar\/es\/wp-content\/uploads\/2023\/07\/Imagen13-3.jpg\" data-rel=\"penci-gallery-image-content\" ><img loading=\"lazy\" decoding=\"async\" src=\"https:\/\/enolife.com.ar\/es\/wp-content\/uploads\/2023\/07\/Imagen13-3.jpg\" alt=\"\" class=\"wp-image-98145\" width=\"424\" height=\"266\" srcset=\"https:\/\/enolife.com.ar\/es\/wp-content\/uploads\/2023\/07\/Imagen13-3.jpg 948w, https:\/\/enolife.com.ar\/es\/wp-content\/uploads\/2023\/07\/Imagen13-3-300x188.jpg 300w, https:\/\/enolife.com.ar\/es\/wp-content\/uploads\/2023\/07\/Imagen13-3-768x482.jpg 768w, https:\/\/enolife.com.ar\/es\/wp-content\/uploads\/2023\/07\/Imagen13-3-585x367.jpg 585w\" sizes=\"auto, (max-width: 424px) 100vw, 424px\" \/><\/a><\/figure><\/div>\n\n\n<div style=\"height:30px\" aria-hidden=\"true\" class=\"wp-block-spacer\"><\/div>\n\n\n\n<p class=\"has-background\" style=\"background-color:#abb7c24d\"><strong>Categor\u00eda: Ilustradores<\/strong><\/p>\n\n\n\n<p><strong>Premio: \u00ab<\/strong>Sur la piste du chasselas\u00bb. De Suiza (en franc\u00e9s e ingl\u00e9s). Autores: German, Claude-Alain Mayor, Alexandre Truffer y Christian Moreillon.<\/p>\n\n\n\n<p><strong>Premio: <\/strong>\u00abOenologix\u00bb. De Francia (en franc\u00e9s). Autor: Fran\u00e7ois Bachelot.<\/p>\n\n\n\n<div style=\"height:30px\" aria-hidden=\"true\" class=\"wp-block-spacer\"><\/div>\n\n\n<div class=\"wp-block-image\">\n<figure class=\"aligncenter size-large is-resized\"><a href=\"https:\/\/enolife.com.ar\/es\/wp-content\/uploads\/2023\/07\/Imagen14-3.jpg\" data-rel=\"penci-gallery-image-content\" ><img loading=\"lazy\" decoding=\"async\" src=\"https:\/\/enolife.com.ar\/es\/wp-content\/uploads\/2023\/07\/Imagen14-3-1024x630.jpg\" alt=\"\" class=\"wp-image-98147\" width=\"420\" height=\"257\" srcset=\"https:\/\/enolife.com.ar\/es\/wp-content\/uploads\/2023\/07\/Imagen14-3-1024x630.jpg 1024w, https:\/\/enolife.com.ar\/es\/wp-content\/uploads\/2023\/07\/Imagen14-3-300x185.jpg 300w, https:\/\/enolife.com.ar\/es\/wp-content\/uploads\/2023\/07\/Imagen14-3-585x360.jpg 585w\" sizes=\"auto, (max-width: 420px) 100vw, 420px\" \/><\/a><\/figure><\/div>\n\n\n<div style=\"height:35px\" aria-hidden=\"true\" class=\"wp-block-spacer\"><\/div>\n\n\n\n<div style=\"height:30px\" aria-hidden=\"true\" class=\"wp-block-spacer\"><\/div>\n","protected":false},"excerpt":{"rendered":"<p>El 24 de julio de 2023, los miembros del jurado de la Organizaci\u00f3n Internacional de&hellip;<\/p>\n","protected":false},"author":3,"featured_media":98152,"comment_status":"open","ping_status":"open","sticky":false,"template":"","format":"standard","meta":{"footnotes":""},"categories":[14],"tags":[],"class_list":["post-98031","post","type-post","status-publish","format-standard","has-post-thumbnail","hentry","category-news"],"_links":{"self":[{"href":"https:\/\/enolife.com.ar\/es\/wp-json\/wp\/v2\/posts\/98031","targetHints":{"allow":["GET"]}}],"collection":[{"href":"https:\/\/enolife.com.ar\/es\/wp-json\/wp\/v2\/posts"}],"about":[{"href":"https:\/\/enolife.com.ar\/es\/wp-json\/wp\/v2\/types\/post"}],"author":[{"embeddable":true,"href":"https:\/\/enolife.com.ar\/es\/wp-json\/wp\/v2\/users\/3"}],"replies":[{"embeddable":true,"href":"https:\/\/enolife.com.ar\/es\/wp-json\/wp\/v2\/comments?post=98031"}],"version-history":[{"count":0,"href":"https:\/\/enolife.com.ar\/es\/wp-json\/wp\/v2\/posts\/98031\/revisions"}],"wp:featuredmedia":[{"embeddable":true,"href":"https:\/\/enolife.com.ar\/es\/wp-json\/wp\/v2\/media\/98152"}],"wp:attachment":[{"href":"https:\/\/enolife.com.ar\/es\/wp-json\/wp\/v2\/media?parent=98031"}],"wp:term":[{"taxonomy":"category","embeddable":true,"href":"https:\/\/enolife.com.ar\/es\/wp-json\/wp\/v2\/categories?post=98031"},{"taxonomy":"post_tag","embeddable":true,"href":"https:\/\/enolife.com.ar\/es\/wp-json\/wp\/v2\/tags?post=98031"}],"curies":[{"name":"wp","href":"https:\/\/api.w.org\/{rel}","templated":true}]}}