{"id":97680,"date":"2023-07-25T22:52:16","date_gmt":"2023-07-25T22:52:16","guid":{"rendered":"https:\/\/enolife.com.ar\/es\/?p=97680"},"modified":"2023-07-26T14:08:15","modified_gmt":"2023-07-26T14:08:15","slug":"desde-brasil-vienen-a-comprar-alimentos-y-vino-el-26-7-en-tupungato-y-el-28-7-en-san-rafael","status":"publish","type":"post","link":"https:\/\/enolife.com.ar\/es\/desde-brasil-vienen-a-comprar-alimentos-y-vino-el-26-7-en-tupungato-y-el-28-7-en-san-rafael\/","title":{"rendered":"Desde Brasil vienen a comprar alimentos y vino, el 26\/7 en Tupungato y el 28\/7 en San Rafael"},"content":{"rendered":"\n<h4 class=\"wp-block-heading\"><em><strong>ProMendoza -entidad gubernamental encargada de promocionar los productos mendocinos en el exterior-, junto al Consejo Federal de Inversiones y municipios de la zona Este, el Valle de Uco y San Rafael, han organizado una ronda de negocios entre 5 importadores brasile\u00f1os llegados esta semana a la provincia y representantes de unas 80 peque\u00f1as y medianas empresas (pymes) locales. Ya se reunieron con productores de la zona Este y de la zona Norte. Ma\u00f1ana mi\u00e9rcoles 26\/7 mantendr\u00e1n nuevos encuentros con empresas del Valle de Uco, en el hotel de Turismo de Tupungato. Y el viernes 28\/7 con pymes sure\u00f1as en el Centro de Congresos y Exposiciones de San Rafael. <\/strong><\/em><\/h4>\n\n\n\n<div style=\"height:35px\" aria-hidden=\"true\" class=\"wp-block-spacer\"><\/div>\n\n\n<a href=\"https:\/\/jmzeballos.com\/\" aria-label=\"PUBLICIDAD ENOLIFE 2023_OENO OVOID 1700 x 500\"><img loading=\"lazy\" decoding=\"async\" src=\"https:\/\/enolife.com.ar\/es\/wp-content\/uploads\/2020\/12\/PUBLICIDAD-ENOLIFE-2023_OENO-OVOID-1700-x-500.jpg\" alt=\"\"  srcset=\"https:\/\/enolife.com.ar\/es\/wp-content\/uploads\/2020\/12\/PUBLICIDAD-ENOLIFE-2023_OENO-OVOID-1700-x-500.jpg 1700w, https:\/\/enolife.com.ar\/es\/wp-content\/uploads\/2020\/12\/PUBLICIDAD-ENOLIFE-2023_OENO-OVOID-1700-x-500-300x88.jpg 300w, https:\/\/enolife.com.ar\/es\/wp-content\/uploads\/2020\/12\/PUBLICIDAD-ENOLIFE-2023_OENO-OVOID-1700-x-500-1024x301.jpg 1024w, https:\/\/enolife.com.ar\/es\/wp-content\/uploads\/2020\/12\/PUBLICIDAD-ENOLIFE-2023_OENO-OVOID-1700-x-500-768x226.jpg 768w, https:\/\/enolife.com.ar\/es\/wp-content\/uploads\/2020\/12\/PUBLICIDAD-ENOLIFE-2023_OENO-OVOID-1700-x-500-1536x452.jpg 1536w, https:\/\/enolife.com.ar\/es\/wp-content\/uploads\/2020\/12\/PUBLICIDAD-ENOLIFE-2023_OENO-OVOID-1700-x-500-1170x344.jpg 1170w, https:\/\/enolife.com.ar\/es\/wp-content\/uploads\/2020\/12\/PUBLICIDAD-ENOLIFE-2023_OENO-OVOID-1700-x-500-585x172.jpg 585w\" sizes=\"auto, (max-width: 1700px) 100vw, 1700px\" width=\"1700\" height=\"500\"   \/><\/a>\n\n\n<div style=\"height:45px\" aria-hidden=\"true\" class=\"wp-block-spacer\"><\/div>\n\n\n\n<p>El <strong>Ministerio de Econom\u00eda y Energ\u00eda de Mendoza<\/strong>, a trav\u00e9s de <strong>ProMendoza<\/strong> y el <strong>Consejo Federal de Inversiones<\/strong>, est\u00e1n manteniendo esta semana una Ronda de Negocios Inversa de vinos y alimentos. Se trata de un espacio de comercializaci\u00f3n que se realiza en los cuatro oasis productivos de la provincia, con la participaci\u00f3n 5 importadores brasile\u00f1os.&nbsp;<\/p>\n\n\n\n<p>Seg\u00fan detallaron desde ProMendoza, la iniciativa incluye la participaci\u00f3n de <strong>80 pymes mendocinas,<\/strong> cuyos representantes tendr\u00e1n la oportunidad de promocionar y vender sus productos al exterior sin la necesidad de salir de la provincia. &nbsp;<\/p>\n\n\n\n<p>Desde Brasil participan representantes de&nbsp;<strong>Enxuto Supermercados&nbsp;LTDA<\/strong>., <strong>Companhia Sulamericana&nbsp;de Distribui\u00e7\u00e3o<\/strong>,&nbsp;<strong>Mendos Comercio&nbsp;Varejista e Atacadista de Alimentos e Bebidas<\/strong>,&nbsp;<strong>Satori Importa\u00e7\u00e3o &amp; Exporta\u00e7\u00e3o&nbsp;LTDA<\/strong> y&nbsp;<strong>Unibrasil-Uni\u00e3o de Redes Brasil.<\/strong> Todos buscan ampliar su portfolio de productos para ofrecer en sus bocas de expendio distribuidas en todo su pa\u00eds. &nbsp;<\/p>\n\n\n\n<div style=\"height:23px\" aria-hidden=\"true\" class=\"wp-block-spacer\"><\/div>\n\n\n\n<h3 class=\"wp-block-heading has-vivid-red-color has-text-color\">Brasil es el pa\u00eds que m\u00e1s le compra a Mendoza de los 136 destinos mundiales a los que Mendoza le vende productos. Este es el top 10 de compradores de Mendoza: Brasil, Estados Unidos, Chile, Reino Unido, China, Canad\u00e1, M\u00e9xico, Uruguay, Pa\u00edses Bajos y Francia. &nbsp;<\/h3>\n\n\n\n<div style=\"height:29px\" aria-hidden=\"true\" class=\"wp-block-spacer\"><\/div>\n\n\n\n<p><strong>Mario Lazzaro<\/strong>, de ProMendoza, estuvo al frente de la apertura de las jornadas de negocio, el pasado lunes 24\/7. En ese marco, el funcionario, coment\u00f3: <em>\u00abBrasil es la d\u00e9cima econom\u00eda del mundo, el tercer socio comercial de Mendoza y le vendemos la tercera parte de lo que le podr\u00edamos vender. Nuestros productos est\u00e1n con una leve presencia en el marcado brasilero y es por ello que debemos continuar una estrategia que impulsamos recientemente y que se expresan en el incremento de las exportaciones en un 45% desde 2016 a la fecha\u00bb.<\/em> &nbsp;<\/p>\n\n\n\n<p>En este sentido,<strong>&nbsp;<\/strong>Lazzaro, agreg\u00f3: <em>\u00abTrabajamos para brindar herramientas concretas. Las rondas de negocios son una de ellas. Nos permiten poner frente a frente a nuestras PyMEs y compradores que conocen profundamente el mercado. Quienes nos acompa\u00f1an hoy son representantes de elevado nivel comercial, facturaci\u00f3n y representatividad en el sector minorista en distintas regiones de Brasil. Hemos intentado cubrir toda la cadena de valor\u00bb.<\/em> &nbsp;<\/p>\n\n\n\n<p>El funcionario&nbsp;invit\u00f3 a los asistentes a la presentaci\u00f3n a <em>\u00abaprovechar al m\u00e1ximo el espacio para concretar buenos negocios para la provincia\u00bb<\/em>. Adem\u00e1s, Lazzaro agradeci\u00f3 al vicegobernador de la provincia, <strong>Mario Abed<\/strong>, por ayudar a que este proceso de posicionamiento de productos mendocinos en el mundo llegase a la zona Este de Mendoza. &nbsp;<\/p>\n\n\n\n<p>A su turno, el vicegobernador Abed coment\u00f3: <em>\u00abPara nosotros es un enorme placer recibirlos y poder compartir con ustedes. Es un orgullo que est\u00e9n en Mendoza. Esperamos que el paso por nuestra provincia sea de vuestro agrado. No s\u00f3lo puedan aprovechar al m\u00e1ximo estos encuentros comerciales sino, adem\u00e1s, las bellezas de nuestra provincia\u00bb.<\/em> &nbsp;<\/p>\n\n\n\n<p>Y se\u00f1al\u00f3 Abed: <em>\u00abEs la primera vez que un evento de estas caracter\u00edsticas en Mendoza. Esperamos que se lleven la mejor impresi\u00f3n nuestra y en nombre del gobernador si\u00e9ntanse muy bienvenidos, siempre con el coraz\u00f3n puesto en que podamos seguir haciendo muchos negocios m\u00e1s con nuestro hermano pa\u00eds de Brasil\u00bb. &nbsp;<\/em><\/p>\n\n\n\n<div style=\"height:27px\" aria-hidden=\"true\" class=\"wp-block-spacer\"><\/div>\n\n\n\n<blockquote class=\"wp-block-quote is-layout-flow wp-block-quote-is-layout-flow\">\n<p>Nosotros llevamos 8 a\u00f1os importando vino, ajo, espumantes, tomate y cebolla. Los vinos que compramos son f\u00e1ciles de beber, y eso nos gusta mucho\u00bb.<\/p>\n<cite>Andr\u00e9 Roldo, empresario brasile\u00f1o.<\/cite><\/blockquote>\n\n\n\n<div style=\"height:20px\" aria-hidden=\"true\" class=\"wp-block-spacer\"><\/div>\n\n\n\n<p><strong>Andr\u00e9 Roldo<\/strong>, empresario oriundo de Brasil, coment\u00f3 que es la primera vez que llega a nuestra provincia en el marco de una Ronda de Negocios: <em>\u00abMe encanta participar de un evento de estas caracter\u00edsticas, ya que no solo nos permiten conocer de primera mano los productos sino que, adem\u00e1s, conocemos la cultura de las pymes y sus creadores. Mendoza tiene una alta calidad y alto compromiso por parte de los productores\u00bb.&nbsp;&nbsp;<\/em><\/p>\n\n\n\n<p>Consultado Roldo sobre qu\u00e9 productos vienen a buscar, se\u00f1al\u00f3: <em>\u00abNosotros llevamos 8 a\u00f1os importando vino, ajo, espumantes, tomate y cebolla. Hoy hemos observado que el productor est\u00e1 entendiendo el mercado de Brasil y est\u00e1n muy interesados en llegar con sus productos a nuestro pa\u00eds. Hemos visto que los vinos, por ejemplo, han sido elaborados buscando a consumidores j\u00f3venes, son vinos f\u00e1ciles de beber y eso nos gusta mucho\u00bb. &nbsp;<\/em><\/p>\n\n\n\n<p>\u00ab<em>Actualmente<\/em> -detall\u00f3 Roldo- <em>estamos trabajando con 8 bodegas, de quienes nos encargaremos de hacer todos los tr\u00e1mites para que los productos mendocinos puedan ingresar a nuestro mercado. Tambi\u00e9n vamos a las ferias haciendo un soporte para que los productores puedan estar presentes\u00bb. <\/em>Y finaliz\u00f3:<em> \u00abSiempre estamos muy atentos a las variaciones de precios, porque a ra\u00edz de la macroeconom\u00eda argentina nuestros clientes deben trasladar los costos al producto. En muchos casos los precios se incrementan por falta de insumos y es all\u00ed donde se comienza a comparar, por ejemplo, con productos de Europa\u00bb.&nbsp;&nbsp;<\/em><\/p>\n\n\n\n<div style=\"height:24px\" aria-hidden=\"true\" class=\"wp-block-spacer\"><\/div>\n\n\n\n<h3 class=\"wp-block-heading has-vivid-red-color has-text-color\">Brasil es un mercado natural para las empresas mendocinas por la cercan\u00eda -35 horas por ruta en cami\u00f3n- lo que facilita y abarata la log\u00edstica para las pymes de la provincia. &nbsp;<\/h3>\n\n\n\n<div style=\"height:25px\" aria-hidden=\"true\" class=\"wp-block-spacer\"><\/div>\n\n\n\n<p>Por su parte, <strong>Daniel G\u00f3mez<\/strong>, gerente de <strong>Titarelli Wines<\/strong>, empresa mendocina, destac\u00f3 la importancia del evento: <em>\u00abPara nosotros es incre\u00edble que se haya logrado traer a importadores de Brasil a esta zona de la provincia. Digo incre\u00edble porque nosotros siempre fuimos los que nos tuvimos que mover en busca de esos potenciales compradores. Esto no es suerte sino un producto de la gesti\u00f3n. Reci\u00e9n charlamos con uno de ellos quien nos coment\u00f3 que tiene 75 bocas y el poder estar sentados frente a un importador de ese calibre es para nosotros muy importante\u00bb. &nbsp;<\/em><\/p>\n\n\n\n<p><em>\u00abLo importante de este encuentro <\/em>-evalu\u00f3 G\u00f3mez-<em> es que si el cliente quiere conocer m\u00e1s sobre nuestro producto o bien necesita resolver algo que nos permita cerrar un negocio, tenemos la bodega a tan s\u00f3lo 20 minutos de aqu\u00ed. Esto facilita mucho el trabajo. Mendoza tiene mucho para ofrecer en cuanto alimentos y bebidas, en nuestro caso tenemos toda la gama de productos org\u00e1nicos y de alta gama\u00bb.<\/em>&nbsp;<\/p>\n\n\n\n<p>Sobre c\u00f3mo funciona una Ronda de Negocios Inversa,&nbsp;desde ProMendoza, explicaron: <em>\u00abEs una Ronda de Negocios en donde los compradores del exterior vienen a la provincia, por lo tanto las empresas de Mendoza ofrecen sus productos para exportar sin afrontar los gastos para viajar. Pero, adem\u00e1s, se re\u00fanen con importadores de varios estados brasileros en una ma\u00f1ana. Por lo que pueden hacer negocios en d\u00f3lares sin salir de la provincia.\u00bb&nbsp;&nbsp;<\/em><\/p>\n\n\n\n<div style=\"height:36px\" aria-hidden=\"true\" class=\"wp-block-spacer\"><\/div>\n","protected":false},"excerpt":{"rendered":"<p>ProMendoza -entidad gubernamental encargada de promocionar los productos mendocinos en el exterior-, junto al Consejo&hellip;<\/p>\n","protected":false},"author":3,"featured_media":97883,"comment_status":"open","ping_status":"open","sticky":false,"template":"","format":"standard","meta":{"footnotes":""},"categories":[14],"tags":[],"class_list":["post-97680","post","type-post","status-publish","format-standard","has-post-thumbnail","hentry","category-news"],"_links":{"self":[{"href":"https:\/\/enolife.com.ar\/es\/wp-json\/wp\/v2\/posts\/97680","targetHints":{"allow":["GET"]}}],"collection":[{"href":"https:\/\/enolife.com.ar\/es\/wp-json\/wp\/v2\/posts"}],"about":[{"href":"https:\/\/enolife.com.ar\/es\/wp-json\/wp\/v2\/types\/post"}],"author":[{"embeddable":true,"href":"https:\/\/enolife.com.ar\/es\/wp-json\/wp\/v2\/users\/3"}],"replies":[{"embeddable":true,"href":"https:\/\/enolife.com.ar\/es\/wp-json\/wp\/v2\/comments?post=97680"}],"version-history":[{"count":0,"href":"https:\/\/enolife.com.ar\/es\/wp-json\/wp\/v2\/posts\/97680\/revisions"}],"wp:featuredmedia":[{"embeddable":true,"href":"https:\/\/enolife.com.ar\/es\/wp-json\/wp\/v2\/media\/97883"}],"wp:attachment":[{"href":"https:\/\/enolife.com.ar\/es\/wp-json\/wp\/v2\/media?parent=97680"}],"wp:term":[{"taxonomy":"category","embeddable":true,"href":"https:\/\/enolife.com.ar\/es\/wp-json\/wp\/v2\/categories?post=97680"},{"taxonomy":"post_tag","embeddable":true,"href":"https:\/\/enolife.com.ar\/es\/wp-json\/wp\/v2\/tags?post=97680"}],"curies":[{"name":"wp","href":"https:\/\/api.w.org\/{rel}","templated":true}]}}