{"id":97554,"date":"2023-07-21T17:49:43","date_gmt":"2023-07-21T17:49:43","guid":{"rendered":"https:\/\/enolife.com.ar\/es\/?p=97554"},"modified":"2023-07-25T01:17:34","modified_gmt":"2023-07-25T01:17:34","slug":"la-oiv-celebrara-100-anos-con-pinot-noir-2022-de-arbois-donde-pasteur-descubrio-la-fermentacion","status":"publish","type":"post","link":"https:\/\/enolife.com.ar\/es\/la-oiv-celebrara-100-anos-con-pinot-noir-2022-de-arbois-donde-pasteur-descubrio-la-fermentacion\/","title":{"rendered":"La OIV celebrar\u00e1 100 a\u00f1os con pinot noir 2022 de Arbois, donde Pasteur descubri\u00f3 la fermentaci\u00f3n"},"content":{"rendered":"\n<h4 class=\"wp-block-heading\"><em><strong>El presidente de la Organizaci\u00f3n Internacional de la Vid y el Vino (OIV), Luigi Moio, eligi\u00f3 para el festejo del centenario de la entidad rectora de la vitivinicultura global la cosecha 2022 del varietal t\u00edpico de la ciudad de Arbois, representativa del origen y la misi\u00f3n de la OIV, ya que all\u00ed el cient\u00edfico franc\u00e9s Louis Pasteur (1822-1895) desarroll\u00f3 la t\u00e9cnica de la pasteurizaci\u00f3n y realiz\u00f3 descubrimientos sobre los procesos fermentativos, que a\u00fan se aplican en enolog\u00eda. La vi\u00f1a y la bodega Domaine Maire et Fils, productora de estos vinos, pertenece a Jean-Fran\u00e7ois Curie y su familia, quienes ostentan tambi\u00e9n un apellido ilustre ligado a la ciencia y la vitivinicultura<\/strong><\/em>.<\/h4>\n\n\n\n<div style=\"height:35px\" aria-hidden=\"true\" class=\"wp-block-spacer\"><\/div>\n\n\n<a href=\"https:\/\/fermentis.com\/es\/\" aria-label=\"MYC-forSparkling_1700x500 (1)\"><img loading=\"lazy\" decoding=\"async\" src=\"https:\/\/enolife.com.ar\/es\/wp-content\/uploads\/2022\/03\/MYC-forSparkling_1700x500-1.jpg\" alt=\"\"  srcset=\"https:\/\/enolife.com.ar\/es\/wp-content\/uploads\/2022\/03\/MYC-forSparkling_1700x500-1.jpg 1700w, https:\/\/enolife.com.ar\/es\/wp-content\/uploads\/2022\/03\/MYC-forSparkling_1700x500-1-300x88.jpg 300w, https:\/\/enolife.com.ar\/es\/wp-content\/uploads\/2022\/03\/MYC-forSparkling_1700x500-1-1024x301.jpg 1024w, https:\/\/enolife.com.ar\/es\/wp-content\/uploads\/2022\/03\/MYC-forSparkling_1700x500-1-768x226.jpg 768w, https:\/\/enolife.com.ar\/es\/wp-content\/uploads\/2022\/03\/MYC-forSparkling_1700x500-1-1536x452.jpg 1536w, https:\/\/enolife.com.ar\/es\/wp-content\/uploads\/2022\/03\/MYC-forSparkling_1700x500-1-1170x344.jpg 1170w, https:\/\/enolife.com.ar\/es\/wp-content\/uploads\/2022\/03\/MYC-forSparkling_1700x500-1-585x172.jpg 585w\" sizes=\"auto, (max-width: 1700px) 100vw, 1700px\" width=\"1700\" height=\"500\"   \/><\/a>\n\n\n<div style=\"height:45px\" aria-hidden=\"true\" class=\"wp-block-spacer\"><\/div>\n\n\n\n<p>Despu\u00e9s de descubrir algunas botellas de vino de las propias vi\u00f1as y bodega de la <strong>Organizaci\u00f3n Internacional de la Vid y el Vino (OIV)<\/strong>, donadas a la comuna de <strong>Arbois<\/strong> hace 30 a\u00f1os, en 1994, por el en\u00f3logo <strong>Henri Maire<\/strong>, el profesor <strong>Luigi Moio<\/strong> -presidente de la OIV- quiso combinar estos elementos geogr\u00e1ficos e hist\u00f3ricos y embotellar la <strong>a\u00f1ada 2022<\/strong> del mismo terru\u00f1o para la pr\u00f3xima celebraci\u00f3n del centenario de la OIV, el <strong>29 de noviembre de 2024.<\/strong> El a\u00f1o 2022 tambi\u00e9n ha sido el a\u00f1o del bicentenario del nacimiento de <strong>Louis Pasteur,<\/strong> quien realiz\u00f3 sus primeros experimentos enol\u00f3gicos precisamente en Arbois.<\/p>\n\n\n\n<div style=\"height:30px\" aria-hidden=\"true\" class=\"wp-block-spacer\"><\/div>\n\n\n<div class=\"wp-block-image\">\n<figure class=\"aligncenter size-full is-resized\"><a href=\"https:\/\/enolife.com.ar\/es\/wp-content\/uploads\/2023\/07\/Luigiselection-2.jpg\" data-rel=\"penci-gallery-image-content\" ><img loading=\"lazy\" decoding=\"async\" src=\"https:\/\/enolife.com.ar\/es\/wp-content\/uploads\/2023\/07\/Luigiselection-2.jpg\" alt=\"\" class=\"wp-image-97566\" width=\"619\" height=\"527\" srcset=\"https:\/\/enolife.com.ar\/es\/wp-content\/uploads\/2023\/07\/Luigiselection-2.jpg 587w, https:\/\/enolife.com.ar\/es\/wp-content\/uploads\/2023\/07\/Luigiselection-2-300x256.jpg 300w, https:\/\/enolife.com.ar\/es\/wp-content\/uploads\/2023\/07\/Luigiselection-2-585x498.jpg 585w\" sizes=\"auto, (max-width: 619px) 100vw, 619px\" \/><\/a><figcaption class=\"wp-element-caption\"><em><strong>Luigi Moio degusta los vinos para celebrar el centenario de la OIV<\/strong><\/em><\/figcaption><\/figure><\/div>\n\n\n<div style=\"height:35px\" aria-hidden=\"true\" class=\"wp-block-spacer\"><\/div>\n\n\n\n<p class=\"has-medium-font-size\"><strong>Lealtad al pinot noir<\/strong><\/p>\n\n\n\n<p>Conocido por su trabajo de identificaci\u00f3n de los aromas de la variedad pinot noir, que tambi\u00e9n realiz\u00f3 hace 30 a\u00f1os como becario postdoctoral en el<strong> Laboratoire de Recherches sur les Aromes<\/strong> del <strong>INRA<\/strong> y en el <strong>Institut Universitaire de la Vigne et du Vin de l&#8217;Universit\u00e9 de Bourgogne<\/strong> en <strong>Dijon<\/strong>, el presidente de la OIV eligi\u00f3 dedicar esta a\u00f1ada de pinot noir para las celebraciones previstas el a\u00f1o que viene, buscando expresar la gama arom\u00e1tica de esta variedad de uva donde dominan los aromas de peque\u00f1os frutos rojos con sus taninos frutales y sedosos.<\/p>\n\n\n\n<p>Cautivados por el proyecto, <strong>Jean-Fran\u00e7ois Curie<\/strong> y la familia de vinos finos <strong>Boisset<\/strong>, actuales propietarios de <strong>Domaine Maire et Fils<\/strong>, han puesto a disposici\u00f3n de Luigi Moio varias selecciones de parcelas de Arbois Pinot Noir de la cosecha 2022. <\/p>\n\n\n<div class=\"wp-block-image\">\n<figure class=\"aligncenter size-full is-resized\"><a href=\"https:\/\/enolife.com.ar\/es\/wp-content\/uploads\/2023\/07\/image_lang_info_227_1.jpg\" data-rel=\"penci-gallery-image-content\" ><img loading=\"lazy\" decoding=\"async\" src=\"https:\/\/enolife.com.ar\/es\/wp-content\/uploads\/2023\/07\/image_lang_info_227_1.jpg\" alt=\"\" class=\"wp-image-97568\" width=\"630\" height=\"449\" srcset=\"https:\/\/enolife.com.ar\/es\/wp-content\/uploads\/2023\/07\/image_lang_info_227_1.jpg 702w, https:\/\/enolife.com.ar\/es\/wp-content\/uploads\/2023\/07\/image_lang_info_227_1-300x214.jpg 300w, https:\/\/enolife.com.ar\/es\/wp-content\/uploads\/2023\/07\/image_lang_info_227_1-585x417.jpg 585w\" sizes=\"auto, (max-width: 630px) 100vw, 630px\" \/><\/a><figcaption class=\"wp-element-caption\"><em><strong>Domaine Maire et Fils<\/strong><\/em><\/figcaption><\/figure><\/div>\n\n\n<div style=\"height:30px\" aria-hidden=\"true\" class=\"wp-block-spacer\"><\/div>\n\n\n\n<p>Despu\u00e9s de tres sesiones de cata en septiembre de 2022, marzo y junio de 2023, el presidente de la OIV trabaj\u00f3 en estrecha colaboraci\u00f3n con el en\u00f3logo <strong>Jacques Hauller,<\/strong> director del sitio <strong>Domaine Maire et Fils<\/strong>, para seleccionar una cosecha de vi\u00f1as de 30 a\u00f1os plantadas en suelos arcillo-calc\u00e1reos. En la \u00faltima sesi\u00f3n de evaluaci\u00f3n sensorial del 22 de junio, la a\u00f1ada final se identific\u00f3 en la bodega como <strong>\u00abH29\u00bb<\/strong>, en honor al d\u00eda de la fundaci\u00f3n de la OIV, el <strong>29 de noviembre de 1924.<\/strong><\/p>\n\n\n\n<div style=\"height:30px\" aria-hidden=\"true\" class=\"wp-block-spacer\"><\/div>\n","protected":false},"excerpt":{"rendered":"<p>El presidente de la Organizaci\u00f3n Internacional de la Vid y el Vino (OIV), Luigi Moio,&hellip;<\/p>\n","protected":false},"author":3,"featured_media":97565,"comment_status":"open","ping_status":"open","sticky":false,"template":"","format":"standard","meta":{"footnotes":""},"categories":[14],"tags":[],"class_list":["post-97554","post","type-post","status-publish","format-standard","has-post-thumbnail","hentry","category-news"],"_links":{"self":[{"href":"https:\/\/enolife.com.ar\/es\/wp-json\/wp\/v2\/posts\/97554","targetHints":{"allow":["GET"]}}],"collection":[{"href":"https:\/\/enolife.com.ar\/es\/wp-json\/wp\/v2\/posts"}],"about":[{"href":"https:\/\/enolife.com.ar\/es\/wp-json\/wp\/v2\/types\/post"}],"author":[{"embeddable":true,"href":"https:\/\/enolife.com.ar\/es\/wp-json\/wp\/v2\/users\/3"}],"replies":[{"embeddable":true,"href":"https:\/\/enolife.com.ar\/es\/wp-json\/wp\/v2\/comments?post=97554"}],"version-history":[{"count":0,"href":"https:\/\/enolife.com.ar\/es\/wp-json\/wp\/v2\/posts\/97554\/revisions"}],"wp:featuredmedia":[{"embeddable":true,"href":"https:\/\/enolife.com.ar\/es\/wp-json\/wp\/v2\/media\/97565"}],"wp:attachment":[{"href":"https:\/\/enolife.com.ar\/es\/wp-json\/wp\/v2\/media?parent=97554"}],"wp:term":[{"taxonomy":"category","embeddable":true,"href":"https:\/\/enolife.com.ar\/es\/wp-json\/wp\/v2\/categories?post=97554"},{"taxonomy":"post_tag","embeddable":true,"href":"https:\/\/enolife.com.ar\/es\/wp-json\/wp\/v2\/tags?post=97554"}],"curies":[{"name":"wp","href":"https:\/\/api.w.org\/{rel}","templated":true}]}}