{"id":97490,"date":"2023-07-20T19:53:06","date_gmt":"2023-07-20T19:53:06","guid":{"rendered":"https:\/\/enolife.com.ar\/es\/?p=97490"},"modified":"2023-07-22T18:29:53","modified_gmt":"2023-07-22T18:29:53","slug":"inscripcion-abierta-nacion-dara-hasta-us-17-500-no-reintegrables-a-proyectos-vitivinicolas-pymes","status":"publish","type":"post","link":"https:\/\/enolife.com.ar\/es\/inscripcion-abierta-nacion-dara-hasta-us-17-500-no-reintegrables-a-proyectos-vitivinicolas-pymes\/","title":{"rendered":"Inscripci\u00f3n abierta: Naci\u00f3n dar\u00e1 hasta U$S 17.500 no reintegrables a proyectos vitivin\u00edcolas pymes"},"content":{"rendered":"\n<h4 class=\"wp-block-heading\"><em><strong>A partir del pr\u00f3ximo lunes 24 de julio, y hasta el viernes 11 de agosto, peque\u00f1os productores vitivin\u00edcolas de toda Argentina podr\u00e1n postular sus proyectos de desarrollo y emprendimientos para recibir hasta el 75% de 20 mil d\u00f3lares, mientras que el otro 25% deber\u00e1n aportarlo los mismos productores seleccionados. Para todo el plan el gobierno nacional dispuso un fondo de 50 millones de d\u00f3lares, en el marco del programa Proviar II del Ministerio de Econom\u00eda de la Naci\u00f3n.<\/strong><\/em><\/h4>\n\n\n\n<div style=\"height:35px\" aria-hidden=\"true\" class=\"wp-block-spacer\"><\/div>\n\n\n\n\n\n<div style=\"height:45px\" aria-hidden=\"true\" class=\"wp-block-spacer\"><\/div>\n\n\n\n<p>El acto de lanzamiento del nuevo programa se realiz\u00f3 en <strong>Mendoza<\/strong>, y estuvo presidido por el secretario de Agricultura, Ganader\u00eda y Pesca de la Naci\u00f3n, <strong>Juan Jos\u00e9 Bahillo<\/strong>, por el presidente del Instituto Nacional de Vitivinicultura (INV), <strong>Mart\u00edn Hinojosa<\/strong>, por el jefe de Gabinete de la Secretar\u00eda de Agricultura, Ganader\u00eda y Pesca de la Naci\u00f3n, <strong>Juan Manuel Fern\u00e1ndez Arocena<\/strong> y por el presidente de la Corporaci\u00f3n Vitivin\u00edcola Argentina, <strong>Mario Gonz\u00e1lez.<\/strong><\/p>\n\n\n\n<p>Los funcionarios anunciaron que ya se encuentran disponibles las bases y condiciones para participar de la primera convocatoria para la presentaci\u00f3n de ideas proyecto en el marco del <strong>Programa para Peque\u00f1os Productores Vitivin\u00edcolas Argentinos (Proviar II)<\/strong>. Este plan est\u00e1 destinado a grupos asociativos de productores vit\u00edcolas, o de establecimientos vitivin\u00edcolas y emprendimientos de servicios al sector que est\u00e9n liderados por mujeres o j\u00f3venes.<\/p>\n\n\n\n<p class=\"has-background\" style=\"background-color:#abb7c270\">La convocatoria estar\u00e1 abierta hasta el <strong>viernes 11 de agosto de 2023<\/strong>, las bases y condiciones est\u00e1n disponibles en este<strong>\u00a0<a href=\"https:\/\/www.argentina.gob.ar\/economia\/proviar-ii\/convocatoria-0\">enlace<\/a>.<\/strong><\/p>\n\n\n\n<p><strong>Bahillo<\/strong>&nbsp;dijo al respecto: <em>\u00abCreo que la Secretar\u00eda de Agricultura, Ganader\u00eda y Pesca deber\u00eda ser tambi\u00e9n de econom\u00edas regionales, porque las consideramos tan importantes como la actividad primaria de la regi\u00f3n pampeana o la regi\u00f3n centro, unas tienen unas caracter\u00edsticas productivas de volumen y generaci\u00f3n de riqueza y otras tienen otras caracter\u00edsticas que tienen que ver con arraigo, con mano de obra ocupada con valor agregado en origen, con cuestiones que son tan virtuosas e importantes como la actividad primaria y esta es una visi\u00f3n que comparto con el ministro Massa, estar en el interior compartiendo las pol\u00edticas y acciones que llevamos adelante es una gran satisfacci\u00f3n\u00bb.<\/em><\/p>\n\n\n\n<div style=\"height:25px\" aria-hidden=\"true\" class=\"wp-block-spacer\"><\/div>\n\n\n\n<blockquote class=\"wp-block-quote is-layout-flow wp-block-quote-is-layout-flow\">\n<p>Proviar II es una gran noticia porque es un programa muy federal que abarca a las 18 provincias vitivin\u00edcolas, y hoy damos un paso importante convocando a la presentaci\u00f3n de proyectos\u00bb.<\/p>\n<cite>Juan Jos\u00e9 Bahillo, secretario de Agricultura de la Naci\u00f3n<\/cite><\/blockquote>\n\n\n\n<div style=\"height:25px\" aria-hidden=\"true\" class=\"wp-block-spacer\"><\/div>\n\n\n\n<p>Y agreg\u00f3 el funcionario: <em>\u00abNosotros entendemos que tenemos que estar muy cerca de los actores y los sectores productivos y para ello desarrollamos distintas medidas y llevamos adelante distintas respuestas&#8230; Vamos a seguir trabajando y tratando de acompa\u00f1ar al sector en los distintos desaf\u00edos que nos plantea la agenda de las entidades que representan a productores y productoras y Proviar II es una gran noticia porque es un programa muy federal que abarca 18 provincias y hoy estamos dando un paso importante en esta convocatoria a la presentaci\u00f3n de proyectos. Ahora comienza un cronograma con fechas y certeza en c\u00f3mo se debe avanzar y c\u00f3mo van a llegar los desembolsos<\/em>\u00ab.<\/p>\n\n\n\n<div style=\"height:30px\" aria-hidden=\"true\" class=\"wp-block-spacer\"><\/div>\n\n\n<div class=\"wp-block-image\">\n<figure class=\"aligncenter size-full is-resized\"><a href=\"https:\/\/enolife.com.ar\/es\/wp-content\/uploads\/2023\/07\/resize-proviarii-_14.png\" data-rel=\"penci-gallery-image-content\" ><img loading=\"lazy\" decoding=\"async\" src=\"https:\/\/enolife.com.ar\/es\/wp-content\/uploads\/2023\/07\/resize-proviarii-_14.png\" alt=\"\" class=\"wp-image-97511\" width=\"598\" height=\"309\" srcset=\"https:\/\/enolife.com.ar\/es\/wp-content\/uploads\/2023\/07\/resize-proviarii-_14.png 892w, https:\/\/enolife.com.ar\/es\/wp-content\/uploads\/2023\/07\/resize-proviarii-_14-300x155.png 300w, https:\/\/enolife.com.ar\/es\/wp-content\/uploads\/2023\/07\/resize-proviarii-_14-768x397.png 768w, https:\/\/enolife.com.ar\/es\/wp-content\/uploads\/2023\/07\/resize-proviarii-_14-585x302.png 585w\" sizes=\"auto, (max-width: 598px) 100vw, 598px\" \/><\/a><figcaption class=\"wp-element-caption\"><strong><em>Mario Gonz\u00e1lez, Juan Jos\u00e9 Bahillo, Mart\u00edn Hinojosa y Juan Manuel Fern\u00e1ndez Arocena durante la presentaci\u00f3n.<\/em><\/strong><\/figcaption><\/figure><\/div>\n\n\n<div style=\"height:30px\" aria-hidden=\"true\" class=\"wp-block-spacer\"><\/div>\n\n\n\n<p>Finalmente, Bahillo se comprometi\u00f3: <em>\u00abLe voy a pedir al ministro de Econom\u00eda, Sergio Massa, que nos acompa\u00f1e en la entrega de los primeros aportes, seguramente en el marco de la inauguraci\u00f3n de la delegaci\u00f3n Valle de Uco del INV que est\u00e1 prevista para el mes de setiembre, y hacer una devoluci\u00f3n a las cuestiones que nos plantea el sector y tratando de generar m\u00e1s acci\u00f3n y pol\u00edticas p\u00fablicas no solo para el sostenimiento sino tambi\u00e9n para el crecimiento del sector\u00bb.<\/em><\/p>\n\n\n\n<div style=\"height:32px\" aria-hidden=\"true\" class=\"wp-block-spacer\"><\/div>\n\n\n\n<p class=\"has-medium-font-size\"><strong>Accesible a 2.000 productores de unas 300 bodegas<\/strong><\/p>\n\n\n\n<p><strong>Mart\u00edn Hinojosa<\/strong>, presidente del <strong>Instituto Nacional de Vitivinicultura (INV)<\/strong>, explic\u00f3 los alcances del programa y destac\u00f3 a los que trabajaron para lograr su concreci\u00f3n, como el ministro <strong>Sergio Massa<\/strong>, la senadora mendocina <strong>Anabel Fern\u00e1ndez Sagasti<\/strong> y los anteriores presidentes de la <strong>Corporaci\u00f3n Vitivin\u00edcola Argentina (Coviar).<\/strong><\/p>\n\n\n\n<p>Hinojosa expres\u00f3: <em>\u00abEsta es una oportunidad que se ven\u00eda solicitando hace muchos a\u00f1os y se concret\u00f3 con este gobierno nacional que decidi\u00f3 darle a la \u00fanica econom\u00eda regional un programa vitivin\u00edcola con aportes no reembolsables&#8230; Y quiero destacar la posibilidad de la vitivinicultura argentina de contar con un pr\u00e9stamo de estas caracter\u00edsticas habla del buen trabajo entre lo p\u00fablico y lo privado, no hay alguien que haya sobresalido por sobre el otro, ha sido un buen trabajo en conjunto, m\u00e1s all\u00e1 de las diferencias, en busca de un objetivo que era contar con Proviar II\u00bb.<\/em><\/p>\n\n\n\n<p>El titular del INV describi\u00f3 finalmente: <em>\u00abEl programa es muy ambicioso y queremos tratar de llegar a beneficiar a m\u00e1s de 2.000 productores a m\u00e1s de 300 bodegas, generar m\u00e1s de 200 empresas de servicios vitivin\u00edcolas en los tres componentes con los que que cuenta Proviar II&#8230; Queremos que los proyectos se concreten por lo que tenemos un equipo conformado por profesionales y t\u00e9cnicos que los van a asesorar y apoyar para que esto sea una realidad\u00bb.<\/em><\/p>\n\n\n\n<div style=\"height:29px\" aria-hidden=\"true\" class=\"wp-block-spacer\"><\/div>\n\n\n\n<p class=\"has-medium-font-size\"><strong>Carga de datos a partir del 24\/7<\/strong><\/p>\n\n\n\n<p>Desde el pr\u00f3ximo d\u00eda lunes 24 de julio de 2023, los interesados en percibir los aportes no reembolsables (ANR) para realizar sus proyectos podr\u00e1n comenzar a cargar la informaci\u00f3n para presentar sus proyectos. El programa busca desarrollar y fortalecer estrategias asociativas entre los actores de la cadena de las 18 provincias argentinas que cuentan con actividad vitivin\u00edcola. Su principal objetivo es contribuir a la sustentabilidad social, econ\u00f3mica y ambiental de la vitivinicultura argentina, con especial \u00e9nfasis en la optimizaci\u00f3n del recurso h\u00eddrico.<\/p>\n\n\n\n<p>Para tal fin, cuenta con tres componentes con una categor\u00eda definida de destinatarios:<br><strong>1. Innovaci\u00f3n tecnol\u00f3gica y organizacional<\/strong>, para incrementar la adopci\u00f3n de tecnolog\u00edas de los peque\u00f1os\/as y medianos\/as productores\/as vit\u00edcolas, priorizando la mejora de la eficiencia del uso de recursos h\u00eddricos;&nbsp;<br><strong>2. Comercializaci\u00f3n para establecimientos<\/strong>, para incrementar la capacidad de comercializaci\u00f3n de peque\u00f1os y medianos establecimientos vitivin\u00edcolas;&nbsp;<br><strong>3. Apoyo a MiPyMEs lideradas por j\u00f3venes y mujeres<\/strong>, con el fin de fomentar la participaci\u00f3n de emprendimientos en la cadena vitivin\u00edcola, lideradas por mujeres y j\u00f3venes (mujeres y varones).<\/p>\n\n\n\n<div style=\"height:28px\" aria-hidden=\"true\" class=\"wp-block-spacer\"><\/div>\n\n\n\n<p class=\"has-background\" style=\"background-color:#9b51e042\">El&nbsp;<strong>Proviar II<\/strong>&nbsp;es un programa del<strong> Ministerio de Econom\u00eda de Argentina<\/strong>, a cargo de la Secretar\u00eda de Planificaci\u00f3n del Desarrollo y la Competitividad Federal, que tiene como organismo ejecutor a la Direcci\u00f3n Nacional de Programas y Proyectos Sectoriales y Especiales (Diprose); y de la Secretar\u00eda de Agricultura, Ganader\u00eda y Pesca, que mediante el <strong>Instituto Nacional de Vitivinicultura (INV)<\/strong> oficia como organismo subejecutor. <br>La evaluaci\u00f3n y aprobaci\u00f3n de los proyectos se realizar\u00e1 mediante un Comit\u00e9 de Aprobaci\u00f3n y Seguimiento (CAS) integrado por responsables y t\u00e9cnicos de la Diprose y el INV junto a la Corporaci\u00f3n Vitivin\u00edcola Argentina (Coviar) y el Instituto Nacional de Tecnolog\u00eda Agropecuaria (INTA).<\/p>\n\n\n\n<div style=\"height:24px\" aria-hidden=\"true\" class=\"wp-block-spacer\"><\/div>\n\n\n\n<p>Las principales intervenciones del Proviar II estar\u00e1n destinadas a la asistencia t\u00e9cnica y capacitaci\u00f3n de peque\u00f1os\/as, medianos\/as productores y grupos asociativos vit\u00edcolas; infraestructura y capacidad operativa; incorporaci\u00f3n tecnol\u00f3gica, maquinarias y equipamiento; y comercializaci\u00f3n, entre otras acciones orientadas a fortalecer el arraigo rural.<\/p>\n\n\n\n<div style=\"height:30px\" aria-hidden=\"true\" class=\"wp-block-spacer\"><\/div>\n\n\n\n<p class=\"has-medium-font-size\"><strong>Mario Gonz\u00e1lez: \u00abUna apuesta a la vitivinicultura nacional\u00bb<\/strong><\/p>\n\n\n\n<p>El presidente de la Coviar, el riojano <strong>Mario Gonz\u00e1lez<\/strong>, coment\u00f3 a su turno: \u00abEste es un d\u00eda muy importante para la Coviar y valoramos mucho que el BID y el gobierno nacional hayan vuelto a apostar en la vitivinicultura nacional&#8230; Acciones como esta nos dan esperanza y fe en que hay que seguir trabajando y seguir apostando, porque seguramente vendr\u00e1n mejores resultados\u00bb.<\/p>\n\n\n\n<p>Finaliz\u00f3 Gonz\u00e1lez agradeciendo al secretario Bahillo, al ministro de Econom\u00eda de la Naci\u00f3n y a todos los trabajaron en la concreci\u00f3n del programa.<\/p>\n\n\n\n<div style=\"height:30px\" aria-hidden=\"true\" class=\"wp-block-spacer\"><\/div>\n","protected":false},"excerpt":{"rendered":"<p>A partir del pr\u00f3ximo lunes 24 de julio, y hasta el viernes 11 de agosto,&hellip;<\/p>\n","protected":false},"author":3,"featured_media":97515,"comment_status":"open","ping_status":"open","sticky":false,"template":"","format":"standard","meta":{"footnotes":""},"categories":[14],"tags":[],"class_list":["post-97490","post","type-post","status-publish","format-standard","has-post-thumbnail","hentry","category-news"],"_links":{"self":[{"href":"https:\/\/enolife.com.ar\/es\/wp-json\/wp\/v2\/posts\/97490","targetHints":{"allow":["GET"]}}],"collection":[{"href":"https:\/\/enolife.com.ar\/es\/wp-json\/wp\/v2\/posts"}],"about":[{"href":"https:\/\/enolife.com.ar\/es\/wp-json\/wp\/v2\/types\/post"}],"author":[{"embeddable":true,"href":"https:\/\/enolife.com.ar\/es\/wp-json\/wp\/v2\/users\/3"}],"replies":[{"embeddable":true,"href":"https:\/\/enolife.com.ar\/es\/wp-json\/wp\/v2\/comments?post=97490"}],"version-history":[{"count":0,"href":"https:\/\/enolife.com.ar\/es\/wp-json\/wp\/v2\/posts\/97490\/revisions"}],"wp:featuredmedia":[{"embeddable":true,"href":"https:\/\/enolife.com.ar\/es\/wp-json\/wp\/v2\/media\/97515"}],"wp:attachment":[{"href":"https:\/\/enolife.com.ar\/es\/wp-json\/wp\/v2\/media?parent=97490"}],"wp:term":[{"taxonomy":"category","embeddable":true,"href":"https:\/\/enolife.com.ar\/es\/wp-json\/wp\/v2\/categories?post=97490"},{"taxonomy":"post_tag","embeddable":true,"href":"https:\/\/enolife.com.ar\/es\/wp-json\/wp\/v2\/tags?post=97490"}],"curies":[{"name":"wp","href":"https:\/\/api.w.org\/{rel}","templated":true}]}}