{"id":97257,"date":"2023-07-14T14:50:00","date_gmt":"2023-07-14T14:50:00","guid":{"rendered":"https:\/\/enolife.com.ar\/es\/?p=97257"},"modified":"2023-07-14T22:03:35","modified_gmt":"2023-07-14T22:03:35","slug":"dos-amigos-titanes-de-la-musica-popular-argentina-baglietto-vitale-hoy-en-el-independencia","status":"publish","type":"post","link":"https:\/\/enolife.com.ar\/es\/dos-amigos-titanes-de-la-musica-popular-argentina-baglietto-vitale-hoy-en-el-independencia\/","title":{"rendered":"Dos amigos titanes de la m\u00fasica popular argentina: Baglietto-Vitale, hoy en el Independencia"},"content":{"rendered":"\n<h4 class=\"wp-block-heading\"><em><strong>El teatro mayor de Mendoza, s\u00edmbolo de la cultura local desde su inauguraci\u00f3n en 1925, recibe hoy viernes 14 de julio a dos de los mayores exponentes de la m\u00fasica nacional, Lito Vitale y Juan Carlos Baglietto. Estos dos viejos amigos, que tocan juntos desde hace 40 a\u00f1os y han marcado un camino en el espect\u00e1culo argentino, vuelven a Mendoza para ofrecer sus cl\u00e1sicas canciones, recorriendo un repertorio de baladas rockeras, folklore y tango. Un cl\u00e1sico para disfrutar y jactarse en el futuro de haber estado. Las entradas, a 6.000, est\u00e1n en venta en entradaweb.com.ar<\/strong><\/em><\/h4>\n\n\n\n<div style=\"height:35px\" aria-hidden=\"true\" class=\"wp-block-spacer\"><\/div>\n\n\n\n\n\n<div style=\"height:45px\" aria-hidden=\"true\" class=\"wp-block-spacer\"><\/div>\n\n\n\n<p>Dos reconocidos referentes de la m\u00fasica argentina, tanto a nivel nacional como internacional, <strong>Juan Carlos Baglietto<\/strong> y <strong>Lito Vitale<\/strong>, llegan este viernes 14 de julio, a las 21, a la sala mayor de Mendoza, el <strong>Teatro Independencia<\/strong>. Los m\u00fasicos ofrecen un espect\u00e1culo especialmente dise\u00f1ado para la ocasi\u00f3n, acompa\u00f1ados por sus hijos <strong>Juli\u00e1n Baglietto en bater\u00eda<\/strong> y <strong>Jano Vitale en bajo, y en voces, ambos.<\/strong> Sonar\u00e1n canciones ic\u00f3nicas y recientes producciones, incluyendo cl\u00e1sicos tangos con arreglos propios.<\/p>\n\n\n\n<p class=\"has-background\" style=\"background-color:#abb7c266\">Las entradas est\u00e1n la venta a trav\u00e9s de<strong>\u00a0<a href=\"http:\/\/entradaweb.com.ar\/\" target=\"_blank\" rel=\"noreferrer noopener\">entradaweb.com.ar<\/a><\/strong>\u00a0o, en la boleter\u00eda del teatro, hoy viernes 14 de 18 a 21 hs.<\/p>\n\n\n\n<p>Consultado sobre el recital, Baglietto cont\u00f3: <em>\u201cEn el show hay canciones que todos sabemos y nuevas. Canciones que no s\u00f3lo la gente quiere escuchar sino que a nosotros nos dan muchas ganas de tocar. Hay segmentos estreno dentro del espect\u00e1culo. Nosotros siempre le hemos dado un nivel de importancia a la m\u00fasica que mamamos de chicos, que es el tango. Entonces, nos hemos metido con algunas obras de tango con las cuales todav\u00eda no nos hab\u00edamos metido. Adem\u00e1s, hay un segmento dedicado a los 40 a\u00f1os de democracia y algunas canciones que hemos tra\u00eddo del pasado y remozadas. Adem\u00e1s, siempre es un gusto regresar a Mendoza. Lo hacemos dir\u00eda m\u00e1s que en formato d\u00fao, en formato cuarteto, porque en el show nos acompa\u00f1an el hijo menor de Lito, Jano Vitale. \u00c9l toca el bajo y canta, y est\u00e1 mi hijo Juli\u00e1n, que toca la bater\u00eda y tambi\u00e9n canta\u201d.<\/em><\/p>\n\n\n<div class=\"wp-block-image\">\n<figure class=\"aligncenter size-full is-resized\"><a href=\"https:\/\/enolife.com.ar\/es\/wp-content\/uploads\/2023\/07\/Baglietto-Vitale-foto-para-prensa-4.jpg\" data-rel=\"penci-gallery-image-content\" ><img loading=\"lazy\" decoding=\"async\" src=\"https:\/\/enolife.com.ar\/es\/wp-content\/uploads\/2023\/07\/Baglietto-Vitale-foto-para-prensa-4.jpg\" alt=\"\" class=\"wp-image-97274\" width=\"583\" height=\"451\" srcset=\"https:\/\/enolife.com.ar\/es\/wp-content\/uploads\/2023\/07\/Baglietto-Vitale-foto-para-prensa-4.jpg 647w, https:\/\/enolife.com.ar\/es\/wp-content\/uploads\/2023\/07\/Baglietto-Vitale-foto-para-prensa-4-300x232.jpg 300w, https:\/\/enolife.com.ar\/es\/wp-content\/uploads\/2023\/07\/Baglietto-Vitale-foto-para-prensa-4-585x452.jpg 585w\" sizes=\"auto, (max-width: 583px) 100vw, 583px\" \/><\/a><figcaption class=\"wp-element-caption\"><em><strong>Pasi\u00f3n compartida entre padres e hijos, amistad y m\u00fasica<\/strong><\/em>.<\/figcaption><\/figure><\/div>\n\n\n<div style=\"height:28px\" aria-hidden=\"true\" class=\"wp-block-spacer\"><\/div>\n\n\n\n<p class=\"has-background\" style=\"background-color:#abb7c266\"><strong>Ficha del espect\u00e1culo<\/strong> <br><br><strong>Baglietto-Vitale<\/strong><br><strong>D\u00eda y hora:&nbsp;<\/strong>viernes 14 de julio, 21.<br><strong>Lugar:<\/strong>&nbsp;Teatro Independencia.<br><strong>Act\u00faan:<\/strong>&nbsp;Juan Carlos Baglietto, Lito Vitale, Juli\u00e1n Baglietto, Jano Vitale.<br><strong>Entradas:<\/strong>&nbsp;$6000&nbsp;<a href=\"http:\/\/entradaweb.com.ar\/\" target=\"_blank\" rel=\"noreferrer noopener\">entradaweb.com.ar<\/a><br><strong>Venta en boleter\u00eda del teatro:<\/strong>&nbsp;hoy viernes 14\/7 de 18 a 21.<\/p>\n\n\n\n<div style=\"height:29px\" aria-hidden=\"true\" class=\"wp-block-spacer\"><\/div>\n\n\n\n<p>\u201c<em>Con Lito disfrutamos profundamente lo que hacemos, y disfrutamos profundamente c\u00f3mo lo hacemos<\/em>-prosigui\u00f3 Baglietto. <em>De eso se trata por ah\u00ed el profesionalismo, de tener exigencia y que esa exigencia sea permanente. Contamos tambi\u00e9n con la suerte de que la gente nos ha acompa\u00f1ado o nos venga acompa\u00f1ado los \u00faltimos 40 a\u00f1os y lo sigue haciendo. Ese acompa\u00f1amiento, creo, tiene que ver con el nivel de exigencia que nos proponemos. O sea, la gente que nos va a ver o que nos escucha sabe que podr\u00e1 gustarle o no gustarle, pero que est\u00e1 hecho hasta las \u00faltimas consecuencias, siempre. Y eso es el motor, eso es lo que nos mueve a seguir subi\u00e9ndonos a los micros, a los autos, a los aviones y recorrer distintos escenarios. Seguimos encontr\u00e1ndonos con Lito en una dupla donde hay cosas que no encontramos en otros proyectos. El show en s\u00ed \u00a1est\u00e1 buen\u00edsimo!<\/em>\u201d.&nbsp;<\/p>\n\n\n\n<div style=\"height:28px\" aria-hidden=\"true\" class=\"wp-block-spacer\"><\/div>\n\n\n\n<blockquote class=\"wp-block-quote is-layout-flow wp-block-quote-is-layout-flow\">\n<p>Ac\u00e1 no hay divos, ac\u00e1 hay un equipo de laburantes, nosotros no nos enroscamos en el glamour\u00bb<\/p>\n<cite>Juan Carlos Baglietto<\/cite><\/blockquote>\n\n\n\n<div style=\"height:31px\" aria-hidden=\"true\" class=\"wp-block-spacer\"><\/div>\n\n\n\n<p>Respecto del profundo v\u00ednculo de amistad que Baglietto mantiene con Vitale, el rosarino explic\u00f3:\u00a0<em>\u201cLito es un personaje muy poco com\u00fan, un tipo con una capacidad de laburo que creo que muy pocas personas tienen. No s\u00f3lo es groso como pianista, productor, artista, es un tipo que tiene ganado un prestigio en base a su trabajo. Los espacios que generamos, y ah\u00ed me incluyo, son espacios de respeto absoluto, pero adem\u00e1s de profesionalismo. Los artistas que vienen saben que van a ser bien tratados, que van a estar cuidados, que sonar\u00e1n divino, que hay un equipo de laburantes. Ac\u00e1 no hay divos. No los hay en ning\u00fan lugar, ni arriba ni abajo del escenario y esto lo valoran profundamente. Nosotros, en s\u00ed, somos personas conocidas, pero no nos enroscamos en el\u00a0glamour. S\u00ed es maravilloso el laburo y el oficio, hecho desde un lugar de disfrute\u201d.<\/em><\/p>\n\n\n\n<div style=\"height:30px\" aria-hidden=\"true\" class=\"wp-block-spacer\"><\/div>\n\n\n<div class=\"wp-block-image\">\n<figure class=\"aligncenter size-full is-resized\"><a href=\"https:\/\/enolife.com.ar\/es\/wp-content\/uploads\/2023\/07\/Baglietto-Vitale-fotos-para-prensa-2.jpg\" data-rel=\"penci-gallery-image-content\" ><img loading=\"lazy\" decoding=\"async\" src=\"https:\/\/enolife.com.ar\/es\/wp-content\/uploads\/2023\/07\/Baglietto-Vitale-fotos-para-prensa-2.jpg\" alt=\"\" class=\"wp-image-97273\" width=\"629\" height=\"386\" srcset=\"https:\/\/enolife.com.ar\/es\/wp-content\/uploads\/2023\/07\/Baglietto-Vitale-fotos-para-prensa-2.jpg 815w, https:\/\/enolife.com.ar\/es\/wp-content\/uploads\/2023\/07\/Baglietto-Vitale-fotos-para-prensa-2-300x184.jpg 300w, https:\/\/enolife.com.ar\/es\/wp-content\/uploads\/2023\/07\/Baglietto-Vitale-fotos-para-prensa-2-768x471.jpg 768w, https:\/\/enolife.com.ar\/es\/wp-content\/uploads\/2023\/07\/Baglietto-Vitale-fotos-para-prensa-2-585x359.jpg 585w\" sizes=\"auto, (max-width: 629px) 100vw, 629px\" \/><\/a><figcaption class=\"wp-element-caption\"><em><strong>Baglietto y Vitale, 40 a\u00f1os de escenario juntos<\/strong><\/em>.<\/figcaption><\/figure><\/div>\n\n\n<div style=\"height:30px\" aria-hidden=\"true\" class=\"wp-block-spacer\"><\/div>\n\n\n\n<p>En cuanto a compartir el escenario con los hijos de cada uno, Baglietto expres\u00f3 emocionado: <em>\u201cHe intentado que mis hijos sepan profundamente c\u00f3mo es esta actividad. Saben que es un oficio maravilloso, pero que impone cierto rigor y hacerlo muy seriamente. Ellos, la verdad, lo hacen as\u00ed y son fant\u00e1sticos. Los tres hijos de Lito son m\u00fasicos. Yo tengo cuatro hijos, tres son m\u00fasicos, as\u00ed que probablemente contin\u00faen con este legado. Hay muchas posibilidades, por tanto, de que haya mucho m\u00e1s Baglietto-Vitale\u201d.<\/em><\/p>\n\n\n\n<div style=\"height:25px\" aria-hidden=\"true\" class=\"wp-block-spacer\"><\/div>\n","protected":false},"excerpt":{"rendered":"<p>El teatro mayor de Mendoza, s\u00edmbolo de la cultura local desde su inauguraci\u00f3n en 1925,&hellip;<\/p>\n","protected":false},"author":3,"featured_media":97272,"comment_status":"open","ping_status":"open","sticky":false,"template":"","format":"standard","meta":{"footnotes":""},"categories":[34],"tags":[],"class_list":["post-97257","post","type-post","status-publish","format-standard","has-post-thumbnail","hentry","category-cultura1"],"_links":{"self":[{"href":"https:\/\/enolife.com.ar\/es\/wp-json\/wp\/v2\/posts\/97257","targetHints":{"allow":["GET"]}}],"collection":[{"href":"https:\/\/enolife.com.ar\/es\/wp-json\/wp\/v2\/posts"}],"about":[{"href":"https:\/\/enolife.com.ar\/es\/wp-json\/wp\/v2\/types\/post"}],"author":[{"embeddable":true,"href":"https:\/\/enolife.com.ar\/es\/wp-json\/wp\/v2\/users\/3"}],"replies":[{"embeddable":true,"href":"https:\/\/enolife.com.ar\/es\/wp-json\/wp\/v2\/comments?post=97257"}],"version-history":[{"count":0,"href":"https:\/\/enolife.com.ar\/es\/wp-json\/wp\/v2\/posts\/97257\/revisions"}],"wp:featuredmedia":[{"embeddable":true,"href":"https:\/\/enolife.com.ar\/es\/wp-json\/wp\/v2\/media\/97272"}],"wp:attachment":[{"href":"https:\/\/enolife.com.ar\/es\/wp-json\/wp\/v2\/media?parent=97257"}],"wp:term":[{"taxonomy":"category","embeddable":true,"href":"https:\/\/enolife.com.ar\/es\/wp-json\/wp\/v2\/categories?post=97257"},{"taxonomy":"post_tag","embeddable":true,"href":"https:\/\/enolife.com.ar\/es\/wp-json\/wp\/v2\/tags?post=97257"}],"curies":[{"name":"wp","href":"https:\/\/api.w.org\/{rel}","templated":true}]}}