{"id":97137,"date":"2023-07-17T17:23:03","date_gmt":"2023-07-17T17:23:03","guid":{"rendered":"https:\/\/enolife.com.ar\/es\/?p=97137"},"modified":"2023-07-19T16:38:42","modified_gmt":"2023-07-19T16:38:42","slug":"por-las-perdidas-por-demandas-contra-el-glifosato-bayer-podria-vender-su-division-de-agroquimicos","status":"publish","type":"post","link":"https:\/\/enolife.com.ar\/es\/por-las-perdidas-por-demandas-contra-el-glifosato-bayer-podria-vender-su-division-de-agroquimicos\/","title":{"rendered":"Por las p\u00e9rdidas por demandas contra el glifosato, Bayer podr\u00eda vender su divisi\u00f3n de agroqu\u00edmicos"},"content":{"rendered":"\n<h4 class=\"wp-block-heading\"><em><strong>Cansada de litigar contra juicios entablados por productores por el posible efecto cancer\u00edgenos de su herbicida glifosato, la megacompa\u00f1\u00eda alemana Bayer podr\u00eda desprenderse de la divisi\u00f3n de protecci\u00f3n de cultivos. El conflicto comenz\u00f3 en 2018 cuando Bayer adquiri\u00f3 Monsanto y pas\u00f3 a convertirse en la empresa de agroqu\u00edmicos m\u00e1s grande del mundo. Sin embargo, desde ese momento empezaron a lloverle demandas y tuvo que pagar miles de millones de d\u00f3lares en indemnizaciones y abogados. Tras la publicaci\u00f3n de la noticia de la posible venta,7\/7\/23, las acciones de Bayer subieron un 3%.<\/strong><\/em><\/h4>\n\n\n\n<div style=\"height:35px\" aria-hidden=\"true\" class=\"wp-block-spacer\"><\/div>\n\n\n<a href=\"https:\/\/www.instagram.com\/agroconciencia_\" aria-label=\"BANNER AGROCONCIENCIA 1700X500\"><img loading=\"lazy\" decoding=\"async\" src=\"https:\/\/enolife.com.ar\/es\/wp-content\/uploads\/2019\/07\/BANNER-AGROCONCIENCIA-1700X500-1.jpg\" alt=\"\"  srcset=\"https:\/\/enolife.com.ar\/es\/wp-content\/uploads\/2019\/07\/BANNER-AGROCONCIENCIA-1700X500-1.jpg 1700w, https:\/\/enolife.com.ar\/es\/wp-content\/uploads\/2019\/07\/BANNER-AGROCONCIENCIA-1700X500-1-300x88.jpg 300w, https:\/\/enolife.com.ar\/es\/wp-content\/uploads\/2019\/07\/BANNER-AGROCONCIENCIA-1700X500-1-1024x301.jpg 1024w, https:\/\/enolife.com.ar\/es\/wp-content\/uploads\/2019\/07\/BANNER-AGROCONCIENCIA-1700X500-1-768x226.jpg 768w, https:\/\/enolife.com.ar\/es\/wp-content\/uploads\/2019\/07\/BANNER-AGROCONCIENCIA-1700X500-1-1536x452.jpg 1536w, https:\/\/enolife.com.ar\/es\/wp-content\/uploads\/2019\/07\/BANNER-AGROCONCIENCIA-1700X500-1-1170x344.jpg 1170w, https:\/\/enolife.com.ar\/es\/wp-content\/uploads\/2019\/07\/BANNER-AGROCONCIENCIA-1700X500-1-585x172.jpg 585w\" sizes=\"auto, (max-width: 1700px) 100vw, 1700px\" width=\"1700\" height=\"500\"   \/><\/a>\n\n\n<div style=\"height:45px\" aria-hidden=\"true\" class=\"wp-block-spacer\"><\/div>\n\n\n\n<p>Un informe emitido el 7 de julio \u00faltimo por el servicio de noticias alem\u00e1n <strong>Platow Brief<\/strong> afirm\u00f3 que la megacompa\u00f1\u00eda multinacional <strong>Bayer<\/strong> podr\u00eda llegar a vender la divisi\u00f3n de protecci\u00f3n de cultivos (<em>Crop Science Division<\/em>), con sede en <strong>Creve Coeur (Sant Louis, Estados Unidos)<\/strong>, en un esfuerzo por mejorar su posici\u00f3n financiera general, as\u00ed como su precio de participaci\u00f3n en el mercado. Esa sede era la que hasta 2018 albergaba a la empresa estadounidense <strong>Monsanto<\/strong>, que pas\u00f3 a manos de la alemana arrastrando muchos cuestionamientos y decenas de juicios millonarios por su herbicida <strong>glifosato.<\/strong><\/p>\n\n\n\n<p>El medio agr\u00edcola internacional <strong>Fram Journal<\/strong> consult\u00f3 sobre estas versiones directamente a Bayer y la respuesta fue: \u201c<em>El art\u00edculo de Platow Brief se basa puramente en especulaciones\u201d.<\/em> Pero no fue una negativa rotunda.<\/p>\n\n\n\n<div style=\"height:25px\" aria-hidden=\"true\" class=\"wp-block-spacer\"><\/div>\n\n\n\n<blockquote class=\"wp-block-quote is-layout-flow wp-block-quote-is-layout-flow\">\n<p>La compra en 2018 por 63.000 millones de d\u00f3lares de Monsanto sali\u00f3 mal, por las demandas de que el herbicida glifosato causa c\u00e1ncer\u00bb.<\/p>\n<cite>Rhonda Brooks, periodista especializada de agweb.com<\/cite><\/blockquote>\n\n\n\n<div style=\"height:22px\" aria-hidden=\"true\" class=\"wp-block-spacer\"><\/div>\n\n\n\n<p>Una nota en <strong>AGWeb<\/strong>, <strong>Rhonda Brooks<\/strong> afirm\u00f3 que \u201c<em>Bayer ha estado plagado durante mucho tiempo de demandas relacionadas con el Roundup, despu\u00e9s de su compra por 63.000 millones de d\u00f3lares del fabricante de semillas agr\u00edcolas y pesticidas<strong> Monsanto<\/strong>, que sali\u00f3 mal. La compra carg\u00f3 a Bayer con miles de millones de d\u00f3lares de gastos en la lucha contra las demandas, principalmente del sector minorista de c\u00e9sped y jardines de su negocio, de que el herbicida glifosato causa c\u00e1ncer\u201d.<\/em><\/p>\n\n\n\n<p>En el momento de la compra de Monsanto en junio de 2018, el entonces director ejecutivo, <strong>Werner Baumann,<\/strong> dijo que \u00e9se era un <em>\u201cgran d\u00eda\u201d<\/em> para los clientes de la empresa. Y agregaba: <em>\u00abEstaremos a\u00fan mejor posicionados para ayudar a los agricultores del mundo a cultivar alimentos m\u00e1s saludables y accesibles de manera sostenible\u201d.<\/em><\/p>\n\n\n\n<p>De hecho, con esta fusi\u00f3n en 2018 naci\u00f3 la compa\u00f1\u00eda de insumos y tecnolog\u00edas agr\u00edcolas m\u00e1s grande del mundo. Hasta ese momento, Bayer ocupaba entre el cuarto y quinto lugar. Pero en agosto de 2018, Bayer ya perdi\u00f3 el primer juicio por el supuesto riesgo de c\u00e1ncer provocado por el glifosato. Luego, la compa\u00f1\u00eda obtuvo seis victorias consecutivas en las pruebas.&nbsp;Los productores de ma\u00edz y soja estadounidenses no se han dejado intimidar por las demandas y contin\u00faan usando <strong>Roundup<\/strong> y glifosato gen\u00e9rico en sus esfuerzos por controlar las malezas.<\/p>\n\n\n\n<p><em>\u201cAhora, cinco a\u00f1os despu\u00e9s, Baumann se retir\u00f3 a finales de mayo tras una carrera de 35 a\u00f1os en Bayer.&nbsp;El nuevo CEO, Bill Anderson, oriundo de Texas, se incorpor\u00f3 a Bayer en abril y asumi\u00f3 el liderazgo de la empresa el 1 de junio. Anderson fue recientemente director de la divisi\u00f3n de productos farmac\u00e9uticos de Roche\u201d<\/em>, detalla la nota de&nbsp;<strong>AGWeb<\/strong>.<\/p>\n\n\n\n<div style=\"height:24px\" aria-hidden=\"true\" class=\"wp-block-spacer\"><\/div>\n\n\n\n<h4 class=\"wp-block-heading has-vivid-red-color has-text-color\">En 2020, Bayer lleg\u00f3 a un acuerdo judicial por valor de 10.000 millones de d\u00f3lares para resolver las demandas presentadas por antiguos usuarios del glifosato. Y el 6\/7\/23, el grupo farmac\u00e9utico alem\u00e1n acord\u00f3 pagar 7 millones de d\u00f3lares&nbsp;al estado de Nueva York para cerrar las demandas por&nbsp;publicidad enga\u00f1osa&nbsp;que presentaban al&nbsp;herbicida Roundup, a base de glifosato,&nbsp;como un producto seguro.<\/h4>\n\n\n\n<div style=\"height:29px\" aria-hidden=\"true\" class=\"wp-block-spacer\"><\/div>\n\n\n\n<p>Por otro lado, un art\u00edculo de&nbsp;<strong>Reuters<\/strong>&nbsp;publicado el 8\/7\/23 dice que la decisi\u00f3n de Anderson y su equipo de vender la divisi\u00f3n <strong>Crop Science<\/strong> <em>\u201cser\u00eda complicada pero beneficiosa\u201d<\/em> para Bayer. De todos modos, esa agencia de noticias germana plantea que la empresa alemana planea dividir la divisi\u00f3n agro de la farmac\u00e9utica para blindar a est\u00e1 \u00faltima de los juicios que arrastra de Monsanto. No de desprenderse de ella.<\/p>\n\n\n\n<p><em>\u201cSi se deshace de la divisi\u00f3n Crop Science, Bayer podr\u00eda indemnizar a los nuevos propietarios por el costo de futuros litigios hasta cierto punto. Anderson tambi\u00e9n debe considerar c\u00f3mo financiar\u00e1 futuros descubrimientos de f\u00e1rmacos en el negocio farmac\u00e9utico, que permanecer\u00eda despu\u00e9s de una escisi\u00f3n\u201d, <\/em>consigna el art\u00edculo de Reuters.<\/p>\n\n\n\n<p>Lo cierto es que con los rumores las acciones de Bayer subieron un 3%.<\/p>\n\n\n\n<div style=\"height:27px\" aria-hidden=\"true\" class=\"wp-block-spacer\"><\/div>\n\n\n\n<p class=\"has-small-font-size\"><em><strong>Fuentes: Bichos de Campo, Platow Brief y Reuters<\/strong><\/em><\/p>\n\n\n\n<div style=\"height:24px\" aria-hidden=\"true\" class=\"wp-block-spacer\"><\/div>\n","protected":false},"excerpt":{"rendered":"<p>Cansada de litigar contra juicios entablados por productores por el posible efecto cancer\u00edgenos de su&hellip;<\/p>\n","protected":false},"author":3,"featured_media":97411,"comment_status":"open","ping_status":"open","sticky":false,"template":"","format":"standard","meta":{"footnotes":""},"categories":[14],"tags":[],"class_list":["post-97137","post","type-post","status-publish","format-standard","has-post-thumbnail","hentry","category-news"],"_links":{"self":[{"href":"https:\/\/enolife.com.ar\/es\/wp-json\/wp\/v2\/posts\/97137","targetHints":{"allow":["GET"]}}],"collection":[{"href":"https:\/\/enolife.com.ar\/es\/wp-json\/wp\/v2\/posts"}],"about":[{"href":"https:\/\/enolife.com.ar\/es\/wp-json\/wp\/v2\/types\/post"}],"author":[{"embeddable":true,"href":"https:\/\/enolife.com.ar\/es\/wp-json\/wp\/v2\/users\/3"}],"replies":[{"embeddable":true,"href":"https:\/\/enolife.com.ar\/es\/wp-json\/wp\/v2\/comments?post=97137"}],"version-history":[{"count":0,"href":"https:\/\/enolife.com.ar\/es\/wp-json\/wp\/v2\/posts\/97137\/revisions"}],"wp:featuredmedia":[{"embeddable":true,"href":"https:\/\/enolife.com.ar\/es\/wp-json\/wp\/v2\/media\/97411"}],"wp:attachment":[{"href":"https:\/\/enolife.com.ar\/es\/wp-json\/wp\/v2\/media?parent=97137"}],"wp:term":[{"taxonomy":"category","embeddable":true,"href":"https:\/\/enolife.com.ar\/es\/wp-json\/wp\/v2\/categories?post=97137"},{"taxonomy":"post_tag","embeddable":true,"href":"https:\/\/enolife.com.ar\/es\/wp-json\/wp\/v2\/tags?post=97137"}],"curies":[{"name":"wp","href":"https:\/\/api.w.org\/{rel}","templated":true}]}}