{"id":97000,"date":"2023-07-12T19:43:34","date_gmt":"2023-07-12T19:43:34","guid":{"rendered":"https:\/\/enolife.com.ar\/es\/?p=97000"},"modified":"2023-07-12T19:43:34","modified_gmt":"2023-07-12T19:43:34","slug":"la-feria-de-arte-accesible-y-solidaria-sigue-en-el-parque-san-martin-hasta-el-domingo-16-7","status":"publish","type":"post","link":"https:\/\/enolife.com.ar\/es\/la-feria-de-arte-accesible-y-solidaria-sigue-en-el-parque-san-martin-hasta-el-domingo-16-7\/","title":{"rendered":"La Feria de Arte Accesible y solidaria sigue en el Parque San Mart\u00edn hasta el domingo 16\/7"},"content":{"rendered":"\n<h4 class=\"wp-block-heading\"><em><strong>En la continuidad de un ciclo de ferias que ya tiene 10 a\u00f1os, con la organizaci\u00f3n de Encuentro Indi y Misi\u00f3n Verde Soluciones Sustentables, en estos d\u00edas el tradicional encuentro se realiza en calle Los Robles del Parque General San Mart\u00edn de la capital mendocina, todos los d\u00edas de 10 a 19.30 hasta el domingo 16\/7. Hay regalos para todos los gustos y la posibilidad de conectarse con los mejores artesanos de Mendoza que all\u00ed tienen sus puestos. Tambi\u00e9n hay stands de ONGs solidarias, donde se venden los productos para solventar sus actividades.<\/strong><\/em><\/h4>\n\n\n\n<div style=\"height:35px\" aria-hidden=\"true\" class=\"wp-block-spacer\"><\/div>\n\n\n<a href=\"https:\/\/estanciamendoza.com.ar\/es\/\" aria-label=\"Copia de BEM &#8211; Banner adaptaciones diario digital_BEM &#8211; Banner Enolife &#8211; 1700&#215;500\"><img loading=\"lazy\" decoding=\"async\" src=\"https:\/\/enolife.com.ar\/es\/wp-content\/uploads\/2019\/07\/Copia-de-BEM-Banner-adaptaciones-diario-digital_BEM-Banner-Enolife-1700x500-1.jpg\" alt=\"\"  srcset=\"https:\/\/enolife.com.ar\/es\/wp-content\/uploads\/2019\/07\/Copia-de-BEM-Banner-adaptaciones-diario-digital_BEM-Banner-Enolife-1700x500-1.jpg 1700w, https:\/\/enolife.com.ar\/es\/wp-content\/uploads\/2019\/07\/Copia-de-BEM-Banner-adaptaciones-diario-digital_BEM-Banner-Enolife-1700x500-1-300x88.jpg 300w, https:\/\/enolife.com.ar\/es\/wp-content\/uploads\/2019\/07\/Copia-de-BEM-Banner-adaptaciones-diario-digital_BEM-Banner-Enolife-1700x500-1-1024x301.jpg 1024w, https:\/\/enolife.com.ar\/es\/wp-content\/uploads\/2019\/07\/Copia-de-BEM-Banner-adaptaciones-diario-digital_BEM-Banner-Enolife-1700x500-1-768x226.jpg 768w, https:\/\/enolife.com.ar\/es\/wp-content\/uploads\/2019\/07\/Copia-de-BEM-Banner-adaptaciones-diario-digital_BEM-Banner-Enolife-1700x500-1-1536x452.jpg 1536w, https:\/\/enolife.com.ar\/es\/wp-content\/uploads\/2019\/07\/Copia-de-BEM-Banner-adaptaciones-diario-digital_BEM-Banner-Enolife-1700x500-1-1170x344.jpg 1170w, https:\/\/enolife.com.ar\/es\/wp-content\/uploads\/2019\/07\/Copia-de-BEM-Banner-adaptaciones-diario-digital_BEM-Banner-Enolife-1700x500-1-585x172.jpg 585w\" sizes=\"auto, (max-width: 1700px) 100vw, 1700px\" width=\"1700\" height=\"500\"   \/><\/a>\n\n\n<div style=\"height:45px\" aria-hidden=\"true\" class=\"wp-block-spacer\"><\/div>\n\n\n<div class=\"wp-block-image\">\n<figure class=\"alignleft size-full is-resized\"><a href=\"https:\/\/enolife.com.ar\/es\/wp-content\/uploads\/2023\/07\/82d588df-6f24-441c-8f8f-b66890581f01.jpg\" data-rel=\"penci-gallery-image-content\" ><img loading=\"lazy\" decoding=\"async\" src=\"https:\/\/enolife.com.ar\/es\/wp-content\/uploads\/2023\/07\/82d588df-6f24-441c-8f8f-b66890581f01.jpg\" alt=\"\" class=\"wp-image-97014\" width=\"305\" height=\"305\" srcset=\"https:\/\/enolife.com.ar\/es\/wp-content\/uploads\/2023\/07\/82d588df-6f24-441c-8f8f-b66890581f01.jpg 400w, https:\/\/enolife.com.ar\/es\/wp-content\/uploads\/2023\/07\/82d588df-6f24-441c-8f8f-b66890581f01-300x300.jpg 300w, https:\/\/enolife.com.ar\/es\/wp-content\/uploads\/2023\/07\/82d588df-6f24-441c-8f8f-b66890581f01-150x150.jpg 150w\" sizes=\"auto, (max-width: 305px) 100vw, 305px\" \/><\/a><\/figure><\/div>\n\n\n<p>En estas vacaciones de invierno, con <strong>Mendoza<\/strong> llena de turistas y tiempo libre para que los vecinos de la ciudad disfruten del descanso, la <strong>Feria Inclusiva de Arte Accesible<\/strong> vuelve a montarse, esta vez desde el 10 al 16 de julio en el coraz\u00f3n del <strong>Parque General San Mart\u00edn<\/strong>, m\u00e1s precisamente en la calle <strong>Los Robles<\/strong>, que une la rotonda del <strong>Rosedal del Lago<\/strong> con la cancha de <strong>Independiente Rivadavia.<\/strong><\/p>\n\n\n\n<p>All\u00ed el paseante podr\u00e1 encontrar desde objetos de arte originales hasta aceites de oliva y vinos artesanales, pasando por libros, plantas, indumentaria de dise\u00f1o, cuadros, tazas, cartucheras, impresos en telas, ilustraciones, mochilas, cer\u00e1mica, todo con precios accesibles.<\/p>\n\n\n\n<p>Este ciclo ha sido declarado de \u00abInter\u00e9s P\u00fablico\u00bb por la <strong>C\u00e1mara de Diputados de Mendoza <\/strong>a trav\u00e9s de la <strong>Resoluci\u00f3n 863\/2022<\/strong> y es apoyado por la <strong>Municipalidad de la Ciudad de Mendoza.<\/strong> La feria incluye entre sus expositores a personas con discapacidad.<\/p>\n\n\n\n<p>En sus comunicaciones, los organizadores definen a la Feria Accesible como \u00abuna muestra experimental de arte inclusivo, destinada a personas con discapacidad\u00bb.<\/p>\n\n\n\n<p>Con entrada libre y gratuita, el ciclo constituye una oportunidad para que la familia local y los turistas adquieran obras de arte y objetos de dise\u00f1o, a la vez que puedan vincularse con los artistas, dise\u00f1adores y emprendedores que los crearon.<\/p>\n\n\n\n<p class=\"has-background\" style=\"background-color:#abb7c26e\">Los interesados en recabar mayor informaci\u00f3n o sumarse a futuras ferias puede comunicarse con <strong>Natacha Acebedo<\/strong> al tel\u00e9fono +54 9 <strong>261 485 1758 (@encuentroindi)<\/strong><\/p>\n\n\n\n<div style=\"height:41px\" aria-hidden=\"true\" class=\"wp-block-spacer\"><\/div>\n","protected":false},"excerpt":{"rendered":"<p>En la continuidad de un ciclo de ferias que ya tiene 10 a\u00f1os, con la&hellip;<\/p>\n","protected":false},"author":3,"featured_media":97012,"comment_status":"open","ping_status":"open","sticky":false,"template":"","format":"standard","meta":{"footnotes":""},"categories":[47],"tags":[],"class_list":["post-97000","post","type-post","status-publish","format-standard","has-post-thumbnail","hentry","category-agenda"],"_links":{"self":[{"href":"https:\/\/enolife.com.ar\/es\/wp-json\/wp\/v2\/posts\/97000","targetHints":{"allow":["GET"]}}],"collection":[{"href":"https:\/\/enolife.com.ar\/es\/wp-json\/wp\/v2\/posts"}],"about":[{"href":"https:\/\/enolife.com.ar\/es\/wp-json\/wp\/v2\/types\/post"}],"author":[{"embeddable":true,"href":"https:\/\/enolife.com.ar\/es\/wp-json\/wp\/v2\/users\/3"}],"replies":[{"embeddable":true,"href":"https:\/\/enolife.com.ar\/es\/wp-json\/wp\/v2\/comments?post=97000"}],"version-history":[{"count":0,"href":"https:\/\/enolife.com.ar\/es\/wp-json\/wp\/v2\/posts\/97000\/revisions"}],"wp:featuredmedia":[{"embeddable":true,"href":"https:\/\/enolife.com.ar\/es\/wp-json\/wp\/v2\/media\/97012"}],"wp:attachment":[{"href":"https:\/\/enolife.com.ar\/es\/wp-json\/wp\/v2\/media?parent=97000"}],"wp:term":[{"taxonomy":"category","embeddable":true,"href":"https:\/\/enolife.com.ar\/es\/wp-json\/wp\/v2\/categories?post=97000"},{"taxonomy":"post_tag","embeddable":true,"href":"https:\/\/enolife.com.ar\/es\/wp-json\/wp\/v2\/tags?post=97000"}],"curies":[{"name":"wp","href":"https:\/\/api.w.org\/{rel}","templated":true}]}}