{"id":96974,"date":"2023-07-13T03:15:40","date_gmt":"2023-07-13T03:15:40","guid":{"rendered":"https:\/\/enolife.com.ar\/es\/?p=96974"},"modified":"2024-02-26T22:30:30","modified_gmt":"2024-02-26T22:30:30","slug":"fecovita-reeligio-a-ruben-panella-como-presidente-y-sumo-por-primera-vez-a-una-mujer-al-directorio","status":"publish","type":"post","link":"https:\/\/enolife.com.ar\/es\/fecovita-reeligio-a-ruben-panella-como-presidente-y-sumo-por-primera-vez-a-una-mujer-al-directorio\/","title":{"rendered":"Fecovita reeligi\u00f3 a Rub\u00e9n Panella como presidente y sum\u00f3 por primera vez a una mujer al Directorio"},"content":{"rendered":"\n<h4 class=\"wp-block-heading\"><em><strong>El viernes 7 de julio se realiz\u00f3 la Asamblea anual de la Federaci\u00f3n de Cooperativas Vitivin\u00edcolas de Argentina (Fecovita) durante la cual se present\u00f3 y aprob\u00f3 el balance -que termin\u00f3 con saldo positivo para el \u00faltimo ejercicio- y se eligieron los miembros del organismo de conducci\u00f3n. Panella seguir\u00e1 como titular de la entidad y V\u00edctor Rigoldi como vicepresidente. La novedad es la incorporaci\u00f3n de Alicia Galante, de la Cooperativa Ingeniero Giagnoni, que asumir\u00e1 el cargo de protesorera.<\/strong><\/em><\/h4>\n\n\n\n<div style=\"height:35px\" aria-hidden=\"true\" class=\"wp-block-spacer\"><\/div>\n\n\n<a href=\"https:\/\/estanciamendoza.com.ar\/es\/\" aria-label=\"Copia de BEM &#8211; Banner adaptaciones diario digital_BEM &#8211; Banner Enolife &#8211; 1700&#215;500\"><img loading=\"lazy\" decoding=\"async\" src=\"https:\/\/enolife.com.ar\/es\/wp-content\/uploads\/2019\/07\/Copia-de-BEM-Banner-adaptaciones-diario-digital_BEM-Banner-Enolife-1700x500-1.jpg\" alt=\"\"  srcset=\"https:\/\/enolife.com.ar\/es\/wp-content\/uploads\/2019\/07\/Copia-de-BEM-Banner-adaptaciones-diario-digital_BEM-Banner-Enolife-1700x500-1.jpg 1700w, https:\/\/enolife.com.ar\/es\/wp-content\/uploads\/2019\/07\/Copia-de-BEM-Banner-adaptaciones-diario-digital_BEM-Banner-Enolife-1700x500-1-300x88.jpg 300w, https:\/\/enolife.com.ar\/es\/wp-content\/uploads\/2019\/07\/Copia-de-BEM-Banner-adaptaciones-diario-digital_BEM-Banner-Enolife-1700x500-1-1024x301.jpg 1024w, https:\/\/enolife.com.ar\/es\/wp-content\/uploads\/2019\/07\/Copia-de-BEM-Banner-adaptaciones-diario-digital_BEM-Banner-Enolife-1700x500-1-768x226.jpg 768w, https:\/\/enolife.com.ar\/es\/wp-content\/uploads\/2019\/07\/Copia-de-BEM-Banner-adaptaciones-diario-digital_BEM-Banner-Enolife-1700x500-1-1536x452.jpg 1536w, https:\/\/enolife.com.ar\/es\/wp-content\/uploads\/2019\/07\/Copia-de-BEM-Banner-adaptaciones-diario-digital_BEM-Banner-Enolife-1700x500-1-1170x344.jpg 1170w, https:\/\/enolife.com.ar\/es\/wp-content\/uploads\/2019\/07\/Copia-de-BEM-Banner-adaptaciones-diario-digital_BEM-Banner-Enolife-1700x500-1-585x172.jpg 585w\" sizes=\"auto, (max-width: 1700px) 100vw, 1700px\" width=\"1700\" height=\"500\"   \/><\/a>\n\n\n<div style=\"height:45px\" aria-hidden=\"true\" class=\"wp-block-spacer\"><\/div>\n\n\n\n<p>El grupo vitin\u00edcola Fecovita -que nuclea a m\u00e1s de 5.000 productores integrados en 29 cooperativas, que trabajan unas 25.000 hect\u00e1reas de vi\u00f1edos- realiz\u00f3 su Asamblea anual el 7\/7 en su casa matriz de Maip\u00fa, Mendoza, con la participaci\u00f3n de los delegados de las cooperativas que conforman la Federaci\u00f3n. <\/p>\n\n\n\n<p>Durante la jornada se present\u00f3 y aprob\u00f3 el balance que termin\u00f3 con saldo positivo en el \u00faltimo ejercicio. Luego, en el proceso elecci\u00f3n de los miembros del directorio, <strong>se ratific\u00f3 la presidencia de Rub\u00e9n Panella<\/strong> y el resto de la mesa directiva con la salvedad de Jorge Ira\u00f1eta, que luego de 8 a\u00f1os de gesti\u00f3n  como tesorero, decidi\u00f3 dar un paso al costado, pero seguir\u00e1 participando del Consejo de Administraci\u00f3n y con su presidencia de la Cooperativa Brindis. En su lugar asumir\u00e1 Gustavo Arang\u00fcena de la Cooperativa Tres Porte\u00f1as.<\/p>\n\n\n\n<p>Al respecto, Panella manifest\u00f3: <em>\u201cLe quiero agradecer a Jorge por acompa\u00f1arme este \u00faltimo a\u00f1o. Es uno de los socios fundadores de la Cooperativa Brindis en la d\u00e9cada del \u00b480 y fue muy importante en el proceso de integraci\u00f3n de las cooperativas a Fecovita. Nos enorgullece contar con personas como \u00e9l en el Consejo de Administraci\u00f3n\u201d<\/em>.<\/p>\n\n\n\n<p>En tanto, el ahora ex tesorero manifest\u00f3:<em> \u201cA Fecovita le debo todo. Ninguna de las cooperativas ser\u00edan lo que son hoy si no nos hubi\u00e9ramos unido. Tom\u00e9 la decisi\u00f3n de dejar mi lugar a una nueva generaci\u00f3n para que sigan construyendo sobre las bases que dejamos los m\u00e1s experimentados. Seguir\u00e9 apoyando este proyecto como consejero de la Federaci\u00f3n\u201d<\/em>.<\/p>\n\n\n\n<div style=\"height:30px\" aria-hidden=\"true\" class=\"wp-block-spacer\"><\/div>\n\n\n<div class=\"wp-block-image\">\n<figure class=\"aligncenter size-full is-resized\"><a href=\"https:\/\/enolife.com.ar\/es\/wp-content\/uploads\/2023\/07\/fecovita-2.jpeg\" data-rel=\"penci-gallery-image-content\" ><img loading=\"lazy\" decoding=\"async\" src=\"https:\/\/enolife.com.ar\/es\/wp-content\/uploads\/2023\/07\/fecovita-2.jpeg\" alt=\"\" class=\"wp-image-97043\" width=\"622\" height=\"343\" srcset=\"https:\/\/enolife.com.ar\/es\/wp-content\/uploads\/2023\/07\/fecovita-2.jpeg 906w, https:\/\/enolife.com.ar\/es\/wp-content\/uploads\/2023\/07\/fecovita-2-300x166.jpeg 300w, https:\/\/enolife.com.ar\/es\/wp-content\/uploads\/2023\/07\/fecovita-2-768x424.jpeg 768w, https:\/\/enolife.com.ar\/es\/wp-content\/uploads\/2023\/07\/fecovita-2-585x323.jpeg 585w\" sizes=\"auto, (max-width: 622px) 100vw, 622px\" \/><\/a><figcaption class=\"wp-element-caption\"><em><strong>Asamblea anual de Fecovita 2023<\/strong><\/em><\/figcaption><\/figure><\/div>\n\n\n<div style=\"height:30px\" aria-hidden=\"true\" class=\"wp-block-spacer\"><\/div>\n\n\n\n<p>Por otro lado, por primera vez en la historia de la entidad, se sumar\u00e1 una mujer a la Mesa Directiva. Es el caso de  <strong>Alicia Galante, presidenta de la Cooperativa Ingeniero Giagnoni<\/strong> desde 2016, que se desempe\u00f1ar\u00e1 como <strong>protesorera<\/strong>. Alicia es una de las cuatro mujeres que integran el Consejo de Administraci\u00f3n, junto a Hilda Wilhelm, Amalia Manresa y Adriana Pepa. <\/p>\n\n\n\n<p><em>\u201cMi pap\u00e1 se sum\u00f3 primero a la Cooperativa y cuando falleci\u00f3 en 1999 ingres\u00e9 yo. Hered\u00e9 su finca que ten\u00eda un parral de Criolla y con el tiempo lo transform\u00e9 en un espaldero con uvas Malbec preparado para cosecharlo mec\u00e1nicamente\u201d<\/em>, expres\u00f3 emocionada la protesorera.<\/p>\n\n\n\n<p>Respecto al balance de su primer a\u00f1o de gesti\u00f3n, Rub\u00e9n Panella se mostr\u00f3 muy satisfecho y expres\u00f3: <em>\u201cAl asumir como presidente, junto a la Mesa Directiva, decidimos enfocarnos en lo comercial para consolidar nuestro liderazgo interno y profundizar el plan de internacionalizaci\u00f3n y apertura de nuevos mercados y logramos cumplirlos. Mantuvimos el share de mercado interno, crecimos en los mercados de Brasil y Asia, y retomamos relaci\u00f3n con clientes de M\u00e9xico y Estados Unidos que nos permiti\u00f3 restablecer nuestros productos en esos mercados\u201d<\/em>.<\/p>\n\n\n\n<p>Y agreg\u00f3: <em>\u201cCon el apoyo de nuestros productores, proveedores y clientes, hemos podido sobreponernos a la coyuntura macroecon\u00f3mica sumado a la baja cosecha de este a\u00f1o y cumplir el prop\u00f3sito de la empresa de dar sostenibilidad a los miles de peque\u00f1os productores integrados a nuestro sistema. Quiero agradecer especialmente a los colaboradores de la Federaci\u00f3n y las cooperativas que trabajan d\u00eda a d\u00eda desde la elaboraci\u00f3n de los vinos hasta la entrega al cliente\u201d<\/em>.<\/p>\n\n\n\n<div style=\"height:35px\" aria-hidden=\"true\" class=\"wp-block-spacer\"><\/div>\n\n\n\n<p class=\"has-medium-font-size\"><strong>Miembros de la mesa directiva<\/strong><\/p>\n\n\n\n<ul class=\"wp-block-list\">\n<li><strong>Rub\u00e9n Panella<\/strong> como presidente<\/li>\n\n\n\n<li><strong>V\u00edctor Rigoldi<\/strong> como vicepresidente<\/li>\n\n\n\n<li><strong>Marcelo Federici<\/strong> como secretario<\/li>\n\n\n\n<li><strong>Gustavo Arang\u00fcena<\/strong> como tesorero<\/li>\n\n\n\n<li><strong>Javier Vergani<\/strong> como prosecretario<\/li>\n\n\n\n<li><strong>Alicia Galante<\/strong> como protesorera<\/li>\n<\/ul>\n\n\n\n<div style=\"height:35px\" aria-hidden=\"true\" class=\"wp-block-spacer\"><\/div>\n\n\n\n<p><\/p>\n\n\n\n<p><\/p>\n","protected":false},"excerpt":{"rendered":"<p>El viernes 7 de julio se realiz\u00f3 la Asamblea anual de la Federaci\u00f3n de Cooperativas&hellip;<\/p>\n","protected":false},"author":3,"featured_media":97039,"comment_status":"open","ping_status":"open","sticky":false,"template":"","format":"standard","meta":{"footnotes":""},"categories":[57],"tags":[],"class_list":["post-96974","post","type-post","status-publish","format-standard","has-post-thumbnail","hentry","category-empresas"],"_links":{"self":[{"href":"https:\/\/enolife.com.ar\/es\/wp-json\/wp\/v2\/posts\/96974","targetHints":{"allow":["GET"]}}],"collection":[{"href":"https:\/\/enolife.com.ar\/es\/wp-json\/wp\/v2\/posts"}],"about":[{"href":"https:\/\/enolife.com.ar\/es\/wp-json\/wp\/v2\/types\/post"}],"author":[{"embeddable":true,"href":"https:\/\/enolife.com.ar\/es\/wp-json\/wp\/v2\/users\/3"}],"replies":[{"embeddable":true,"href":"https:\/\/enolife.com.ar\/es\/wp-json\/wp\/v2\/comments?post=96974"}],"version-history":[{"count":0,"href":"https:\/\/enolife.com.ar\/es\/wp-json\/wp\/v2\/posts\/96974\/revisions"}],"wp:featuredmedia":[{"embeddable":true,"href":"https:\/\/enolife.com.ar\/es\/wp-json\/wp\/v2\/media\/97039"}],"wp:attachment":[{"href":"https:\/\/enolife.com.ar\/es\/wp-json\/wp\/v2\/media?parent=96974"}],"wp:term":[{"taxonomy":"category","embeddable":true,"href":"https:\/\/enolife.com.ar\/es\/wp-json\/wp\/v2\/categories?post=96974"},{"taxonomy":"post_tag","embeddable":true,"href":"https:\/\/enolife.com.ar\/es\/wp-json\/wp\/v2\/tags?post=96974"}],"curies":[{"name":"wp","href":"https:\/\/api.w.org\/{rel}","templated":true}]}}