{"id":9663,"date":"2020-03-20T03:03:23","date_gmt":"2020-03-20T03:03:23","guid":{"rendered":"http:\/\/enolife.com.ar\/es\/?p=9663"},"modified":"2020-03-23T01:53:07","modified_gmt":"2020-03-23T01:53:07","slug":"la-cosecha-de-uva-quedo-exceptuada-de-la-cuarentena-total","status":"publish","type":"post","link":"https:\/\/enolife.com.ar\/es\/la-cosecha-de-uva-quedo-exceptuada-de-la-cuarentena-total\/","title":{"rendered":"La cosecha de uva qued\u00f3 exceptuada de la cuarentena total"},"content":{"rendered":"\n<h4 class=\"wp-block-heading\"><em><strong>Cuando promedia el tiempo de recolecci\u00f3n de uva, con m\u00e1s de 1.100 millones de kilos levantados en el pa\u00eds, prohibir la circulaci\u00f3n de cosechadores en las vi\u00f1as hubiera sido una cat\u00e1strofe para la industria. Como se esperaba, el presidente Alberto Fern\u00e1ndez accedi\u00f3 al pedido del gobernador de Mendoza, Rodolfo Su\u00e1rez, y de los legisladores nacionales Luis Petri y Alfredo Cornejo y exceptu\u00f3 a la cosecha de la cuarentena. Alivio en el sector, que ahora aguarda el fin de las tareas para fines de abril, con unos 2.300 millones de kilos de la materia prima del vino.<\/strong><\/em><\/h4>\n\n\n\n<div style=\"height:20px\" aria-hidden=\"true\" class=\"wp-block-spacer\"><\/div>\n\n\n\n<p>Los productores y bodegueros respiraron con alivio ayer 19\/3 alrededor de las 22 cuando se conoci\u00f3 la letra chica del decreto presidencial que dispon\u00eda  la medida de \u00abaislamiento social, preventivo y obligatorio\u00bb para \u00abtodas las personas que habitan en el pa\u00eds o se encuentren en \u00e9l en forma temporaria\u00bb. Es que, en los puntos 12 y 13 del art\u00edculo 6 de la norma -el que especifica las excepciones- se aclara que quedan fuera de la cuarentena las \u00abindustrias de alimentaci\u00f3n, su cadena productiva e insumos; de higiene personal y limpieza; de equipamiento m\u00e9dico, medicamentos, vacunas y otros insumos sanitarios\u00bb y las \u00abactividades vinculadas con la producci\u00f3n, distribuci\u00f3n y comercializaci\u00f3n agropecuaria y de pesca\u00bb. O sea: la cosecha de uva no se ver\u00e1 afectada por ninguna restricci\u00f3n a los trabajadores de la vi\u00f1a.<\/p>\n\n\n\n<div style=\"height:20px\" aria-hidden=\"true\" class=\"wp-block-spacer\"><\/div>\n\n\n\n<p class=\"has-medium-font-size\"><strong>Abriendo el paraguas a tiempo<\/strong><\/p>\n\n\n\n<p>En la ma\u00f1ana de ayer, el gobernador Rodolfo Su\u00e1rez mantuvo un encuentro con los intendentes del Sur de la provincia, Emir F\u00e9lix de San Rafael y Walther Marcolini de General Alvear. Cabe destacar que el jefe comunal de Malarg\u00fce, Juan Manuel Ojeda, se encontraba cumpliendo su aislamiento debido a que hab\u00eda viajado a Buenos Aires y la disposici\u00f3n provincial lo obliga a aislarse por 14 d\u00edas. En la reuni\u00f3n tambi\u00e9n estuvo presente la ministra de Salud, Desarrollo Social y Deportes, Ana Mar\u00eda Nadal.<\/p>\n\n\n\n<p>Tras analizar la situaci\u00f3n con los intendentes, y ante una consulta de la prensa, Su\u00e1rez adelantaba: <strong><em>\u201cEsta tarde <\/em>(por la tarde de ayer)<em> me re\u00fano por teleconferencia con el presidente Fern\u00e1ndez. Le voy a pedir que en Mendoza no haya cuarentena absoluta porque tenemos que levantar la cosecha extremando cuidados. Sabemos que se puede llevar adelante son riesgos y no podemos perder esa actividad econ\u00f3mica, estamos trabajando para mejorar el traslado de cosechadores a las fincas y les daremos protecci\u00f3n especial\u201d.<\/em><\/strong><\/p>\n\n\n\n<div style=\"height:20px\" aria-hidden=\"true\" class=\"wp-block-spacer\"><\/div>\n\n\n\n<blockquote class=\"wp-block-quote is-layout-flow wp-block-quote-is-layout-flow\"><p>\u201cHemos planteado la situaci\u00f3n de los cosechadores, para darles medidas de prevenci\u00f3n, y adem\u00e1s seguimos trabajando para que no haya desabastecimiento en ning\u00fan departamento y que el transporte de carga pueda trabajar con normalidad\u201d.<\/p><cite> Walther Marcolini, intendente de General Alvear, <\/cite><\/blockquote>\n\n\n\n<div style=\"height:20px\" aria-hidden=\"true\" class=\"wp-block-spacer\"><\/div>\n\n\n\n<p class=\"has-medium-font-size\"><strong>Diputados nacionales, en equipo con el gobernador<\/strong><\/p>\n\n\n\n<p>En la tarde de ayer, al mismo tiempo que el gobernador dialogaba en teleconferencia con el presidente Fern\u00e1ndez, los diputados nacionales mendocinos Luis Petri y Alfredo Cornejo reforzaban la solicitud del mandatario mendocino requieriendo al gobierno nacional que exceptuase de \u00abcualquier medida restrictiva a la circulaci\u00f3n o actividad vinculada con la vitivinicultura hasta tanto haya concluido el per\u00edodo de cosecha&nbsp;2020\u00bb.<\/p>\n\n\n\n<p>Petri y Cornejo expresaron el pedido en una carta enviada al ministro de Agricultura, Ganader\u00eda y Pesca, Luis Basterra, horas antes de que el Gobierno determinara una cuarentena&nbsp;general y obligatoria.<\/p>\n\n\n\n<p>La carta rezaba, textualmente: <em>\u00abAnte el flagelo del Coronavirus que tiene en vilo al mundo entero, el Gobierno viene disponiendo una bater\u00eda de medidas destinadas a proteger a la poblaci\u00f3n del impacto que genera la enfermedad desde el punto de vista de la salud.<\/em><\/p>\n\n\n\n<p><em>\u00abEn las \u00faltimas horas y ante el aumento de casos, ha circulado con fuerza la idea de establecer la cuarentena total en el territorio argentino.<\/em><\/p>\n\n\n\n<p><em>\u00abAnte esto, sin lugar a dudas vamos a acompa\u00f1ar la decisi\u00f3n que se tome, no sin antes advertir la necesidad de exceptuar las actividades industriales y agr\u00edcolas que por su estacionalidad y particularidades, no pueden ser diferidas en el tiempo, como es el caso de la vitivinicultura, presente en 18 provincias argentinas y pilar fundamental de las econom\u00edas de Mendoza y San Juan\u00bb<\/em>.<\/p>\n\n\n\n<p><em>\u00abDe verse afectada la cosecha, las p\u00e9rdidas ser\u00e1n inconmensurables e irrecuperables, suponiendo un tiro de gracia a todo el sector y a las econom\u00edas de las provincias productoras.<\/em><\/p>\n\n\n\n<p>\u00ab<em>Por ello, solicitamos al Gobierno Nacional except\u00fae de cualquier medida restrictiva a la circulaci\u00f3n y\/o actividad vinculadas con la vitivinicultura hasta tanto haya concluido el per\u00edodo de cosecha 2020&#8243;.<\/em><\/p>\n\n\n\n<p>Finalmente, y como se preve\u00eda, las autoridades nacionales hicieron lugar al pedido de los mendocinos y la cosecha qued\u00f3 eximida de cualquier restricci\u00f3n.<\/p>\n\n\n\n<div style=\"height:20px\" aria-hidden=\"true\" class=\"wp-block-spacer\"><\/div>\n\n\n\n<p class=\"has-medium-font-size\"><strong>Recomendaciones para los cosechadores<\/strong><\/p>\n\n\n\n<p>Los productores, tras quedarse tranquilos con respecto a que el trabajo de todo el a\u00f1o no se ver\u00eda afectado, hicieron circular una lista de medidas acordadas hace d\u00edas para que la cosecha de uva sea m\u00e1s segura y se reduzca al m\u00ednimo la posibilidad de contagio entre las vi\u00f1as:<br> -Al trasladarse a la finca trate de hacerlo guardando una distancia prudencial con las personas que lo rodean.<br>-Se recomienda que cada cosechador se traslade a la finca por sus propios medios y evitando aglomeraciones. <br><strong> -En la finca:<\/strong><br>-Evitar acercarse demasiado a otras personas, antes y despu\u00e9s de la vendimia, reduciendo al m\u00e1ximo todo tipo de contacto.<br> -Evitar compartir elementos de cosecha como tijeras, guantes, gancheras y tachos. En caso de que esto no fuera posible, tratar de lavarlos o desinfectarlos previamente.<br> -Es importante evitar compartir la cabina del cami\u00f3n y otros habit\u00e1culos cerrados. <br> -Evitar el uso de fichas, realizar los registros en cuadernos, destinando a cada cosechador tachos independientes. Si esto no es posible tratar de desinfectarlas antes de una nueva jornada.<br>-Durante este per\u00edodo de tiempo se recomienda no compartir mates, tel\u00e9fonos, vasos, cubiertos, tazas, etc\u00e9tera.<br> -Cada uno debe disponer de agua en forma individual para refrescarse.<br> -Es necesario que durante la espera del camionero en la finca se respete una distancia prudencial con las dem\u00e1s personas. <br>-Una vez finalizada la vendimia lavar los elementos de cosecha.<br>-Lavarse bien las manos todas las veces que sea posible. Al regresar a los domicilios lavar la ropa utilizada en la cosecha.<br><strong> -En la bodega:<\/strong><br> -Coordinar ingresos y egresos de camiones para evitar congestiones.<br> -Es importante que el camionero se traslade solo sin acompa\u00f1ante, y realice la espera en su cami\u00f3n hasta recibir las indicaciones del personal correspondiente.<br>-Evitar la congesti\u00f3n de personas en la b\u00e1scula.<br> -Se recomienda no compartir radios o tel\u00e9fonos para solicitar el llamado de camiones.<br> -Evitar compartir mates, vasos, cubiertos, tasas, etc.<br> -En todos los casos es fundamental mantener una distancia prudencial entre las personas y lavarse las manos todas las veces que sea posible.<br> -Si nos cuidamos estamos protegiendo a nuestras familias, que nos esperan al final de cada jornada.<\/p>\n\n\n\n<div style=\"height:20px\" aria-hidden=\"true\" class=\"wp-block-spacer\"><\/div>\n","protected":false},"excerpt":{"rendered":"<p>Cuando promedia el tiempo de recolecci\u00f3n de uva, con m\u00e1s de 1.100 millones de kilos&hellip;<\/p>\n","protected":false},"author":3,"featured_media":9750,"comment_status":"open","ping_status":"open","sticky":false,"template":"","format":"standard","meta":{"footnotes":""},"categories":[14],"tags":[],"class_list":["post-9663","post","type-post","status-publish","format-standard","has-post-thumbnail","hentry","category-news"],"_links":{"self":[{"href":"https:\/\/enolife.com.ar\/es\/wp-json\/wp\/v2\/posts\/9663","targetHints":{"allow":["GET"]}}],"collection":[{"href":"https:\/\/enolife.com.ar\/es\/wp-json\/wp\/v2\/posts"}],"about":[{"href":"https:\/\/enolife.com.ar\/es\/wp-json\/wp\/v2\/types\/post"}],"author":[{"embeddable":true,"href":"https:\/\/enolife.com.ar\/es\/wp-json\/wp\/v2\/users\/3"}],"replies":[{"embeddable":true,"href":"https:\/\/enolife.com.ar\/es\/wp-json\/wp\/v2\/comments?post=9663"}],"version-history":[{"count":0,"href":"https:\/\/enolife.com.ar\/es\/wp-json\/wp\/v2\/posts\/9663\/revisions"}],"wp:featuredmedia":[{"embeddable":true,"href":"https:\/\/enolife.com.ar\/es\/wp-json\/wp\/v2\/media\/9750"}],"wp:attachment":[{"href":"https:\/\/enolife.com.ar\/es\/wp-json\/wp\/v2\/media?parent=9663"}],"wp:term":[{"taxonomy":"category","embeddable":true,"href":"https:\/\/enolife.com.ar\/es\/wp-json\/wp\/v2\/categories?post=9663"},{"taxonomy":"post_tag","embeddable":true,"href":"https:\/\/enolife.com.ar\/es\/wp-json\/wp\/v2\/tags?post=9663"}],"curies":[{"name":"wp","href":"https:\/\/api.w.org\/{rel}","templated":true}]}}