{"id":96493,"date":"2023-07-06T21:19:15","date_gmt":"2023-07-06T21:19:15","guid":{"rendered":"https:\/\/enolife.com.ar\/es\/?p=96493"},"modified":"2023-07-09T23:42:05","modified_gmt":"2023-07-09T23:42:05","slug":"por-gestion-de-promendoza-6-importadores-brasilenos-vienen-a-comprar-vinos-y-alimentos-a-mendoza","status":"publish","type":"post","link":"https:\/\/enolife.com.ar\/es\/por-gestion-de-promendoza-6-importadores-brasilenos-vienen-a-comprar-vinos-y-alimentos-a-mendoza\/","title":{"rendered":"Por gesti\u00f3n de ProMendoza 6 importadores brasile\u00f1os vienen a comprar vinos y alimentos a Mendoza"},"content":{"rendered":"\n<h4 class=\"wp-block-heading\"><em><strong>La entidad gubernamental que promociona los productos mendocinos en el exterior, junto al Consejo Federal de Inversiones y el Gobierno de la provincia, organizaron del 24 al 28 de julio una serie de rondas de negocios entre productores pymes de los cuatro oasis provinciales y grandes grupos importadores de Brasil. Hay tiempo para inscribirse hasta el pr\u00f3ximo lunes 10 de julio.<\/strong><\/em><\/h4>\n\n\n\n<div style=\"height:35px\" aria-hidden=\"true\" class=\"wp-block-spacer\"><\/div>\n\n\n<a href=\"https:\/\/instagram.com\/labelsolutions?igshid=YmMyMTA2M2Y=\" aria-label=\"Banner Palero 1700&#215;500\"><img loading=\"lazy\" decoding=\"async\" src=\"https:\/\/enolife.com.ar\/es\/wp-content\/uploads\/2021\/09\/Banner-Palero-1700x500-1.gif\" alt=\"\"  width=\"1700\" height=\"500\"   \/><\/a>\n\n\n<div style=\"height:45px\" aria-hidden=\"true\" class=\"wp-block-spacer\"><\/div>\n\n\n\n<p>Seis importantes compradores de <strong>Brasil<\/strong> llegar\u00e1n a la provincia de <strong>Mendoza<\/strong> del <strong>24 al 28 de julio <\/strong>para comprar alimentos y vinos a las pymes de cada regi\u00f3n y comercializar en diferentes Estados brasileros.<\/p>\n\n\n\n<p>Se prev\u00e9 que al menos <strong>120 empresas<\/strong> de Mendoza participen de unas <strong>700 reuniones de negocios<\/strong>, para vender productos al exterior sin salir de la provincia.<\/p>\n\n\n\n<p>La participaci\u00f3n es por orden de inscripci\u00f3n, los cupos son limitados y se deben cumplir los siguientes requisitos:<\/p>\n\n\n\n<ul class=\"wp-block-list\">\n<li>Ser una empresa&nbsp;Pyme<\/li>\n\n\n\n<li>Tener&nbsp;alg\u00fan Programa de ProMendoza (NEX, DIMEX, Plataformas Comerciales)<\/li>\n\n\n\n<li>Estar&nbsp;exportando a Brasil o en proceso de lograrlo<\/li>\n\n\n\n<li>Tener&nbsp;un Plan Estrat\u00e9gico para ingresar a Brasil<\/li>\n\n\n\n<li>Orden de Inscripci\u00f3n<\/li>\n<\/ul>\n\n\n\n<div style=\"height:27px\" aria-hidden=\"true\" class=\"wp-block-spacer\"><\/div>\n\n\n\n<p class=\"has-medium-font-size\"><strong>Cronograma e inscripciones<\/strong><\/p>\n\n\n\n<p>La inscripci\u00f3n <strong>cierra el pr\u00f3ximo lunes 10 de julio<\/strong> y el costo de participaci\u00f3n por empresa es de \u00a0U$S 200 (doscientos d\u00f3lares al cambio oficial). <\/p>\n\n\n\n<p>\u2022 <strong>Lunes 24 de julio: <\/strong>Zona Este Templo del Vino, San Mart\u00edn &#8211; <strong>Inscripci\u00f3n: <a href=\"http:\/\/bit.ly\/RondaBrasilESTE\" title=\"\">AQU\u00cd<\/a><\/strong><br>\u2022 <strong>Martes 25 de julio: <\/strong>Zona Norte Hotel C\u00f3ndor de los Andes, Guaymall\u00e9n &#8211; <strong>Inscripci\u00f3n: <a href=\"http:\/\/bit.ly\/RondaBrasilGRANMENDOZA\u2026\" title=\"\">AQU\u00cd<\/a><\/strong><br>\u2022 <strong>Mi\u00e9rcoles 26 y Jueves 27 de julio: <\/strong>Zona Valle de Uco, Hotel de Turismo, Tupungato &#8211; <strong>Inscripci\u00f3n: <a href=\"http:\/\/bit.ly\/RondaBrasilVALLEDEUCO\u2026\" title=\"\">AQU\u00cd<\/a><\/strong><br>\u2022 <strong>Viernes 28 de julio: <\/strong>Zona SurCentro de Congresos y Exposiciones, San Rafael &#8211; <strong>Inscripci\u00f3n: <a href=\"http:\/\/bit.ly\/RondaBrasilSUR\" title=\"\">AQU\u00cd<\/a><\/strong><\/p>\n\n\n\n<div style=\"height:26px\" aria-hidden=\"true\" class=\"wp-block-spacer\"><\/div>\n\n\n\n<p class=\"has-medium-font-size\"><strong>Los grandes importadores visitantes<\/strong><\/p>\n\n\n\n<p>Las empresas y representantes que ya confirmaron su presencia en Mendoza son <strong>Enxuto Supermercados LTDA.<\/strong>, <strong>Grupo Jefersson<\/strong>, <strong>Hita Com\u00e9rcio e Servi\u00e7os LTDA.<\/strong>, <strong>Mendos Comercio Varejista e Atacadista de Alimentos e Bebidas<\/strong>, <strong>Satori Importa\u00e7\u00e3o &amp; Exporta\u00e7\u00e3o LTDA<\/strong> y <strong>Unibrasil-Uni\u00e3o de Redes Brasil<\/strong>. Todas ellas buscan ampliar su portfolio de productos para ofrecer en sus bocas de expendio distribuidas en todo el pa\u00eds vecino.<\/p>\n\n\n\n<div style=\"height:36px\" aria-hidden=\"true\" class=\"wp-block-spacer\"><\/div>\n","protected":false},"excerpt":{"rendered":"<p>La entidad gubernamental que promociona los productos mendocinos en el exterior, junto al Consejo Federal&hellip;<\/p>\n","protected":false},"author":3,"featured_media":96511,"comment_status":"open","ping_status":"open","sticky":false,"template":"","format":"standard","meta":{"footnotes":""},"categories":[47],"tags":[],"class_list":["post-96493","post","type-post","status-publish","format-standard","has-post-thumbnail","hentry","category-agenda"],"_links":{"self":[{"href":"https:\/\/enolife.com.ar\/es\/wp-json\/wp\/v2\/posts\/96493","targetHints":{"allow":["GET"]}}],"collection":[{"href":"https:\/\/enolife.com.ar\/es\/wp-json\/wp\/v2\/posts"}],"about":[{"href":"https:\/\/enolife.com.ar\/es\/wp-json\/wp\/v2\/types\/post"}],"author":[{"embeddable":true,"href":"https:\/\/enolife.com.ar\/es\/wp-json\/wp\/v2\/users\/3"}],"replies":[{"embeddable":true,"href":"https:\/\/enolife.com.ar\/es\/wp-json\/wp\/v2\/comments?post=96493"}],"version-history":[{"count":0,"href":"https:\/\/enolife.com.ar\/es\/wp-json\/wp\/v2\/posts\/96493\/revisions"}],"wp:featuredmedia":[{"embeddable":true,"href":"https:\/\/enolife.com.ar\/es\/wp-json\/wp\/v2\/media\/96511"}],"wp:attachment":[{"href":"https:\/\/enolife.com.ar\/es\/wp-json\/wp\/v2\/media?parent=96493"}],"wp:term":[{"taxonomy":"category","embeddable":true,"href":"https:\/\/enolife.com.ar\/es\/wp-json\/wp\/v2\/categories?post=96493"},{"taxonomy":"post_tag","embeddable":true,"href":"https:\/\/enolife.com.ar\/es\/wp-json\/wp\/v2\/tags?post=96493"}],"curies":[{"name":"wp","href":"https:\/\/api.w.org\/{rel}","templated":true}]}}