{"id":96482,"date":"2023-07-07T19:16:31","date_gmt":"2023-07-07T19:16:31","guid":{"rendered":"https:\/\/enolife.com.ar\/es\/?p=96482"},"modified":"2024-02-26T22:31:30","modified_gmt":"2024-02-26T22:31:30","slug":"bahco-elige-al-mejor-podador-de-vid-de-san-juan-hacia-la-final-sudamericana-en-mendoza-el-26-8","status":"publish","type":"post","link":"https:\/\/enolife.com.ar\/es\/bahco-elige-al-mejor-podador-de-vid-de-san-juan-hacia-la-final-sudamericana-en-mendoza-el-26-8\/","title":{"rendered":"Bahco elige al mejor podador de vid de San Juan, hacia la final sudamericana en Mendoza el 26\/8"},"content":{"rendered":"\n<h4 class=\"wp-block-heading\"><em><strong>El ya tradicional Concurso de Poda que cada a\u00f1o desde 2012 organiza Bahco -empresa de origen sueco con filiales en Argentina, fabricante de tijeras de poda, serruchos y dem\u00e1s herramientas de mano- llega en este 2023 a su instancia semifinal. La nueva cita para elegir al podador m\u00e1s r\u00e1pido y efectivo del continente vitivin\u00edcola es ma\u00f1ana 8 de julio en la Bodega Callia de San Juan, donde el ganador clasificar\u00e1 a la final en la Bodega Rossel Boher de Mendoza el 26 de agosto de 2023. Con esta original actividad, que reparte valiosos premios a los triunfadores, Bahco festeja su 60 aniversario desde su radicaci\u00f3n en el pa\u00eds.<\/strong><\/em><\/h4>\n\n\n\n<div style=\"height:35px\" aria-hidden=\"true\" class=\"wp-block-spacer\"><\/div>\n\n\n\n\n\n<div style=\"height:45px\" aria-hidden=\"true\" class=\"wp-block-spacer\"><\/div>\n\n\n<div class=\"wp-block-image\">\n<figure class=\"alignleft size-full is-resized\"><a href=\"https:\/\/enolife.com.ar\/es\/wp-content\/uploads\/2023\/07\/77772d73-2aa4-497f-b6ba-c1558fe304cf-1.jpg\" data-rel=\"penci-gallery-image-content\" ><img loading=\"lazy\" decoding=\"async\" src=\"https:\/\/enolife.com.ar\/es\/wp-content\/uploads\/2023\/07\/77772d73-2aa4-497f-b6ba-c1558fe304cf-1.jpg\" alt=\"\" class=\"wp-image-96485\" width=\"304\" height=\"304\" srcset=\"https:\/\/enolife.com.ar\/es\/wp-content\/uploads\/2023\/07\/77772d73-2aa4-497f-b6ba-c1558fe304cf-1.jpg 500w, https:\/\/enolife.com.ar\/es\/wp-content\/uploads\/2023\/07\/77772d73-2aa4-497f-b6ba-c1558fe304cf-1-300x300.jpg 300w, https:\/\/enolife.com.ar\/es\/wp-content\/uploads\/2023\/07\/77772d73-2aa4-497f-b6ba-c1558fe304cf-1-150x150.jpg 150w\" sizes=\"auto, (max-width: 304px) 100vw, 304px\" \/><\/a><\/figure><\/div>\n\n\n<p>Esta ser\u00e1 la segunda vez que la competencia, que ya va por su <strong>11ava. edici\u00f3n<\/strong>, tiene su sede regional en <strong>San Juan<\/strong>. Antes, durante junio de este a\u00f1o, se realiz\u00f3 en vi\u00f1edos de <strong>Neuqu\u00e9n<\/strong> y <strong>Salta<\/strong>. Y ahora llega el turno de la segunda provincia productora de vino de <strong>Argentina<\/strong>. Luego, la instancia final se realizar\u00e1 en la bodega <strong>Rossel Boher de Mendoza, el 26 de agosto.<\/strong><\/p>\n\n\n\n<p>Los podadores participantes -que provienen de la mayor\u00eda de las provincias vitivin\u00edcolas del pa\u00eds y tambi\u00e9n de <strong>Uruguay, Chile y Per\u00fa<\/strong>&#8211; dispondr\u00e1n de 30 minutos para demostrar sus habilidades ante un jurado compuesto por expertos, quienes los evaluar\u00e1n en base a criterios de precisi\u00f3n, destreza, t\u00e9cnica y velocidad al realizar los cortes.<\/p>\n\n\n\n<p><strong>Bahco<\/strong>, la empresa internacional organizadora del concurso, se mantiene como l\u00edder en la industria de herramientas de corte y poda, ofreciendo soluciones de calidad y rendimiento a jardineros, profesionales y aficionados de todo el mundo.<\/p>\n\n\n\n<div style=\"height:25px\" aria-hidden=\"true\" class=\"wp-block-spacer\"><\/div>\n\n\n\n<h4 class=\"wp-block-heading has-vivid-red-color has-text-color\">Los ganadores de la semifinal sanjuanina se har\u00e1n acreedores a un valioso kit de herramientas Bahco y el viaje y la estad\u00eda para la final en Mendoza. El gran ganador de la final se llevar\u00e1 un televiso de 55 pulgadas y un kit de herramientas. El 2do. y 3er. puesto tambi\u00e9n tendr\u00e1n su kit Bahco.<\/h4>\n\n\n\n<div style=\"height:35px\" aria-hidden=\"true\" class=\"wp-block-spacer\"><\/div>\n\n\n\n<p class=\"has-medium-font-size\"><strong>La esencia de la poda<\/strong><\/p>\n\n\n\n<p>La poda es un trabajo milenario y fundamental en el cultivo de vid, el cual se lleva a cabo antes de que la planta despierte de su invierno, y que consiste en cortar las ramas o ramificaciones para darle forma, vigor e incrementar la producci\u00f3n.<\/p>\n\n\n\n<p>La importancia de la poda radica en que de ella depende la pr\u00f3xima y subsiguientes vendimias, as\u00ed como la evoluci\u00f3n de la cepa a largo plazo. Es una pr\u00e1ctica compleja y delicada en la que se deben considerar diversos factores.<\/p>\n\n\n\n<p>Es un arte que se transmite de una generaci\u00f3n a otra, y a trav\u00e9s de diversas capacitaciones. Se trata de un oficio noble, que requiere de destreza y pasi\u00f3n. Por ello, un podador puede catalogarse como un artista cuyas manos moldean y definen el fruto de la vendimia, con esfuerzo, paciencia, sensibilidad y mucha entrega.<\/p>\n\n\n\n<p>En Argentina, la firma Bahco inicia esta competencia en la provincia de Mendoza en el a\u00f1o 2012, como parte de sus actividades de responsabilidad social empresaria, y al d\u00eda de hoy ya se considera parte de la tradici\u00f3n entre los podadores argentinos.<\/p>\n\n\n\n<div style=\"height:30px\" aria-hidden=\"true\" class=\"wp-block-spacer\"><\/div>\n","protected":false},"excerpt":{"rendered":"<p>El ya tradicional Concurso de Poda que cada a\u00f1o desde 2012 organiza Bahco -empresa de&hellip;<\/p>\n","protected":false},"author":3,"featured_media":96546,"comment_status":"open","ping_status":"open","sticky":false,"template":"","format":"standard","meta":{"footnotes":""},"categories":[47,57],"tags":[],"class_list":["post-96482","post","type-post","status-publish","format-standard","has-post-thumbnail","hentry","category-agenda","category-empresas"],"_links":{"self":[{"href":"https:\/\/enolife.com.ar\/es\/wp-json\/wp\/v2\/posts\/96482","targetHints":{"allow":["GET"]}}],"collection":[{"href":"https:\/\/enolife.com.ar\/es\/wp-json\/wp\/v2\/posts"}],"about":[{"href":"https:\/\/enolife.com.ar\/es\/wp-json\/wp\/v2\/types\/post"}],"author":[{"embeddable":true,"href":"https:\/\/enolife.com.ar\/es\/wp-json\/wp\/v2\/users\/3"}],"replies":[{"embeddable":true,"href":"https:\/\/enolife.com.ar\/es\/wp-json\/wp\/v2\/comments?post=96482"}],"version-history":[{"count":0,"href":"https:\/\/enolife.com.ar\/es\/wp-json\/wp\/v2\/posts\/96482\/revisions"}],"wp:featuredmedia":[{"embeddable":true,"href":"https:\/\/enolife.com.ar\/es\/wp-json\/wp\/v2\/media\/96546"}],"wp:attachment":[{"href":"https:\/\/enolife.com.ar\/es\/wp-json\/wp\/v2\/media?parent=96482"}],"wp:term":[{"taxonomy":"category","embeddable":true,"href":"https:\/\/enolife.com.ar\/es\/wp-json\/wp\/v2\/categories?post=96482"},{"taxonomy":"post_tag","embeddable":true,"href":"https:\/\/enolife.com.ar\/es\/wp-json\/wp\/v2\/tags?post=96482"}],"curies":[{"name":"wp","href":"https:\/\/api.w.org\/{rel}","templated":true}]}}