{"id":96461,"date":"2023-07-08T02:52:11","date_gmt":"2023-07-08T02:52:11","guid":{"rendered":"https:\/\/enolife.com.ar\/es\/?p=96461"},"modified":"2023-07-09T01:44:59","modified_gmt":"2023-07-09T01:44:59","slug":"una-cancion-un-vino-tres-cantautores-maridan-musica-y-placeres-en-casa-montenegro-del-8-al-29-7","status":"publish","type":"post","link":"https:\/\/enolife.com.ar\/es\/una-cancion-un-vino-tres-cantautores-maridan-musica-y-placeres-en-casa-montenegro-del-8-al-29-7\/","title":{"rendered":"Una canci\u00f3n, un vino: tres cantautores maridan m\u00fasica y placeres en Casa Montenegro del 8 al 29\/7"},"content":{"rendered":"\n<h4 class=\"wp-block-heading\"><em><strong>Los cantautores mendocinos Eugenia Ferrer, Leo Gasco y Gustavo Maza ofrecen desde ma\u00f1ana 8\/7 sus creaciones en una original propuesta para mel\u00f3manos y vin\u00f3manos. Gasco, tambi\u00e9n sommelier, guiar\u00e1 la degustaci\u00f3n de cada vino elegido por los artistas para cada canci\u00f3n. La cita es desde las 20.30 en el acogedor reducto de calle Olascoaga 1.480 de la Capital de Mendoza, un espacio creado por la periodista y conductora Patricia Slukich y la fot\u00f3grafa y productora Majo Navarro Sard\u00e1. El espect\u00e1culo se repetir\u00e1 a lo largo de julio en los tres s\u00e1bados siguientes.<\/strong><\/em>  <\/h4>\n\n\n\n<div style=\"height:35px\" aria-hidden=\"true\" class=\"wp-block-spacer\"><\/div>\n\n\n\n\n\n<div style=\"height:45px\" aria-hidden=\"true\" class=\"wp-block-spacer\"><\/div>\n\n\n\n<p><strong>Eugenia Ferrer<\/strong>, <strong>Leo Gasco<\/strong> y <strong>Gustavo Maza<\/strong> invitan a su atractiva propuesta de conocer el origen de cada una de sus \u00faltimas canciones, las que ser\u00e1n maridadas con vinos tambi\u00e9n de autor. El ya consagrado espacio <strong>Casa Montenegro, en Olascoaga 1.480 de la Capital mendocina<\/strong> ser\u00e1 el escenario donde se desarrollar\u00e1 este <strong>ciclo de degustaci\u00f3n de vinos y m\u00fasica<\/strong>, que consta de cuatro fechas sucesivas en los siguientes s\u00e1bados de julio.<\/p>\n\n\n\n<p>Cada una de las fechas ser\u00e1 una ocasi\u00f3n especial para abrir los cinco sentidos y absorber canciones que ser\u00e1n acompa\u00f1adas con&nbsp; vinos de diferente intensidad seg\u00fan el tema interpretado. Cada vino ser\u00e1 degustado por el tambi\u00e9n<strong> sommelier Leonardo Gasco<\/strong>, quien introducir\u00e1 a los asistentes en el mundo de la bebida nacional argentina con t\u00e9cnicas de degustaci\u00f3n sensorial, percepci\u00f3n y <em>mindfulness eating<\/em>.<\/p>\n\n\n\n<p>La degustaci\u00f3n de cada vino ir\u00e1 acompa\u00f1ada por las canciones que cada artista habr\u00e1 seleccionado siguiendo los dictados de cada varietal, seg\u00fan su fuerza, textura y caracter\u00edsticas.<\/p>\n\n\n\n<p>El recital tendr\u00e1 la particularidad de que cada obra ser\u00e1 ejecutadas de la misma manera en que fue creada, respetando su origen e inspiraci\u00f3n originales. El expectador atento podr\u00e1 descubrir all\u00ed los secretos de cada composici\u00f3n, y cu\u00e1l pudo haber sido el motor creativo de cada canci\u00f3n. Para jugar, divertirse y tomar registro para recordarlo en casa, cada espectador tendr\u00e1 un papel y un bol\u00edgrafo para escribir sus impresiones, tanto del vino como de las canciones y de la percepci\u00f3n de la personalidad de los artistas.<\/p>\n\n\n\n<p>En suma, una posibilidad de pasarla bien en un encuentro \u00edntimo con el arte, los personajes, el vino y los propios sentidos.<\/p>\n\n\n\n<div style=\"height:26px\" aria-hidden=\"true\" class=\"wp-block-spacer\"><\/div>\n\n\n<div class=\"wp-block-image\">\n<figure class=\"alignleft size-full is-resized\"><a href=\"https:\/\/enolife.com.ar\/es\/wp-content\/uploads\/2023\/07\/envasadas-en-origen.jpg\" data-rel=\"penci-gallery-image-content\" ><img loading=\"lazy\" decoding=\"async\" src=\"https:\/\/enolife.com.ar\/es\/wp-content\/uploads\/2023\/07\/envasadas-en-origen.jpg\" alt=\"\" class=\"wp-image-96558\" width=\"191\" height=\"340\" srcset=\"https:\/\/enolife.com.ar\/es\/wp-content\/uploads\/2023\/07\/envasadas-en-origen.jpg 576w, https:\/\/enolife.com.ar\/es\/wp-content\/uploads\/2023\/07\/envasadas-en-origen-169x300.jpg 169w\" sizes=\"auto, (max-width: 191px) 100vw, 191px\" \/><\/a><\/figure><\/div>\n\n\n<p class=\"has-background\" style=\"background-color:#ff6a0057\"><strong>FICHA T\u00c9CNICA<\/strong><br><br><strong>Lugar: <\/strong>Casa Montenegro, Olascoaga 1480, Mendoza, Capital<br><strong>Ciclo \u00abEnvasadas en origen\u00bb de 4 encuentros en Julio:<\/strong> <strong>s\u00e1bados 8, 15, 22 y 29 de julio<\/strong><br><strong>Hora<u>:<\/u>\u00a0 20.30<\/strong><br><strong>Entradas:<\/strong> en taquilla<br><strong>Valor:<\/strong> $3.500 cada encuentro<br><strong>Precio promocional por pack de 4 presentaciones: <\/strong>$12.000<br><strong>Anticipadas con descuento:<\/strong> $3.000 cada encuentro<br><strong>Pack de 4 presentaciones por anticipado: <\/strong>$10.000<br><strong>Tel\u00e9fono de contacto Casa Montenegro. <\/strong>+54 9 2804194116<br><strong>Idea original: <\/strong>Leo Gasco<br><strong>Letras y canciones originales: <\/strong>Leo Gasco, Gustavo Maza y Eugenia Ferrer<\/p>\n\n\n\n<div style=\"height:32px\" aria-hidden=\"true\" class=\"wp-block-spacer\"><\/div>\n\n\n\n<p class=\"has-medium-font-size\"><strong>Gustavo Maza, original y latinoamericano<\/strong><\/p>\n\n\n<div class=\"wp-block-image\">\n<figure class=\"alignleft size-full is-resized\"><a href=\"https:\/\/enolife.com.ar\/es\/wp-content\/uploads\/2023\/07\/gustavo-maza.jpg\" data-rel=\"penci-gallery-image-content\" ><img loading=\"lazy\" decoding=\"async\" src=\"https:\/\/enolife.com.ar\/es\/wp-content\/uploads\/2023\/07\/gustavo-maza.jpg\" alt=\"\" class=\"wp-image-96552\" width=\"178\" height=\"183\" srcset=\"https:\/\/enolife.com.ar\/es\/wp-content\/uploads\/2023\/07\/gustavo-maza.jpg 330w, https:\/\/enolife.com.ar\/es\/wp-content\/uploads\/2023\/07\/gustavo-maza-293x300.jpg 293w\" sizes=\"auto, (max-width: 178px) 100vw, 178px\" \/><\/a><\/figure><\/div>\n\n\n<p>Hace largos a\u00f1os que Gustavo Maza lleva adelante una intensa actividad art\u00edstica como m\u00fasico, cantante y compositor, a la vez que referente del movimiento de <strong>Cantautores de Mendoza<\/strong> y productor musical. En su trayectoria cuenta con 5 discos grabados y uno editado, <strong>\u00abEntre Luces y Sombras\u00bb<\/strong>. En la actualidad forma parte del <strong>D\u00fao Maza-Rudman<\/strong>, con el cual recrean canciones de autor\u00eda propia y del repertorio latinoamericano.<\/p>\n\n\n\n<p><a href=\"https:\/\/youtu.be\/LBWm5UO2fFE\"><strong>Entre Luces y Sombras (Full Album) &#8211; Gustavo Maza<\/strong><\/a><\/p>\n\n\n\n<div style=\"height:31px\" aria-hidden=\"true\" class=\"wp-block-spacer\"><\/div>\n\n\n\n<p class=\"has-medium-font-size\"><strong>Eugenia Ferrer, de la comunicaci\u00f3n al jazz con voz propia<\/strong><\/p>\n\n\n<div class=\"wp-block-image\">\n<figure class=\"alignleft size-full is-resized\"><a href=\"https:\/\/enolife.com.ar\/es\/wp-content\/uploads\/2023\/07\/ella.jpg\" data-rel=\"penci-gallery-image-content\" ><img loading=\"lazy\" decoding=\"async\" src=\"https:\/\/enolife.com.ar\/es\/wp-content\/uploads\/2023\/07\/ella.jpg\" alt=\"\" class=\"wp-image-96553\" width=\"190\" height=\"163\" srcset=\"https:\/\/enolife.com.ar\/es\/wp-content\/uploads\/2023\/07\/ella.jpg 304w, https:\/\/enolife.com.ar\/es\/wp-content\/uploads\/2023\/07\/ella-300x258.jpg 300w\" sizes=\"auto, (max-width: 190px) 100vw, 190px\" \/><\/a><\/figure><\/div>\n\n\n<p>Eugenia Ferrer es docente de <strong>Artes Pl\u00e1sticas<\/strong>, comunicadora y gestora cultural, apasionada por las artes y la cultura. Como int\u00e9rprete y cantautora ha transitado las mixturas entre el soul\/jazz, el folk\/rock, el funky y el pop en diferentes idiomas, fundando el tr\u00edo <strong>Alma de Soul<\/strong> junto a talentosos m\u00fasicos locales. Su primer lanzamiento, el disco <strong>\u00abMi Voz\u00bb<\/strong>, se encuentra disponible en las plataformas digitales de distribuci\u00f3n musical como: <strong>YouTube\/Spotify.<\/strong> En la actualidad, se encuentra grabando y editando su primer material discogr\u00e1fico con la producci\u00f3n y colaboraci\u00f3n de renombrados artistas.<\/p>\n\n\n\n<p><a href=\"https:\/\/youtube.com\/playlist?list=OLAK5uy_nkZaaBKL_yjVa-0z3eZvBzVe6pJ5xyalk\"><strong>Mi Voz (Full album)-Eugenia Ferrer-<\/strong><\/a><\/p>\n\n\n\n<div style=\"height:30px\" aria-hidden=\"true\" class=\"wp-block-spacer\"><\/div>\n\n\n\n<p class=\"has-medium-font-size\"><strong>Leo Gasco, sommelier, productor y ermita\u00f1o<\/strong><\/p>\n\n\n<div class=\"wp-block-image\">\n<figure class=\"alignleft size-full is-resized\"><a href=\"https:\/\/enolife.com.ar\/es\/wp-content\/uploads\/2023\/07\/leo-gasco.jpg\" data-rel=\"penci-gallery-image-content\" ><img loading=\"lazy\" decoding=\"async\" src=\"https:\/\/enolife.com.ar\/es\/wp-content\/uploads\/2023\/07\/leo-gasco.jpg\" alt=\"\" class=\"wp-image-96554\" width=\"188\" height=\"188\" srcset=\"https:\/\/enolife.com.ar\/es\/wp-content\/uploads\/2023\/07\/leo-gasco.jpg 312w, https:\/\/enolife.com.ar\/es\/wp-content\/uploads\/2023\/07\/leo-gasco-300x300.jpg 300w, https:\/\/enolife.com.ar\/es\/wp-content\/uploads\/2023\/07\/leo-gasco-150x150.jpg 150w\" sizes=\"auto, (max-width: 188px) 100vw, 188px\" \/><\/a><\/figure><\/div>\n\n\n<p>Leo Gasco hizo su presentaci\u00f3n en el a\u00f1o 2000 en el m\u00edtico bar&nbsp;<strong>El Escaramujo, de Mendoza<\/strong>, integrando la primer formaci\u00f3n de la banda <strong>Pedro el Ermita\u00f1o<\/strong>, para luego presentarse en toda Mendoza, el pa\u00eds y festivales internacionales. Pedro el Ermita\u00f1o comparti\u00f3 escenarios con importantes bandas del rock nacional y sonando tambi\u00e9n en escenarios internacionales como <strong>Chile, Italia y M\u00e9xico.<\/strong> Es el productor del primer festival solidario <strong>Pascual Rock<\/strong>, que se realiz\u00f3 en forma ininterrumpida durante 10 a\u00f1os en diferentes locaciones de la provincia. En la actualidad, con 12 nuevas canciones, <strong>\u00abLeo Gasco solista\u00bb<\/strong> o con <strong>\u00abLos ermita\u00f1os que bajan al Valle\u00bb<\/strong>, contin\u00faa activo en&nbsp; los escenarios de Mendoza.<\/p>\n\n\n\n<p>Como sommelier y experto en m\u00e1rketing vitivin\u00edcola, Gasco ha representado a diferentes firmas en ferias nacionales e internacionales, trabajando para el <strong>gobierno de Mendoza<\/strong>. Instalado en la provincia de&nbsp; <strong>Chubut<\/strong>, se especializa en vinos org\u00e1nicos y biodin\u00e1micos, acompa\u00f1ando a Chubut en sus comienzos como provincia vitivin\u00edcola. En esta tarea, comienza con su proyecto personal <strong>Wine Experience<\/strong> mostrando durante 10 a\u00f1os al vino como principal exponente en diferentes facetas culturales de la regi\u00f3n. Cuenta con su propia colecci\u00f3n de vinos org\u00e1nicos, <strong>Meibion &amp; Gawynt<\/strong><em>, <\/em>&nbsp;4 vinos y un espumante que relatan en su etiqueta la historia de la llegada de los galeses a la Patagonia y su encuentro pac\u00edfico con el pueblo tehuelche.<\/p>\n\n\n\n<p><a href=\"https:\/\/soundcloud.com\/pedro-el-ermita-o\"><strong>Pedro el Ermita\u00f1o<\/strong><\/a> <a href=\"https:\/\/soundcloud.com\/leo-gasco\"><strong>Soundcloud-Leo Gasco-<\/strong><\/a><\/p>\n\n\n\n<div style=\"height:34px\" aria-hidden=\"true\" class=\"wp-block-spacer\"><\/div>\n","protected":false},"excerpt":{"rendered":"<p>Los cantautores mendocinos Eugenia Ferrer, Leo Gasco y Gustavo Maza ofrecen desde ma\u00f1ana 8\/7 sus&hellip;<\/p>\n","protected":false},"author":3,"featured_media":96556,"comment_status":"open","ping_status":"open","sticky":false,"template":"","format":"standard","meta":{"footnotes":""},"categories":[47],"tags":[],"class_list":["post-96461","post","type-post","status-publish","format-standard","has-post-thumbnail","hentry","category-agenda"],"_links":{"self":[{"href":"https:\/\/enolife.com.ar\/es\/wp-json\/wp\/v2\/posts\/96461","targetHints":{"allow":["GET"]}}],"collection":[{"href":"https:\/\/enolife.com.ar\/es\/wp-json\/wp\/v2\/posts"}],"about":[{"href":"https:\/\/enolife.com.ar\/es\/wp-json\/wp\/v2\/types\/post"}],"author":[{"embeddable":true,"href":"https:\/\/enolife.com.ar\/es\/wp-json\/wp\/v2\/users\/3"}],"replies":[{"embeddable":true,"href":"https:\/\/enolife.com.ar\/es\/wp-json\/wp\/v2\/comments?post=96461"}],"version-history":[{"count":0,"href":"https:\/\/enolife.com.ar\/es\/wp-json\/wp\/v2\/posts\/96461\/revisions"}],"wp:featuredmedia":[{"embeddable":true,"href":"https:\/\/enolife.com.ar\/es\/wp-json\/wp\/v2\/media\/96556"}],"wp:attachment":[{"href":"https:\/\/enolife.com.ar\/es\/wp-json\/wp\/v2\/media?parent=96461"}],"wp:term":[{"taxonomy":"category","embeddable":true,"href":"https:\/\/enolife.com.ar\/es\/wp-json\/wp\/v2\/categories?post=96461"},{"taxonomy":"post_tag","embeddable":true,"href":"https:\/\/enolife.com.ar\/es\/wp-json\/wp\/v2\/tags?post=96461"}],"curies":[{"name":"wp","href":"https:\/\/api.w.org\/{rel}","templated":true}]}}