{"id":96399,"date":"2023-07-05T14:27:29","date_gmt":"2023-07-05T14:27:29","guid":{"rendered":"https:\/\/enolife.com.ar\/es\/?p=96399"},"modified":"2023-07-06T21:19:47","modified_gmt":"2023-07-06T21:19:47","slug":"italia-ofrece-42-becas-para-emprendedores-pymes-latinoamericanos-con-ciudadania-de-ese-pais","status":"publish","type":"post","link":"https:\/\/enolife.com.ar\/es\/italia-ofrece-42-becas-para-emprendedores-pymes-latinoamericanos-con-ciudadania-de-ese-pais\/","title":{"rendered":"Italia ofrece 42 becas para emprendedores pymes latinoamericanos con ciudadan\u00eda de ese pa\u00eds"},"content":{"rendered":"\n<h4 class=\"wp-block-heading\"><em><strong>La C\u00e1mara de Comercio Italiana (CCI) en Mendoza -asociaci\u00f3n encargada de brindar asistencia comercial y vincular a las empresas mendocinas con las italianas- comunic\u00f3 que la la Organizaci\u00f3n Internacional \u00cdtalo-Latino Americana (IILA) est\u00e1 lanzando la segunda edici\u00f3n del Proyecto Habilitas, financiado con fondos del gobierno italiano. Esta iniciativa ofrece 42 becas en 6 categor\u00edas de diversos sectores y cadenas productivas, con el objetivo de promover la colaboraci\u00f3n entre Italia y Am\u00e9rica Latina. Las becas consisten en capacitaciones y pasant\u00edas en Italia durante casi un mes. Podr\u00e1n acceder todos los argentinos y latinoamericanos con ciudadan\u00eda italiana. El plazo para postular vence el 28 de julio de 2023. A continuaci\u00f3n, el detalle y los requisitos para presentarse.<\/strong><\/em><\/h4>\n\n\n\n<div style=\"height:35px\" aria-hidden=\"true\" class=\"wp-block-spacer\"><\/div>\n\n\n<a href=\"https:\/\/www.parsecsrl.net\/es\/extraccion-selectiva-tintos\/\" aria-label=\"banner1700x500-rev-9\"><img loading=\"lazy\" decoding=\"async\" src=\"https:\/\/enolife.com.ar\/es\/wp-content\/uploads\/2022\/04\/banner1700x500-rev-9.gif\" alt=\"\"  width=\"1700\" height=\"500\"   \/><\/a>\n\n\n<div style=\"height:45px\" aria-hidden=\"true\" class=\"wp-block-spacer\"><\/div>\n\n\n\n<p>La <strong>Organizaci\u00f3n Internacional \u00cdtalo-Latino Americana (IILA)<\/strong> est\u00e1 lanzando la segunda edici\u00f3n del <strong>Proyecto Habilitas<\/strong>, financiado con fondos de la <strong>Cooperaci\u00f3n Italiana<\/strong>. Esta iniciativa ofrece becas en diversos sectores y cadenas productivas, con el objetivo de promover la colaboraci\u00f3n entre Italia y los pa\u00edses latinoamericanos.<\/p>\n\n\n\n<p>El Proyecto Habilitas est\u00e1 enfocado en los sectores y cadenas productivas identificadas en los trabajos del <strong>Foro Pymes<\/strong>, donde existe una fuerte complementariedad entre los sistemas de producci\u00f3n de Italia y los pa\u00edses latinoamericanos. Las becas parciales est\u00e1n destinadas a personas que ya se encuentran insertadas en el mercado laboral de los pa\u00edses latinoamericanos miembros de la IILA.<\/p>\n\n\n\n<p>Las pasant\u00edas se llevar\u00e1n a cabo en <strong>Italia durante la segunda mitad del 2023 y tendr\u00e1n una duraci\u00f3n de 4 semanas.<\/strong> Esta es una oportunidad \u00fanica para adquirir experiencia y conocimientos en un entorno internacional, ampliar tus redes profesionales y fortalecer tus habilidades en \u00e1reas espec\u00edficas.<\/p>\n\n\n\n<p>A continuaci\u00f3n, las becas disponibles y sus respectivos requisitos:<\/p>\n\n\n\n<div style=\"height:26px\" aria-hidden=\"true\" class=\"wp-block-spacer\"><\/div>\n\n\n\n<p class=\"has-medium-font-size\"><strong>Agriturismo y multifuncionalidad del mundo rural<\/strong><\/p>\n\n\n\n<p>Son <strong>4 becas.<\/strong> Se realizar\u00e1n principalmente en la sede de <strong>Borgo Basino.<\/strong> El concepto de innovaci\u00f3n ser\u00e1 constantemente relacionado a la conservaci\u00f3n y tutela del territorio, la recuperaci\u00f3n de las tradiciones populares y la sostenibilidad. Del lunes 2 de octubre al viernes 27 de octubre de 2023. El hospedaje y la alimentaci\u00f3n para los pasantes se har\u00e1 en las estructuras del agriturismo. Requisitos: experiencia laboral en el sector y presentar un proyecto de trabajo.<\/p>\n\n\n\n<div style=\"height:29px\" aria-hidden=\"true\" class=\"wp-block-spacer\"><\/div>\n\n\n\n<p class=\"has-medium-font-size\"><strong>Modelos de negocios y producciones agroindustriales de las cooperativas sociales<\/strong><\/p>\n\n\n\n<p>Son <strong>5 becas<\/strong>. Estas pasant\u00edas se proponen ofrecer a los becarios latinoamericanos un conocimiento directo y una experiencia pr\u00e1ctica agroindustrial sobre los modelos de negocios de las cooperativas sociales en Italia. La pasant\u00eda se realizar\u00e1 en el <strong>\u00abPodere San Ludovico\u00bb<\/strong>, un espacio p\u00fablico administrado por la <strong>Cooperativa Eta Beta<\/strong> para actividades de agroturismo, donde se concentran las actividades agr\u00edcolas, de gastronom\u00eda y de recepci\u00f3n de turistas, desde el lunes 23 de octubre al 17 de noviembre de 2023.&nbsp;El alojamiento y los alimentos de los participantes ser\u00e1 en una estructura privada cercano al lugar de la pasant\u00eda. Requisitos: experiencia laboral y presentar un proyecto de trabajo.<\/p>\n\n\n\n<div style=\"height:24px\" aria-hidden=\"true\" class=\"wp-block-spacer\"><\/div>\n\n\n\n<p class=\"has-medium-font-size\"><strong>Tecnolog\u00edas digitales para ciudades inteligentes y sostenibles<\/strong><\/p>\n\n\n\n<p>Son <strong>5 becas.<\/strong> Se realizar\u00e1n en la sede del <em>spin-off<\/em> ubicada en el <strong>Campus internacional de la Universidad de Calabria<\/strong>, localizado en la ciudad de <strong>Rende<\/strong>, en la provincia de <strong>Cosenza<\/strong>. Requisito: t\u00edtulo profesional en ingenier\u00eda mec\u00e1nica, inform\u00e1tica, electr\u00f3nica o equivalente, o t\u00e9cnico universitario en m\u00e1rketing.<\/p>\n\n\n\n<div style=\"height:21px\" aria-hidden=\"true\" class=\"wp-block-spacer\"><\/div>\n\n\n\n<p class=\"has-medium-font-size\"><strong>Econom\u00eda del conocimiento y pymes<\/strong><\/p>\n\n\n\n<p>Son<strong> 8 becas<\/strong>. Se desarrollar\u00e1n en la <strong>Regi\u00f3n del Veneto<\/strong>, en el \u00e1mbito del <strong>Acuerdo Marco entre IILA y la Universidad de Padua (Unidp).<\/strong> Requisitos: t\u00edtulo universitario, experiencia laboral y presentar un proyecto de trabajo.<\/p>\n\n\n\n<div style=\"height:23px\" aria-hidden=\"true\" class=\"wp-block-spacer\"><\/div>\n\n\n\n<p class=\"has-medium-font-size\"><strong>Curso te\u00f3rico-pr\u00e1ctico sobre el sistema moda<\/strong><\/p>\n\n\n\n<p>Son <strong>10 becas<\/strong>. Fechas y sedes: a) del 11 al 21 de setiembre de 2023 en <strong>Milano Fashion Institute, Mil\u00e1n<\/strong>; b) del 25 al 29 de septiembre de 2023 en <strong>Galileo Visionary District, Padua<\/strong>; c) del 2 al 4 de octubre de 2023 en varias sedes del <strong>VII Foro Pymes en B\u00e9rgamo<\/strong>. Requisitos: experiencia laboral en el sector, comprensi\u00f3n del idioma ingl\u00e9s y presentar un proyecto de trabajo.<\/p>\n\n\n\n<div style=\"height:28px\" aria-hidden=\"true\" class=\"wp-block-spacer\"><\/div>\n\n\n\n<p class=\"has-medium-font-size\"><strong>Fortalecimiento de las asociaciones empresariales latinoamericanas para mejorar los servicios prestados a las pymes<\/strong><\/p>\n\n\n\n<p>Son <strong>10 becas<\/strong>. Fechas: del 9 de octubre al 3 de noviembre de 2023. Requisitos: ser dirigente o funcionario de una asociaci\u00f3n de pymes, c\u00e1mara de comercio o asociaci\u00f3n empresarial con programas dedicados al fortalecimiento de las pymes, experiencia laboral en una asociaci\u00f3n empresarial y presentar un proyecto de trabajo.<\/p>\n\n\n\n<div style=\"height:22px\" aria-hidden=\"true\" class=\"wp-block-spacer\"><\/div>\n\n\n\n<p>Los interesados en participar en el Proyecto Habilitas y obtener m\u00e1s informaci\u00f3n sobre las becas, pueden acceder a la\u00a0<a href=\"https:\/\/iila.org\/es\/becas-para-pasantias-en-italia-del-proyecto-habilitas-2023\/\" target=\"_blank\" rel=\"noreferrer noopener\"><strong>Convocatoria<\/strong><\/a>, los <strong>T\u00e9rminos de Referencia <\/strong>de las diferentes propuestas de pasant\u00edas y completar el <strong>Formulario de Solicitud de Beca en l\u00ednea<\/strong>. El plazo m\u00e1ximo para enviar las solicitudes y la documentaci\u00f3n requerida es el 28 de julio de 2023.<\/p>\n\n\n\n<p>Debe tenerse en cuenta que <strong>ser ciudadano italiano es un requisito excluyente<\/strong> para todas las becas, y que ni la C\u00e1mara de Comercio Italiana en Mendoza ni la Organizaci\u00f3n IILA tramitan ciudadan\u00edas.<\/p>\n\n\n\n<p>Para alguna pregunta adicional que no est\u00e9 claramente indicada en la Convocatoria y los T\u00e9rminos de Referencia, los intersados pueden escribir a <strong>habilitas@iila.org<\/strong>. <\/p>\n\n\n\n<div style=\"height:42px\" aria-hidden=\"true\" class=\"wp-block-spacer\"><\/div>\n","protected":false},"excerpt":{"rendered":"<p>La C\u00e1mara de Comercio Italiana (CCI) en Mendoza -asociaci\u00f3n encargada de brindar asistencia comercial y&hellip;<\/p>\n","protected":false},"author":3,"featured_media":96424,"comment_status":"open","ping_status":"open","sticky":false,"template":"","format":"standard","meta":{"footnotes":""},"categories":[14],"tags":[],"class_list":["post-96399","post","type-post","status-publish","format-standard","has-post-thumbnail","hentry","category-news"],"_links":{"self":[{"href":"https:\/\/enolife.com.ar\/es\/wp-json\/wp\/v2\/posts\/96399","targetHints":{"allow":["GET"]}}],"collection":[{"href":"https:\/\/enolife.com.ar\/es\/wp-json\/wp\/v2\/posts"}],"about":[{"href":"https:\/\/enolife.com.ar\/es\/wp-json\/wp\/v2\/types\/post"}],"author":[{"embeddable":true,"href":"https:\/\/enolife.com.ar\/es\/wp-json\/wp\/v2\/users\/3"}],"replies":[{"embeddable":true,"href":"https:\/\/enolife.com.ar\/es\/wp-json\/wp\/v2\/comments?post=96399"}],"version-history":[{"count":0,"href":"https:\/\/enolife.com.ar\/es\/wp-json\/wp\/v2\/posts\/96399\/revisions"}],"wp:featuredmedia":[{"embeddable":true,"href":"https:\/\/enolife.com.ar\/es\/wp-json\/wp\/v2\/media\/96424"}],"wp:attachment":[{"href":"https:\/\/enolife.com.ar\/es\/wp-json\/wp\/v2\/media?parent=96399"}],"wp:term":[{"taxonomy":"category","embeddable":true,"href":"https:\/\/enolife.com.ar\/es\/wp-json\/wp\/v2\/categories?post=96399"},{"taxonomy":"post_tag","embeddable":true,"href":"https:\/\/enolife.com.ar\/es\/wp-json\/wp\/v2\/tags?post=96399"}],"curies":[{"name":"wp","href":"https:\/\/api.w.org\/{rel}","templated":true}]}}