{"id":96313,"date":"2023-07-04T20:49:27","date_gmt":"2023-07-04T20:49:27","guid":{"rendered":"https:\/\/enolife.com.ar\/es\/?p=96313"},"modified":"2023-07-06T19:16:25","modified_gmt":"2023-07-06T19:16:25","slug":"con-25-bodegas-y-75-etiquetas-el-4-y-5-8-vuelve-la-feria-de-vinos-organicos-y-sustentables-a-la-caba","status":"publish","type":"post","link":"https:\/\/enolife.com.ar\/es\/con-25-bodegas-y-75-etiquetas-el-4-y-5-8-vuelve-la-feria-de-vinos-organicos-y-sustentables-a-la-caba\/","title":{"rendered":"Con 25 bodegas y 75 etiquetas, el 4 y 5\/8 vuelve la Feria de Vinos Org\u00e1nicos y Sustentables a la CABA"},"content":{"rendered":"\n<h4 class=\"wp-block-heading\"><em><strong>El atractivo y ya cl\u00e1sico espacio de la Botica del \u00c1ngel, la casa-museo creada por el animador, pintor, escen\u00f3grafo, actor y dise\u00f1ador de vestuario Eduardo Bergara Leumann en el barrio porte\u00f1o de Monserrat, Ciudad Aut\u00f3noma de Buenos Aires, ser\u00e1 nuevamente escenario de la Feria VIOS. Se trata del encuentro que, desde hace nueve a\u00f1os, re\u00fane a las bodegas sustentables m\u00e1s importantes de Argentina. Una ocasi\u00f3n para descubrir vinos org\u00e1nicos certificados, biodin\u00e1micos, de Comercio Justo y con compromiso social.<\/strong><\/em><\/h4>\n\n\n\n<div style=\"height:35px\" aria-hidden=\"true\" class=\"wp-block-spacer\"><\/div>\n\n\n<a href=\"https:\/\/www.instagram.com\/vinventions.sudamerica\/\" aria-label=\"Banner_Subr_1700x500\"><img loading=\"lazy\" decoding=\"async\" src=\"https:\/\/enolife.com.ar\/es\/wp-content\/uploads\/2019\/07\/Banner_Subr_1700x500.gif\" alt=\"\"  width=\"1700\" height=\"501\"   \/><\/a>\n\n\n<div style=\"height:45px\" aria-hidden=\"true\" class=\"wp-block-spacer\"><\/div>\n\n\n\n<p>El viernes 4 y s\u00e1bado 5 de agosto llega la 9na. edici\u00f3n de la <strong>Feria de Vinos Org\u00e1nicos y Sustentables<\/strong> <strong>(VIOS)<\/strong>, el encuentro que re\u00fane los vinos sustentables del pa\u00eds, desde vinos <strong>org\u00e1nicos <\/strong>y <strong>biodin\u00e1micos certificados<\/strong>, hasta vinos <strong>naturales<\/strong> y con el sello <strong>Comercio Justo<\/strong>.&nbsp;<\/p>\n\n\n\n<p>El encuentro tendr\u00e1 lugar en la <strong>Botica del \u00c1ngel<\/strong>, ubicada en Luis S\u00e1enz Pe\u00f1a 541, barrio de Monserrat, Ciudad Aut\u00f3noma de Buenos Aires (CABA), ambas jornadas de 19 a 23 horas. Las entradas ya se encuentran a la venta en vinosorganicos.com.ar, con una <strong>promoci\u00f3n 2&#215;1 hasta el viernes 7 de julio<\/strong>.&nbsp;<\/p>\n\n\n\n<div style=\"height:30px\" aria-hidden=\"true\" class=\"wp-block-spacer\"><\/div>\n\n\n\n<figure class=\"wp-block-gallery has-nested-images columns-default is-cropped wp-block-gallery-1 is-layout-flex wp-block-gallery-is-layout-flex\">\n<figure class=\"wp-block-image size-full\"><a href=\"https:\/\/enolife.com.ar\/es\/wp-content\/uploads\/2023\/07\/356825340_641471228014151_1243492441790648329_n.jpg\" data-rel=\"penci-gallery-image-content\" ><img loading=\"lazy\" decoding=\"async\" width=\"995\" height=\"785\" data-id=\"96337\" src=\"https:\/\/enolife.com.ar\/es\/wp-content\/uploads\/2023\/07\/356825340_641471228014151_1243492441790648329_n.jpg\" alt=\"\" class=\"wp-image-96337\" srcset=\"https:\/\/enolife.com.ar\/es\/wp-content\/uploads\/2023\/07\/356825340_641471228014151_1243492441790648329_n.jpg 995w, https:\/\/enolife.com.ar\/es\/wp-content\/uploads\/2023\/07\/356825340_641471228014151_1243492441790648329_n-300x237.jpg 300w, https:\/\/enolife.com.ar\/es\/wp-content\/uploads\/2023\/07\/356825340_641471228014151_1243492441790648329_n-768x606.jpg 768w, https:\/\/enolife.com.ar\/es\/wp-content\/uploads\/2023\/07\/356825340_641471228014151_1243492441790648329_n-585x462.jpg 585w\" sizes=\"auto, (max-width: 995px) 100vw, 995px\" \/><\/a><figcaption class=\"wp-element-caption\"><strong><em>La Botica del \u00c1ngel<\/em><\/strong><\/figcaption><\/figure>\n\n\n\n<figure class=\"wp-block-image size-full\"><a href=\"https:\/\/enolife.com.ar\/es\/wp-content\/uploads\/2023\/07\/356693199_641471311347476_8924125586455727695_n.jpg\" data-rel=\"penci-gallery-image-content\" ><img loading=\"lazy\" decoding=\"async\" width=\"1000\" height=\"1000\" data-id=\"96344\" src=\"https:\/\/enolife.com.ar\/es\/wp-content\/uploads\/2023\/07\/356693199_641471311347476_8924125586455727695_n.jpg\" alt=\"\" class=\"wp-image-96344\" srcset=\"https:\/\/enolife.com.ar\/es\/wp-content\/uploads\/2023\/07\/356693199_641471311347476_8924125586455727695_n.jpg 1000w, https:\/\/enolife.com.ar\/es\/wp-content\/uploads\/2023\/07\/356693199_641471311347476_8924125586455727695_n-300x300.jpg 300w, https:\/\/enolife.com.ar\/es\/wp-content\/uploads\/2023\/07\/356693199_641471311347476_8924125586455727695_n-150x150.jpg 150w, https:\/\/enolife.com.ar\/es\/wp-content\/uploads\/2023\/07\/356693199_641471311347476_8924125586455727695_n-768x768.jpg 768w, https:\/\/enolife.com.ar\/es\/wp-content\/uploads\/2023\/07\/356693199_641471311347476_8924125586455727695_n-585x585.jpg 585w\" sizes=\"auto, (max-width: 1000px) 100vw, 1000px\" \/><\/a><\/figure>\n<\/figure>\n\n\n\n<div style=\"height:30px\" aria-hidden=\"true\" class=\"wp-block-spacer\"><\/div>\n\n\n\n<p>Adem\u00e1s del acceso a charlas sobre enolog\u00eda y sustentabilidad, la entrada incluye<strong> libre degustaci\u00f3n de vinos<\/strong> y acceso total a la casa-museo creada por Eduardo Bergara Leumann, la cual rinde homenaje al arte argentino en todas sus expresiones.<\/p>\n\n\n\n<p>Desde 2014, Feria de Vinos Org\u00e1nicos y Sustentables es una cita recomendable para las personas interesadas en el mundo del vino y en las pr\u00e1cticas sustentables de producci\u00f3n, un p\u00fablico cada vez m\u00e1s conocedor y comprometido con este tipo de producci\u00f3n.<\/p>\n\n\n\n<div style=\"height:30px\" aria-hidden=\"true\" class=\"wp-block-spacer\"><\/div>\n\n\n\n<figure class=\"wp-block-gallery has-nested-images columns-default is-cropped wp-block-gallery-2 is-layout-flex wp-block-gallery-is-layout-flex\">\n<figure class=\"wp-block-image size-large\"><a href=\"https:\/\/enolife.com.ar\/es\/wp-content\/uploads\/2023\/07\/14125096_1136024079797869_6454896586155840474_o.jpg\" data-rel=\"penci-gallery-image-content\" ><img loading=\"lazy\" decoding=\"async\" width=\"633\" height=\"400\" data-id=\"96339\" src=\"https:\/\/enolife.com.ar\/es\/wp-content\/uploads\/2023\/07\/14125096_1136024079797869_6454896586155840474_o.jpg\" alt=\"\" class=\"wp-image-96339\" srcset=\"https:\/\/enolife.com.ar\/es\/wp-content\/uploads\/2023\/07\/14125096_1136024079797869_6454896586155840474_o.jpg 633w, https:\/\/enolife.com.ar\/es\/wp-content\/uploads\/2023\/07\/14125096_1136024079797869_6454896586155840474_o-300x190.jpg 300w, https:\/\/enolife.com.ar\/es\/wp-content\/uploads\/2023\/07\/14125096_1136024079797869_6454896586155840474_o-585x370.jpg 585w\" sizes=\"auto, (max-width: 633px) 100vw, 633px\" \/><\/a><\/figure>\n\n\n\n<figure class=\"wp-block-image\"><img decoding=\"async\" src=\"https:\/\/lh4.googleusercontent.com\/iHkou_hqgTNCvyPPw-9PJA9l5LHTV80u1vv5qaj7wLPH57aH5m3b--1eIWtdrvl1O4aTX8dDycfKV8x3jUOYJcYS8HbnVWGAV917eeqwhSbaO77lP7p0TuUzXIWB8VwuA-1cothFepCmUYaw8oWuPw\" alt=\"\"\/><\/figure>\n<\/figure>\n\n\n\n<div style=\"height:35px\" aria-hidden=\"true\" class=\"wp-block-spacer\"><\/div>\n\n\n\n<p class=\"has-medium-font-size\"><strong>Bodegas que cuidan el medio ambiente<\/strong><\/p>\n\n\n\n<p>Durante la Feria de Vinos Org\u00e1nicos y Sustentables los asistentes podr\u00e1n degustar <strong>75 vinos<\/strong> diferentes de<strong> 25 bodegas<\/strong> certificadas argentinas.&nbsp;<\/p>\n\n\n\n<p><em>\u201cEsta edici\u00f3n contar\u00e1 con nuevas bodegas que apostaron por el cuidado del medio ambiente y que presentar\u00e1n sus productos certificados por primera vez en Feria de Vinos Org\u00e1nicos y Sustentables; as\u00ed tambi\u00e9n estar\u00e1n como siempre las bodegas pioneras, las que marcaron un camino en los vinos org\u00e1nicos de Argentina\u201d<\/em>, detall\u00f3 el periodista <strong>Pancho Barreiro, <\/strong>cocreador de VIOS.<\/p>\n\n\n\n<div style=\"height:26px\" aria-hidden=\"true\" class=\"wp-block-spacer\"><\/div>\n\n\n\n<p class=\"has-background\" style=\"background-color:#f78da852\">Las bodegas confirmadas son: \u00c1nimal Organic Vineyard, Bodega Argento, Bodega Araujo, Caligiore, Cavas Vilarnau (Espa\u00f1a), Cruzat, Durigutti Family Winemakers, Earth First, Familia Salas Organic Estate, Felix Enrique 1931, Familia Cecchin, Finca Dinamia, Finca Las Moras, Finca Sophenia, Kaiken Wines, Mastrantonio Wines, Montes Wines (Chile), Paso a Paso Wines, Tres Wines, Siesta en el Tahu\u00e1n y Vinecol, entre otras.<\/p>\n\n\n\n<div style=\"height:20px\" aria-hidden=\"true\" class=\"wp-block-spacer\"><\/div>\n\n\n\n<p>Como cada a\u00f1o, parte de los ingresos ser\u00e1n donados a la<strong> Fundaci\u00f3n Espacios Verdes<\/strong> y a sus programas de educaci\u00f3n ambiental.<em> \u201cDesde VIOS apoyamos a esta organizaci\u00f3n que apuesta por el cuidado del medioambiente, la educaci\u00f3n y la promoci\u00f3n de la calidad de vida de las personas en armon\u00eda con la naturaleza\u201d<\/em>, asegur\u00f3 el licenciado en Ciencias Ambientales <strong>Juan Pino,<\/strong> cocreador de VIOS.<\/p>\n\n\n\n<div style=\"height:30px\" aria-hidden=\"true\" class=\"wp-block-spacer\"><\/div>\n\n\n\n<figure class=\"wp-block-gallery has-nested-images columns-default is-cropped wp-block-gallery-3 is-layout-flex wp-block-gallery-is-layout-flex\">\n<figure class=\"wp-block-image size-large\"><a href=\"https:\/\/enolife.com.ar\/es\/wp-content\/uploads\/2023\/07\/355157127_639146341579973_452609553363957990_n.jpg\" data-rel=\"penci-gallery-image-content\" ><img loading=\"lazy\" decoding=\"async\" width=\"683\" height=\"500\" data-id=\"96340\" src=\"https:\/\/enolife.com.ar\/es\/wp-content\/uploads\/2023\/07\/355157127_639146341579973_452609553363957990_n.jpg\" alt=\"\" class=\"wp-image-96340\" srcset=\"https:\/\/enolife.com.ar\/es\/wp-content\/uploads\/2023\/07\/355157127_639146341579973_452609553363957990_n.jpg 683w, https:\/\/enolife.com.ar\/es\/wp-content\/uploads\/2023\/07\/355157127_639146341579973_452609553363957990_n-300x220.jpg 300w, https:\/\/enolife.com.ar\/es\/wp-content\/uploads\/2023\/07\/355157127_639146341579973_452609553363957990_n-585x428.jpg 585w\" sizes=\"auto, (max-width: 683px) 100vw, 683px\" \/><\/a><\/figure>\n\n\n\n<figure class=\"wp-block-image\"><img decoding=\"async\" src=\"https:\/\/lh5.googleusercontent.com\/Wg-ykYdbkupLErNWxa0UINKUc7iilfsbaFsyLTN1n7m0fgPwbLjDuu_0HBLiL5SbHg1E5n-627GIwx6rS_-vPkg1OjUNG3w_UgPfGVwpTFAfJjA793m2HkN6RPPQFEa8UUo5phvxrUYvcIXLf7VEkg\" alt=\"\"\/><\/figure>\n<\/figure>\n\n\n\n<div style=\"height:30px\" aria-hidden=\"true\" class=\"wp-block-spacer\"><\/div>\n\n\n\n<p>VIOS es un emprendimiento que llevan adelante Juan Pino y Pancho Barreiro, en el que trabajan para contagiar sus pasiones: el vino y la sustentabilidad. Desde hace 9 a\u00f1os realizan Feria de Vinos Org\u00e1nicos y Sustentables, as\u00ed como tambi\u00e9n diferentes degustaciones, catas privadas y Positive Malbec Night.<\/p>\n\n\n\n<p>Desde VIOS trabajan en forma colaborativa junto a las bodegas y otros aliados estrat\u00e9gicos que creen en un mundo mejor, con el lema \u00abimpulsar la sustentabilidad a trav\u00e9s del vino y el vino a trav\u00e9s de la sustentabilidad\u00bb.<\/p>\n\n\n\n<div style=\"height:45px\" aria-hidden=\"true\" class=\"wp-block-spacer\"><\/div>\n\n\n\n<div style=\"height:31px\" aria-hidden=\"true\" class=\"wp-block-spacer\"><\/div>\n","protected":false},"excerpt":{"rendered":"<p>El atractivo y ya cl\u00e1sico espacio de la Botica del \u00c1ngel, la casa-museo creada por&hellip;<\/p>\n","protected":false},"author":3,"featured_media":96346,"comment_status":"open","ping_status":"open","sticky":false,"template":"","format":"standard","meta":{"footnotes":""},"categories":[47],"tags":[],"class_list":["post-96313","post","type-post","status-publish","format-standard","has-post-thumbnail","hentry","category-agenda"],"_links":{"self":[{"href":"https:\/\/enolife.com.ar\/es\/wp-json\/wp\/v2\/posts\/96313","targetHints":{"allow":["GET"]}}],"collection":[{"href":"https:\/\/enolife.com.ar\/es\/wp-json\/wp\/v2\/posts"}],"about":[{"href":"https:\/\/enolife.com.ar\/es\/wp-json\/wp\/v2\/types\/post"}],"author":[{"embeddable":true,"href":"https:\/\/enolife.com.ar\/es\/wp-json\/wp\/v2\/users\/3"}],"replies":[{"embeddable":true,"href":"https:\/\/enolife.com.ar\/es\/wp-json\/wp\/v2\/comments?post=96313"}],"version-history":[{"count":0,"href":"https:\/\/enolife.com.ar\/es\/wp-json\/wp\/v2\/posts\/96313\/revisions"}],"wp:featuredmedia":[{"embeddable":true,"href":"https:\/\/enolife.com.ar\/es\/wp-json\/wp\/v2\/media\/96346"}],"wp:attachment":[{"href":"https:\/\/enolife.com.ar\/es\/wp-json\/wp\/v2\/media?parent=96313"}],"wp:term":[{"taxonomy":"category","embeddable":true,"href":"https:\/\/enolife.com.ar\/es\/wp-json\/wp\/v2\/categories?post=96313"},{"taxonomy":"post_tag","embeddable":true,"href":"https:\/\/enolife.com.ar\/es\/wp-json\/wp\/v2\/tags?post=96313"}],"curies":[{"name":"wp","href":"https:\/\/api.w.org\/{rel}","templated":true}]}}