{"id":96268,"date":"2023-07-05T13:42:45","date_gmt":"2023-07-05T13:42:45","guid":{"rendered":"https:\/\/enolife.com.ar\/es\/?p=96268"},"modified":"2023-07-06T23:10:43","modified_gmt":"2023-07-06T23:10:43","slug":"avm-ayuda-a-productores-a-cobrar-la-compensacion-por-dano-y-capacita-sobre-poda-posheladas","status":"publish","type":"post","link":"https:\/\/enolife.com.ar\/es\/avm-ayuda-a-productores-a-cobrar-la-compensacion-por-dano-y-capacita-sobre-poda-posheladas\/","title":{"rendered":"AVM ayuda a productores a cobrar la compensaci\u00f3n por da\u00f1o y capacita sobre poda posheladas"},"content":{"rendered":"\n<h4 class=\"wp-block-heading\"><em><strong>La Asociaci\u00f3n de Vi\u00f1ateros de Mendoza (AVM), en conjunto con el Instituto Nacional de Tecnolog\u00eda Agropecuaria (INTA) y la Corporaci\u00f3n Vitivin\u00edcola Argentina (Coviar), invitan a productores vitivin\u00edcolas de San Rafael a participar de una jornada de capacitaci\u00f3n de poda posheladas. La actividad ser\u00e1 el jueves 6\/7 en la Finca Jorge Blasco de 10.45 a 12.30 hs. Previamente, de 8.30 a 10.30 hs, colaboradores de la entidad recibir\u00e1n la documentaci\u00f3n necesaria para quienes necesiten acceder al Fondo de Apoyo a Peque\u00f1os Productores que tengan hasta 10 hect\u00e1reas y hayan sufrido p\u00e9rdidas del 50% o m\u00e1s por contingencias clim\u00e1ticas, quienes recibir\u00e1n como compensaci\u00f3n entre $80.000 y $160.000 para cubrir el costo de las tareas de poda y fertilizaci\u00f3n.<\/strong><\/em><\/h4>\n\n\n\n<div style=\"height:35px\" aria-hidden=\"true\" class=\"wp-block-spacer\"><\/div>\n\n\n<a href=\"https:\/\/www.linkedin.com\/company\/agrinet-sa\/?originalSubdomain=ar\" aria-label=\"1700X500\"><img loading=\"lazy\" decoding=\"async\" src=\"https:\/\/enolife.com.ar\/es\/wp-content\/uploads\/2021\/11\/1700X500.gif\" alt=\"\"  width=\"1700\" height=\"500\"   \/><\/a>\n\n\n<div style=\"height:45px\" aria-hidden=\"true\" class=\"wp-block-spacer\"><\/div>\n\n\n<div class=\"wp-block-image\">\n<figure class=\"alignleft size-full is-resized\"><a href=\"https:\/\/enolife.com.ar\/es\/wp-content\/uploads\/2023\/07\/F0HrrEYXoAEONCH.jpg\" data-rel=\"penci-gallery-image-content\" ><img loading=\"lazy\" decoding=\"async\" src=\"https:\/\/enolife.com.ar\/es\/wp-content\/uploads\/2023\/07\/F0HrrEYXoAEONCH.jpg\" alt=\"\" class=\"wp-image-96269\" width=\"307\" height=\"308\" srcset=\"https:\/\/enolife.com.ar\/es\/wp-content\/uploads\/2023\/07\/F0HrrEYXoAEONCH.jpg 499w, https:\/\/enolife.com.ar\/es\/wp-content\/uploads\/2023\/07\/F0HrrEYXoAEONCH-300x300.jpg 300w, https:\/\/enolife.com.ar\/es\/wp-content\/uploads\/2023\/07\/F0HrrEYXoAEONCH-150x150.jpg 150w\" sizes=\"auto, (max-width: 307px) 100vw, 307px\" \/><\/a><\/figure><\/div>\n\n\n<p>El jueves 6 de julio, la Asociaci\u00f3n de Vi\u00f1ateros de Mendoza realizar\u00e1 dos actividades destinadas a productores de San Rafael.<\/p>\n\n\n\n<p><strong>De 8.30 a 10.30 hs<\/strong>, la entidad recibir\u00e1 a productores que hayan sufrido da\u00f1os por granizo o heladas y que a\u00fan no hayan presentado la <strong>documentaci\u00f3n necesaria para acceder Fondo de Apoyo a Peque\u00f1os Productores. <\/strong><\/p>\n\n\n\n<p>Se trata de un aporte no reembolsable anunciado por el gobierno nacional en mayo, para asistir a productores vitivin\u00edcolas que tengan hasta 10 hect\u00e1reas y que hayan sufrido p\u00e9rdidas de 50% o m\u00e1s por contingencias clim\u00e1ticas, quienes recibir\u00e1n entre $80.000 y $160.000 para cubrir el costo de las tareas de poda y fertilizaci\u00f3n.<\/p>\n\n\n\n<div style=\"height:21px\" aria-hidden=\"true\" class=\"wp-block-spacer\"><\/div>\n\n\n\n<p class=\"has-background\" style=\"background-color:#abb7c259\">La documentaci\u00f3n que deber\u00e1n llevar es: Fotocopia del censo del INV, fotocopia del DNI, fotocopia del certificado de da\u00f1os, constancia de inscripci\u00f3n de AFIP y constancia de CBU.<\/p>\n\n\n\n<div style=\"height:29px\" aria-hidden=\"true\" class=\"wp-block-spacer\"><\/div>\n\n\n\n<p>Lugar: Uni\u00f3n Vecinal de Calle Larga, Ruta 143 y Calle 5, San Rafael.<br><strong>Ubicaci\u00f3n: <a href=\"https:\/\/goo.gl\/maps\/mkd4zfZCZjYXJjmG8\" title=\"\">https:\/\/goo.gl\/maps\/mkd4zfZCZjYXJjmG8<\/a><\/strong><\/p>\n\n\n\n<div style=\"height:30px\" aria-hidden=\"true\" class=\"wp-block-spacer\"><\/div>\n\n\n\n<p><strong>De 10.45 a 12.30 hs<\/strong>, se realizar\u00e1 una <strong>Jornada de capacitaci\u00f3n de poda post heladas<\/strong>, una charla debate, donde se plantear\u00e1n las cuestiones t\u00e9cnicas necesarias para poder podar las plantas en funci\u00f3n de la poca vegetaci\u00f3n y los rebrotes que ha tenido producto del desbalance producido por efecto de las heladas. <\/p>\n\n\n\n<p>Se realizar\u00e1 una primer introducci\u00f3n te\u00f3rica en la Uni\u00f3n Vecinal de Calle Larga, y luego se trasladar\u00e1n a la Finca Jorge Blasco, una de las daminificadas por las heladas en Calle 6 s\/n, distrito Ca\u00f1ada Seca, San Rafael (<strong>Ubicaci\u00f3n:<a href=\"https:\/\/goo.gl\/maps\/GZL9UfUMG4DaHzym8\" title=\"\">https:\/\/goo.gl\/maps\/GZL9UfUMG4DaHzym8<\/a><\/strong>).<\/p>\n\n\n\n<p>El <strong>coordinador de AVM de la Regi\u00f3n Sur, Agust\u00edn Lattandi <\/strong>explic\u00f3 que <em>\u00abla demostraci\u00f3n pr\u00e1ctica se realizar\u00e1 en esa finca que ha sufrido da\u00f1os para poder ejemplificar y dar generalidades que brinden herramientas a los productores para obtener el m\u00e1ximo de producci\u00f3n este a\u00f1o, que ya se sabe que va a estar resentido por el da\u00f1o sufrido, sabiendo que esa planta no va a llegar al 100% de su redimiento normal en la proxima temporada.\u00bb<\/em><\/p>\n\n\n\n<p> La charla estar\u00e1 dictada por t\u00e9cnicos de AVM junto con ingenieros del \u00e1rea de viticultura del INTA y del Centro de Desarrollo Vit\u00edcola de San Rafael.<\/p>\n\n\n\n<div style=\"height:30px\" aria-hidden=\"true\" class=\"wp-block-spacer\"><\/div>\n\n\n\n<p><\/p>\n","protected":false},"excerpt":{"rendered":"<p>La Asociaci\u00f3n de Vi\u00f1ateros de Mendoza (AVM), en conjunto con el Instituto Nacional de Tecnolog\u00eda&hellip;<\/p>\n","protected":false},"author":3,"featured_media":96364,"comment_status":"open","ping_status":"open","sticky":false,"template":"","format":"standard","meta":{"footnotes":""},"categories":[47],"tags":[],"class_list":["post-96268","post","type-post","status-publish","format-standard","has-post-thumbnail","hentry","category-agenda"],"_links":{"self":[{"href":"https:\/\/enolife.com.ar\/es\/wp-json\/wp\/v2\/posts\/96268","targetHints":{"allow":["GET"]}}],"collection":[{"href":"https:\/\/enolife.com.ar\/es\/wp-json\/wp\/v2\/posts"}],"about":[{"href":"https:\/\/enolife.com.ar\/es\/wp-json\/wp\/v2\/types\/post"}],"author":[{"embeddable":true,"href":"https:\/\/enolife.com.ar\/es\/wp-json\/wp\/v2\/users\/3"}],"replies":[{"embeddable":true,"href":"https:\/\/enolife.com.ar\/es\/wp-json\/wp\/v2\/comments?post=96268"}],"version-history":[{"count":0,"href":"https:\/\/enolife.com.ar\/es\/wp-json\/wp\/v2\/posts\/96268\/revisions"}],"wp:featuredmedia":[{"embeddable":true,"href":"https:\/\/enolife.com.ar\/es\/wp-json\/wp\/v2\/media\/96364"}],"wp:attachment":[{"href":"https:\/\/enolife.com.ar\/es\/wp-json\/wp\/v2\/media?parent=96268"}],"wp:term":[{"taxonomy":"category","embeddable":true,"href":"https:\/\/enolife.com.ar\/es\/wp-json\/wp\/v2\/categories?post=96268"},{"taxonomy":"post_tag","embeddable":true,"href":"https:\/\/enolife.com.ar\/es\/wp-json\/wp\/v2\/tags?post=96268"}],"curies":[{"name":"wp","href":"https:\/\/api.w.org\/{rel}","templated":true}]}}