{"id":96101,"date":"2023-07-03T01:41:06","date_gmt":"2023-07-03T01:41:06","guid":{"rendered":"https:\/\/enolife.com.ar\/es\/?p=96101"},"modified":"2023-07-04T20:50:27","modified_gmt":"2023-07-04T20:50:27","slug":"promendoza-y-el-cfi-invitan-a-bodegas-a-la-feria-wine-south-america-de-brasil-del-12-al-19-9","status":"publish","type":"post","link":"https:\/\/enolife.com.ar\/es\/promendoza-y-el-cfi-invitan-a-bodegas-a-la-feria-wine-south-america-de-brasil-del-12-al-19-9\/","title":{"rendered":"ProMendoza y el CFI invitan a bodegas a la feria Wine South America de Brasil del 12 al 19\/9"},"content":{"rendered":"\n<h4 class=\"wp-block-heading\"><em><strong>ProMendoza -la entidad gubernamental que promueve la internacionalizaci\u00f3n de los productos mendocinos- el Ministerio de Econom\u00eda y Energ\u00eda de Mendoza y el Consejo Federal de Inversiones (CFI) invitan a las bodegas mendocinas a participar de la misi\u00f3n comercial en Brasil del 12 al 19 de setiembre. La misma incluir\u00e1 la participaci\u00f3n en la feria Wine South America en R\u00edo Grande do Sul, con visitas t\u00e9cnicas a bodegas de Bento Gon\u00e7alves y un viaje a Itaja\u00ed con visita al Hub log\u00edstico y reuni\u00f3n con el CEO de la plataforma comercial de Mendoza en esa ciudad. El costo de la participaci\u00f3n es U$S 2.000 y el cierre de inscripciones es el 7\/7.<\/strong><\/em><\/h4>\n\n\n\n<div style=\"height:35px\" aria-hidden=\"true\" class=\"wp-block-spacer\"><\/div>\n\n\n<a href=\"https:\/\/www.parsecsrl.net\/es\/extraccion-selectiva-tintos\/\" aria-label=\"banner1700x500-rev-9\"><img loading=\"lazy\" decoding=\"async\" src=\"https:\/\/enolife.com.ar\/es\/wp-content\/uploads\/2022\/04\/banner1700x500-rev-9.gif\" alt=\"\"  width=\"1700\" height=\"500\"   \/><\/a>\n\n\n<div style=\"height:45px\" aria-hidden=\"true\" class=\"wp-block-spacer\"><\/div>\n\n\n\n<p>En la feria de vinos <strong>\u00abWine South America\u00bb<\/strong>, organizada <strong>en colaboraci\u00f3n con Vinitaly<\/strong>, que se realiza <strong>del 12 al 14\/9 <\/strong>en la ciudad de <strong>Bento Gon\u00e7alves -R\u00edo Grande do Sul, Brasil-<\/strong> participar\u00e1n <strong>11 pa\u00edses<\/strong>, Argentina,\u00a0Brasil,\u00a0Chile,\u00a0Francia,\u00a0Georgia,\u00a0Italia, Macedonia, Portugal, Eslovenia, Espa\u00f1a y Uruguay; adem\u00e1s contar\u00e1 con la presencia de <strong>7.000 asistentes <\/strong>entre importadores, distribuidores, mayoristas, supermercados, licorer\u00edas, vinotecas, restaurantes y hoteles. En la edici\u00f3n de 2022, seg\u00fan aseguran desde la organizaci\u00f3n, los encuentros personalizados\u00a0promovieron m\u00e1s de <strong>U$S 1,2 millones en negocios.<\/strong><\/p>\n\n\n\n<div style=\"height:30px\" aria-hidden=\"true\" class=\"wp-block-spacer\"><\/div>\n\n\n<div class=\"wp-block-image\">\n<figure class=\"aligncenter size-full is-resized\"><a href=\"https:\/\/enolife.com.ar\/es\/wp-content\/uploads\/2023\/07\/inaug.jpg\" data-rel=\"penci-gallery-image-content\" ><img loading=\"lazy\" decoding=\"async\" src=\"https:\/\/enolife.com.ar\/es\/wp-content\/uploads\/2023\/07\/inaug.jpg\" alt=\"\" class=\"wp-image-96225\" width=\"549\" height=\"424\" srcset=\"https:\/\/enolife.com.ar\/es\/wp-content\/uploads\/2023\/07\/inaug.jpg 573w, https:\/\/enolife.com.ar\/es\/wp-content\/uploads\/2023\/07\/inaug-300x232.jpg 300w\" sizes=\"auto, (max-width: 549px) 100vw, 549px\" \/><\/a><figcaption class=\"wp-element-caption\"><em><strong>Inauguraci\u00f3n de Wine South America 2022<\/strong><\/em><\/figcaption><\/figure><\/div>\n\n\n<div style=\"height:30px\" aria-hidden=\"true\" class=\"wp-block-spacer\"><\/div>\n\n\n\n<p>Para aquellas bodegas mendocinas que est\u00e9n interesadas en participar, ProMendoza y el CFI realizar\u00e1n una misi\u00f3n comercial a Brasil, que constar\u00e1 de 2 partes: la primera es presentar la oferta con stands en la feria de Beto Gon\u00e7alves y la segunda un viaje a Itaja\u00ed que tendr\u00e1 una ronda de negocios y una reuni\u00f3n con el CEO\u00a0de la plataforma comercial de la entidad en esa ciudad costera.<\/p>\n\n\n\n<div style=\"height:30px\" aria-hidden=\"true\" class=\"wp-block-spacer\"><\/div>\n\n\n<div class=\"wp-block-image\">\n<figure class=\"aligncenter size-full is-resized\"><a href=\"https:\/\/enolife.com.ar\/es\/wp-content\/uploads\/2023\/07\/image-6.png\" data-rel=\"penci-gallery-image-content\" ><img loading=\"lazy\" decoding=\"async\" src=\"https:\/\/enolife.com.ar\/es\/wp-content\/uploads\/2023\/07\/image-6.png\" alt=\"\" class=\"wp-image-96228\" width=\"631\" height=\"346\" srcset=\"https:\/\/enolife.com.ar\/es\/wp-content\/uploads\/2023\/07\/image-6.png 675w, https:\/\/enolife.com.ar\/es\/wp-content\/uploads\/2023\/07\/image-6-300x164.png 300w, https:\/\/enolife.com.ar\/es\/wp-content\/uploads\/2023\/07\/image-6-585x321.png 585w\" sizes=\"auto, (max-width: 631px) 100vw, 631px\" \/><\/a><figcaption class=\"wp-element-caption\"><em><strong>Puerto de Itaja\u00ed en Santa Catarina, Brasil<\/strong><\/em><\/figcaption><\/figure><\/div>\n\n\n<div style=\"height:30px\" aria-hidden=\"true\" class=\"wp-block-spacer\"><\/div>\n\n\n\n<p>El <strong>cupo es para 15 bodegas<\/strong>, las <strong>inscripciones cierran el 7\/7<\/strong> y el <strong>costo es de U$S 2.000<\/strong> (dolar oficial), que incluye stand en la feria y las actividades previstas en Itaja\u00ed.<\/p>\n\n\n\n<p>Los requisitos para participar son:<\/p>\n\n\n\n<ul class=\"wp-block-list\">\n<li>Ser una bodega Pyme<\/li>\n\n\n\n<li>Tener&nbsp;alg\u00fan Programa de ProMendoza (NEX, DIMEX, Plataformas comerciales)<\/li>\n\n\n\n<li>Estar&nbsp;exportando a Brasil o en proceso de lograrlo<\/li>\n\n\n\n<li>Tener&nbsp;un Plan Estrat\u00e9gico para ingresar a Brasil<\/li>\n\n\n\n<li>Orden de Inscripci\u00f3n<\/li>\n<\/ul>\n\n\n\n<p>Las bodegas que cumplan con los criterios de selecci\u00f3n establecidos, ser\u00e1n informadas para que puedan realizar el pago correspondiente.<\/p>\n\n\n\n<p class=\"has-background\" style=\"background-color:#abb7c25c\"><strong>Inscripci\u00f3n: <a href=\"https:\/\/docs.google.com\/forms\/d\/e\/1FAIpQLSe6SXCfvjXBDGT-UK8H6UWiQVTo7i1wlAaN7jy0pYo4DiWzxg\/viewform\" title=\"\">AQU\u00cd<\/a><\/strong> &#8211; <strong>Para mayor informaci\u00f3n comunicarse con<\/strong> <strong>Javier Rojas&nbsp;<a href=\"mailto:vinos@promendoza.com\" target=\"_blank\" rel=\"noreferrer noopener\">vinos@promendoza.com<\/a><\/strong><\/p>\n\n\n\n<div style=\"height:35px\" aria-hidden=\"true\" class=\"wp-block-spacer\"><\/div>\n\n\n\n<p class=\"has-medium-font-size\"><strong>Programa<\/strong><\/p>\n\n\n\n<p><strong>10\/9: <\/strong>Arribo a Bento Gon\u00e7alves, R\u00edo Grande do Sul, Brasil<\/p>\n\n\n\n<p><strong>11\/9: <\/strong>Armado de stand<\/p>\n\n\n\n<p><strong>12 al 14\/9: <\/strong>Participaci\u00f3n en la feria Wine South America 2023<\/p>\n\n\n\n<p><strong>15\/9: <\/strong>Visita t\u00e9cnica a bodegas de Beto Gon\u00e7alves<\/p>\n\n\n\n<p><strong>16\/9: <\/strong>Viaje a itaja\u00ed (s\u00f3lo con bodegas participantes de la plataforma log\u00edstica Itaja\u00ed)<\/p>\n\n\n\n<p><strong>18\/9: <\/strong>Reuni\u00f3n con Satoria Trading y participaci\u00f3n de la presentaci\u00f3n \u00abEl mercado del vino y alimentos del sur de Brasil\u00bb. Visita al HUB log\u00edstico y recepci\u00f3n de la carga proveniente de Mendoza<\/p>\n\n\n\n<p><strong>19\/9: <\/strong>Degustaci\u00f3n con los principales clientes de la plataforma comercial de Itaja\u00ed en el Estado de Santa Catarina<\/p>\n\n\n\n<p><strong>20\/9: <\/strong>Regreso a Mendoza<\/p>\n\n\n\n<div style=\"height:35px\" aria-hidden=\"true\" class=\"wp-block-spacer\"><\/div>\n","protected":false},"excerpt":{"rendered":"<p>ProMendoza -la entidad gubernamental que promueve la internacionalizaci\u00f3n de los productos mendocinos- el Ministerio de&hellip;<\/p>\n","protected":false},"author":3,"featured_media":96230,"comment_status":"open","ping_status":"open","sticky":false,"template":"","format":"standard","meta":{"footnotes":""},"categories":[10],"tags":[],"class_list":["post-96101","post","type-post","status-publish","format-standard","has-post-thumbnail","hentry","category-ferias"],"_links":{"self":[{"href":"https:\/\/enolife.com.ar\/es\/wp-json\/wp\/v2\/posts\/96101","targetHints":{"allow":["GET"]}}],"collection":[{"href":"https:\/\/enolife.com.ar\/es\/wp-json\/wp\/v2\/posts"}],"about":[{"href":"https:\/\/enolife.com.ar\/es\/wp-json\/wp\/v2\/types\/post"}],"author":[{"embeddable":true,"href":"https:\/\/enolife.com.ar\/es\/wp-json\/wp\/v2\/users\/3"}],"replies":[{"embeddable":true,"href":"https:\/\/enolife.com.ar\/es\/wp-json\/wp\/v2\/comments?post=96101"}],"version-history":[{"count":0,"href":"https:\/\/enolife.com.ar\/es\/wp-json\/wp\/v2\/posts\/96101\/revisions"}],"wp:featuredmedia":[{"embeddable":true,"href":"https:\/\/enolife.com.ar\/es\/wp-json\/wp\/v2\/media\/96230"}],"wp:attachment":[{"href":"https:\/\/enolife.com.ar\/es\/wp-json\/wp\/v2\/media?parent=96101"}],"wp:term":[{"taxonomy":"category","embeddable":true,"href":"https:\/\/enolife.com.ar\/es\/wp-json\/wp\/v2\/categories?post=96101"},{"taxonomy":"post_tag","embeddable":true,"href":"https:\/\/enolife.com.ar\/es\/wp-json\/wp\/v2\/tags?post=96101"}],"curies":[{"name":"wp","href":"https:\/\/api.w.org\/{rel}","templated":true}]}}