{"id":96040,"date":"2023-07-01T13:16:58","date_gmt":"2023-07-01T13:16:58","guid":{"rendered":"https:\/\/enolife.com.ar\/es\/?p=96040"},"modified":"2023-07-03T01:41:34","modified_gmt":"2023-07-03T01:41:34","slug":"el-7-7-invinum-realiza-en-don-bosco-un-encuentro-sobre-la-gestion-del-fraccionamiento-de-vinos","status":"publish","type":"post","link":"https:\/\/enolife.com.ar\/es\/el-7-7-invinum-realiza-en-don-bosco-un-encuentro-sobre-la-gestion-del-fraccionamiento-de-vinos\/","title":{"rendered":"El 7\/7 Invinum realiza en Don Bosco un encuentro sobre la gesti\u00f3n del fraccionamiento de vinos"},"content":{"rendered":"\n<h4 class=\"wp-block-heading\"><em><strong>Durante la tarde del viernes 7 de julio, Invinum -empresa de capacitaci\u00f3n para profesionales y aficionados al vino- realizar\u00e1 en el SUM de la Obra de Don Bosco en Rodeo del Medio, la jornada t\u00e9cnica \u00abGesti\u00f3n y expedici\u00f3n para el fraccionamiento de vinos\u00bb. En\u00f3logos y profesionales de las bodegas Solo una Vez, Trivento, Fecovita, Santa Julia y la empresa de fraccionamiento m\u00f3vil de vinos Vinitec, dar\u00e1n charlas sobre acondicionamiento y estabilizaci\u00f3n del vino previo al embotellado, envasado en botella, bag in box, tetra brick, lata y de espumantes. El costo de participaci\u00f3n es de $9.000, y para estudiantes $5.000.<\/strong><\/em><\/h4>\n\n\n\n<div style=\"height:30px\" aria-hidden=\"true\" class=\"wp-block-spacer\"><\/div>\n\n\n<a href=\"https:\/\/fermentis.com\/es\/\" aria-label=\"MYC-forSparkling_1700x500 (1)\"><img loading=\"lazy\" decoding=\"async\" src=\"https:\/\/enolife.com.ar\/es\/wp-content\/uploads\/2022\/03\/MYC-forSparkling_1700x500-1.jpg\" alt=\"\"  srcset=\"https:\/\/enolife.com.ar\/es\/wp-content\/uploads\/2022\/03\/MYC-forSparkling_1700x500-1.jpg 1700w, https:\/\/enolife.com.ar\/es\/wp-content\/uploads\/2022\/03\/MYC-forSparkling_1700x500-1-300x88.jpg 300w, https:\/\/enolife.com.ar\/es\/wp-content\/uploads\/2022\/03\/MYC-forSparkling_1700x500-1-1024x301.jpg 1024w, https:\/\/enolife.com.ar\/es\/wp-content\/uploads\/2022\/03\/MYC-forSparkling_1700x500-1-768x226.jpg 768w, https:\/\/enolife.com.ar\/es\/wp-content\/uploads\/2022\/03\/MYC-forSparkling_1700x500-1-1536x452.jpg 1536w, https:\/\/enolife.com.ar\/es\/wp-content\/uploads\/2022\/03\/MYC-forSparkling_1700x500-1-1170x344.jpg 1170w, https:\/\/enolife.com.ar\/es\/wp-content\/uploads\/2022\/03\/MYC-forSparkling_1700x500-1-585x172.jpg 585w\" sizes=\"auto, (max-width: 1700px) 100vw, 1700px\" width=\"1700\" height=\"500\"   \/><\/a>\n\n\n<div style=\"height:45px\" aria-hidden=\"true\" class=\"wp-block-spacer\"><\/div>\n\n\n<div class=\"wp-block-image\">\n<figure class=\"alignleft size-full is-resized\"><a href=\"https:\/\/enolife.com.ar\/es\/wp-content\/uploads\/2023\/06\/3ab32a73-74a9-460f-8cca-ad77a55ea09d-1.jpg\" data-rel=\"penci-gallery-image-content\" ><img loading=\"lazy\" decoding=\"async\" src=\"https:\/\/enolife.com.ar\/es\/wp-content\/uploads\/2023\/06\/3ab32a73-74a9-460f-8cca-ad77a55ea09d-1.jpg\" alt=\"\" class=\"wp-image-96075\" width=\"313\" height=\"313\" srcset=\"https:\/\/enolife.com.ar\/es\/wp-content\/uploads\/2023\/06\/3ab32a73-74a9-460f-8cca-ad77a55ea09d-1.jpg 400w, https:\/\/enolife.com.ar\/es\/wp-content\/uploads\/2023\/06\/3ab32a73-74a9-460f-8cca-ad77a55ea09d-1-300x300.jpg 300w, https:\/\/enolife.com.ar\/es\/wp-content\/uploads\/2023\/06\/3ab32a73-74a9-460f-8cca-ad77a55ea09d-1-150x150.jpg 150w\" sizes=\"auto, (max-width: 313px) 100vw, 313px\" \/><\/a><\/figure><\/div>\n\n\n<p>En el marco del lanzamiento del ciclo <strong>\u00abArgentina un pa\u00eds de vinos\u00bb<\/strong> -actividad en la que Enolife es Media Partner- y con la finalidad de revisar y analizar en forma ordenada los puntos cr\u00edticos a tomar en cuenta al momento de la puesta de los diferentes vinos en distintos envases, el <strong>viernes 7\/7, de 13.45 a 19.30 hs<\/strong> <strong>en la sala de usos m\u00faltiples (SUM) de la Obra Don Bosco <\/strong>-Ruta 50 N\u00b0 6722 de Rodeo del Medio, Maip\u00fa, Mendoza- se realizar\u00e1 la Primer Jornada T\u00e9cnica <strong>\u00abGesti\u00f3n y expedici\u00f3n para el fraccionamiento de vinos\u00bb<\/strong>, organizada por <strong>Invinum<\/strong> y auspiciada por la empresa de levaduras <strong>Fermentis<\/strong>. Ser\u00e1 una media jornada dedicada al momento m\u00e1s delicado de la gesti\u00f3n en bodega y planta de embotellado. <\/p>\n\n\n\n<p class=\"has-background\" style=\"background-color:#abb7c263\"> <strong>Inscripci\u00f3n y consultas<\/strong>: <a href=\"mailto:contacto@invinum.com.ar\"><strong>contacto@invinum.com.ar<\/strong><\/a>, o por <strong>WhatsApp al +54 9 261 576 9741<\/strong> &#8211; <strong>Valor de las inscripciones:<\/strong> $9.000 y para estudiantes $5.000<\/p>\n\n\n\n<div style=\"height:35px\" aria-hidden=\"true\" class=\"wp-block-spacer\"><\/div>\n\n\n\n<p class=\"has-medium-font-size\"><strong>Programa<\/strong><\/p>\n\n\n\n<p><strong>-13.45 a 14.15 hs: <\/strong>Recepci\u00f3n y acreditaciones<\/p>\n\n\n\n<p><strong>-14.15 a 14.30 hs:<\/strong> Bienvenida y presentaci\u00f3n del Encuentro<\/p>\n\n\n\n<p><strong>-14.30 a 15.30 hs: <\/strong>Primera charla <strong>\u00abAcondicionamiento y estabilizaci\u00f3n del vino previo al embotellado. Pruebas de estabilidad. Gesti\u00f3n de los gases en el vino. Correcciones y ajustes del vino. Filtraci\u00f3n de vinos\u00bb<\/strong>, por en\u00f3logas Mar\u00eda Jimena L\u00f3pez, Miriam G\u00f3mez -de la Bodega Solo Una Vez- y el en\u00f3logo Rafael Miranda -de Trivento.<\/p>\n\n\n\n<p><strong>-15.30 a 16.15 hs: <\/strong>Segunda charla <strong>\u00abPuesta del vino en botella con tap\u00f3n o tapa a rosca\u00bb<\/strong>, por el en\u00f3logo Julio Montenegro de INVINUM.<\/p>\n\n\n\n<p><strong>-16.15 a 16.45 hs: <\/strong>Tercera charla <strong>\u00abPuesta del vino en Tetra Brik y Bag in Box\u00bb<\/strong>, por el en\u00f3logo Leonardo Celiz, de Fecovita.<\/p>\n\n\n\n<p><strong>-16.45 a 17.15 hs:<\/strong> <strong>Cofee Break<\/strong><\/p>\n\n\n\n<p><strong>-17.15 a 18.00 hs:<\/strong> Presentaci\u00f3n de <strong>Fermentis<\/strong><\/p>\n\n\n\n<p><strong>-18.00 a 18.45 hs: <\/strong>Cuarta charla <strong>\u00abEnvasado de espumantes m\u00e9todo Charmat y Champenoise\u00bb<\/strong> por los en\u00f3logos Rodrigo Valdez, de Invinum y Rafael Miranda, de Trivento.<\/p>\n\n\n\n<p><strong>-18.45 a 19.30 hs: <\/strong>Quinta charla <strong>\u00abPuesta de productos de origen vitivin\u00edcola en latas\u00bb, <\/strong>por el en\u00f3logo Manuel Carmona, de la Bodega Santa Julia.<\/p>\n\n\n\n<div style=\"height:44px\" aria-hidden=\"true\" class=\"wp-block-spacer\"><\/div>\n\n\n\n<div style=\"height:35px\" aria-hidden=\"true\" class=\"wp-block-spacer\"><\/div>\n","protected":false},"excerpt":{"rendered":"<p>Durante la tarde del viernes 7 de julio, Invinum -empresa de capacitaci\u00f3n para profesionales y&hellip;<\/p>\n","protected":false},"author":3,"featured_media":96080,"comment_status":"open","ping_status":"open","sticky":false,"template":"","format":"standard","meta":{"footnotes":""},"categories":[47],"tags":[],"class_list":["post-96040","post","type-post","status-publish","format-standard","has-post-thumbnail","hentry","category-agenda"],"_links":{"self":[{"href":"https:\/\/enolife.com.ar\/es\/wp-json\/wp\/v2\/posts\/96040","targetHints":{"allow":["GET"]}}],"collection":[{"href":"https:\/\/enolife.com.ar\/es\/wp-json\/wp\/v2\/posts"}],"about":[{"href":"https:\/\/enolife.com.ar\/es\/wp-json\/wp\/v2\/types\/post"}],"author":[{"embeddable":true,"href":"https:\/\/enolife.com.ar\/es\/wp-json\/wp\/v2\/users\/3"}],"replies":[{"embeddable":true,"href":"https:\/\/enolife.com.ar\/es\/wp-json\/wp\/v2\/comments?post=96040"}],"version-history":[{"count":0,"href":"https:\/\/enolife.com.ar\/es\/wp-json\/wp\/v2\/posts\/96040\/revisions"}],"wp:featuredmedia":[{"embeddable":true,"href":"https:\/\/enolife.com.ar\/es\/wp-json\/wp\/v2\/media\/96080"}],"wp:attachment":[{"href":"https:\/\/enolife.com.ar\/es\/wp-json\/wp\/v2\/media?parent=96040"}],"wp:term":[{"taxonomy":"category","embeddable":true,"href":"https:\/\/enolife.com.ar\/es\/wp-json\/wp\/v2\/categories?post=96040"},{"taxonomy":"post_tag","embeddable":true,"href":"https:\/\/enolife.com.ar\/es\/wp-json\/wp\/v2\/tags?post=96040"}],"curies":[{"name":"wp","href":"https:\/\/api.w.org\/{rel}","templated":true}]}}