{"id":95983,"date":"2023-06-30T20:04:11","date_gmt":"2023-06-30T20:04:11","guid":{"rendered":"https:\/\/enolife.com.ar\/es\/?p=95983"},"modified":"2023-07-03T01:09:49","modified_gmt":"2023-07-03T01:09:49","slug":"walter-bressia-vuelve-a-la-conduccion-de-bodegas-de-argentina-en-reemplazo-de-patricia-ortiz","status":"publish","type":"post","link":"https:\/\/enolife.com.ar\/es\/walter-bressia-vuelve-a-la-conduccion-de-bodegas-de-argentina-en-reemplazo-de-patricia-ortiz\/","title":{"rendered":"Walter Bressia vuelve a la conducci\u00f3n de Bodegas de Argentina en reemplazo de Patricia Ortiz"},"content":{"rendered":"\n<h4 class=\"wp-block-heading\"><em><strong>Ayer 29 de junio de 2023 se realiz\u00f3 la Asamblea de Socios de Bodegas de Argentina y qued\u00f3 conformado el nuevo Directorio de la instituci\u00f3n. En esta oportunidad, la reuni\u00f3n de los directivos de las principales bodegas exportadoras de Argentina se realiz\u00f3 en Bodegas Antigal de Maip\u00fa, Mendoza. Por unanimidad, fue electo como nuevo presidente Walter Bressia (Bodega Grappolo SA), quien as\u00ed retorna al liderazgo de la entidad luego de su anterior gesti\u00f3n, que concluy\u00f3 en 2019. Bressia sustituye en el cargo a Patricia Freuler de Ortiz (Fincas Patag\u00f3nicas SA-Bodega Tapiz), quien se desempe\u00f1\u00f3 en el cargo en los \u00faltimos a\u00f1os.<\/strong><\/em><\/h4>\n\n\n\n<div style=\"height:35px\" aria-hidden=\"true\" class=\"wp-block-spacer\"><\/div>\n\n\n\n\n\n<div style=\"height:45px\" aria-hidden=\"true\" class=\"wp-block-spacer\"><\/div>\n\n\n\n<div style=\"height:\" aria-hidden=\"true\" class=\"wp-block-spacer\"><\/div>\n\n\n\n<p><br>La reuni\u00f3n se desarroll\u00f3 de manera presencial y virtual para permitir la participaci\u00f3n a distancia. A la misma se dieron cita referentes de las empresas socias de todo el pa\u00eds (<strong>Mendoza, San Juan, La Rioja, Salta, Neuqu\u00e9n, Buenos Aires, R\u00edo Negro<\/strong>, entre otras), las que aprobaron memoria, balance y estados contables para el ejercicio 2022, as\u00ed como tambi\u00e9n se conform\u00f3 el nuevo Directorio de la instituci\u00f3n.<\/p>\n\n\n\n<p>En relaci\u00f3n a este encuentro, <strong>Patricia Ortiz<\/strong>, presidenta saliente expres\u00f3: <em>\u201cCelebramos nuestra Asamblea Anual y fue grato repasar no s\u00f3lo la memoria de lo realizado el \u00faltimo ejercicio, sino adem\u00e1s las diferentes situaciones que vivimos durante estos a\u00f1os en los que presid\u00ed Bodegas de Argentina y los logros realizados. Fue un honor para m\u00ed hacerlo y agradezco el apoyo recibido en todo este tiempo\u201d<\/em>.<\/p>\n\n\n\n<div style=\"height:30px\" aria-hidden=\"true\" class=\"wp-block-spacer\"><\/div>\n\n\n<div class=\"wp-block-image\">\n<figure class=\"aligncenter size-full is-resized\"><a href=\"https:\/\/enolife.com.ar\/es\/wp-content\/uploads\/2023\/06\/Asamblea-34-1.jpg\" data-rel=\"penci-gallery-image-content\" ><img loading=\"lazy\" decoding=\"async\" src=\"https:\/\/enolife.com.ar\/es\/wp-content\/uploads\/2023\/06\/Asamblea-34-1.jpg\" alt=\"\" class=\"wp-image-96000\" width=\"606\" height=\"404\" srcset=\"https:\/\/enolife.com.ar\/es\/wp-content\/uploads\/2023\/06\/Asamblea-34-1.jpg 750w, https:\/\/enolife.com.ar\/es\/wp-content\/uploads\/2023\/06\/Asamblea-34-1-300x200.jpg 300w, https:\/\/enolife.com.ar\/es\/wp-content\/uploads\/2023\/06\/Asamblea-34-1-585x390.jpg 585w\" sizes=\"auto, (max-width: 606px) 100vw, 606px\" \/><\/a><figcaption class=\"wp-element-caption\"><strong><em>Walter Bressia, Patricia Ort\u00edz y Milton Kuret<\/em><\/strong><\/figcaption><\/figure><\/div>\n\n\n<div style=\"height:30px\" aria-hidden=\"true\" class=\"wp-block-spacer\"><\/div>\n\n\n\n<p>Por su parte, el nuevo presidente, <strong>Walter Bressi<\/strong>a agreg\u00f3: <em>\u201cEs un orgullo para mi ser nuevamente presidente de la instituci\u00f3n, con el apoyo de mis colegas y el equipo de trabajo, sobre todo en los tiempos dif\u00edciles por los que atraviesa nuestra industria y que representan un verdadero desaf\u00edo para los empresarios del sector\u201d<\/em>.<\/p>\n\n\n\n<div style=\"height:26px\" aria-hidden=\"true\" class=\"wp-block-spacer\"><\/div>\n\n\n\n<p class=\"has-background\" style=\"background-color:#abb7c259\">El Comit\u00e9 Ejecutivo de Bodegas de Argentina qued\u00f3 conformado del siguiente modo:<br><br><strong>Presidente:<\/strong> Walter Bressia Grappolo S.A.<br><strong>Vicepresidente 1\u00ba:<\/strong> Juan Schamber (Grupo Pe\u00f1aflor SA)<br><strong>Vicepresidente 2\u00ba:<\/strong> Alejandro Vigil (Bodegas Esmeralda SA)<br><strong>Secretario:<\/strong> Marcos Jofr\u00e9 (Trivento Bodegas y Vi\u00f1edos SA)<br><strong>Prosecretario:<\/strong> Ramiro Barrios (Clos de los Siete SA)<br><strong>Tesorero:<\/strong> Marcelo Farmache (Artel Inc &#8211; Bodega Piatelli)<br><strong>Protesorero:<\/strong> Emilio Giudice (Bodegas Chandon SA)<br><strong>Vice Presidentes Regionales:<\/strong><br><strong>Neuqu\u00e9n:<\/strong> Julio Viola (Vi\u00f1edos de la Patagonia SRL &#8211; Malma SA)<br><strong>R\u00edo Negro: <\/strong>Guillermo Barzi (h) (Humberto Canale SA)<br><strong>San Juan:<\/strong> Mario Pulenta (Bodegas Augusto Pulenta SA)<br><strong>La Rioja:<\/strong> Oscar Flores (La Riojana Coop Vitivinifrut\u00edcola de La Rioja)<br><strong>Buenos Aires:<\/strong> Rafael Calder\u00f3n (Bodegas Valent\u00edn Bianchi SA)<br><strong>Mendoza Luj\u00e1n:<\/strong> Sebasti\u00e1n Barboza (Lagarde SA)<br><strong>Mendoza Maip\u00fa:<\/strong> Juan Carlos Caselles (Vi\u00f1as del Sol SRL- Bodega Sin Fin)<br><strong>Mendoza Valle de Uco:<\/strong> Eduardo Pulenta (h) (Bodegas y Vi\u00f1edos Hugo y Eduardo Pulenta SA)<br><strong>Mendoza Zona Este:<\/strong> Daniel Gomez (Tittarelli Vitivin\u00edcola y Oliv\u00edcola SA)<br><strong>Mendoza Zona Sur:<\/strong> Alejandro Roca (Roca SA)<br><strong>Representante de Pymes:<\/strong> Claudia Piedrahita (Casarena Vi\u00f1edos y Bodega SA)<br><strong>Ex Presidenta:<\/strong> Patricia Ortiz (Fincas Patag\u00f3nicas SA &#8211; Bodega Tapiz)<\/p>\n\n\n\n<div style=\"height:34px\" aria-hidden=\"true\" class=\"wp-block-spacer\"><\/div>\n\n\n\n<p>Luego de cumplir con la formalidad de la Asamblea, los asistentes compartieron un c\u00f3ctel en las nuevas instalaciones del restaurante y cava de <strong>Bodega Antiga<\/strong>l, recibidos por su anfitriona <strong>Alessandra Cartoni<\/strong>, due\u00f1a de la bodega. <\/p>\n\n\n\n<p>Al encuentro asistieron autoridades nacionales, provinciales y municipales, entre ellos el presidente del Instituto Nacional de Vitivinicultura (INV), <strong>Mart\u00edn Hinojosa<\/strong>, el director de Turismo de Maip\u00fa, <strong>Cristian Garc\u00eda<\/strong>; el presidente de la C\u00e1mara de Bodegueros de San Juan, <strong>Mario Pulenta<\/strong>; el presidente de Aehga, <strong>Edmundo Day<\/strong>, la directora ejecutiva del Mendoza Bureau, <strong>Liliana Ferreyra<\/strong>; el vicepresidente de Wines of Argentina (WOFA), <strong>Mauricio Boullaude<\/strong>, junto a su directora ejecutiva, <strong>Magdalena Pesce<\/strong>; y el vicerrector de la Universidad Nacional de Cuyo, <strong>Gabriel Fidel<\/strong>.<\/p>\n\n\n\n<div style=\"height:28px\" aria-hidden=\"true\" class=\"wp-block-spacer\"><\/div>\n\n\n\n<p class=\"has-medium-font-size\"><strong>Acerca de Bodegas de Argentina<\/strong><\/p>\n\n\n\n<p><strong>Bodegas de Argentina<\/strong> es la c\u00e1mara de la industria del vino de la <strong>Rep\u00fablica Argentina<\/strong>. Fue creada en 2001 por la fusi\u00f3n del <strong>Centro de Bodegueros de Mendoza (1935)<\/strong> y la <strong>Asociaci\u00f3n Vitivin\u00edcola Argentina (1904)<\/strong>. Cuenta con m\u00e1s de 200 bodegas socias de todas las zonas vitivin\u00edcolas del pa\u00eds, nacionales y extranjeras, desde las m\u00e1s tradicionales hasta las m\u00e1s modernas, a las que representa ante diferentes organismos e instituciones. Sus socios constituyen m\u00e1s del 70% del mercado interno y el 90% de las exportaciones de vinos fraccionados de Argentina.<\/p>\n\n\n\n<div style=\"height:38px\" aria-hidden=\"true\" class=\"wp-block-spacer\"><\/div>\n","protected":false},"excerpt":{"rendered":"<p>Ayer 29 de junio de 2023 se realiz\u00f3 la Asamblea de Socios de Bodegas de&hellip;<\/p>\n","protected":false},"author":3,"featured_media":96002,"comment_status":"open","ping_status":"open","sticky":false,"template":"","format":"standard","meta":{"footnotes":""},"categories":[14],"tags":[],"class_list":["post-95983","post","type-post","status-publish","format-standard","has-post-thumbnail","hentry","category-news"],"_links":{"self":[{"href":"https:\/\/enolife.com.ar\/es\/wp-json\/wp\/v2\/posts\/95983","targetHints":{"allow":["GET"]}}],"collection":[{"href":"https:\/\/enolife.com.ar\/es\/wp-json\/wp\/v2\/posts"}],"about":[{"href":"https:\/\/enolife.com.ar\/es\/wp-json\/wp\/v2\/types\/post"}],"author":[{"embeddable":true,"href":"https:\/\/enolife.com.ar\/es\/wp-json\/wp\/v2\/users\/3"}],"replies":[{"embeddable":true,"href":"https:\/\/enolife.com.ar\/es\/wp-json\/wp\/v2\/comments?post=95983"}],"version-history":[{"count":0,"href":"https:\/\/enolife.com.ar\/es\/wp-json\/wp\/v2\/posts\/95983\/revisions"}],"wp:featuredmedia":[{"embeddable":true,"href":"https:\/\/enolife.com.ar\/es\/wp-json\/wp\/v2\/media\/96002"}],"wp:attachment":[{"href":"https:\/\/enolife.com.ar\/es\/wp-json\/wp\/v2\/media?parent=95983"}],"wp:term":[{"taxonomy":"category","embeddable":true,"href":"https:\/\/enolife.com.ar\/es\/wp-json\/wp\/v2\/categories?post=95983"},{"taxonomy":"post_tag","embeddable":true,"href":"https:\/\/enolife.com.ar\/es\/wp-json\/wp\/v2\/tags?post=95983"}],"curies":[{"name":"wp","href":"https:\/\/api.w.org\/{rel}","templated":true}]}}