{"id":9528,"date":"2020-03-17T21:12:37","date_gmt":"2020-03-17T21:12:37","guid":{"rendered":"http:\/\/enolife.com.ar\/es\/?p=9528"},"modified":"2020-03-20T03:04:07","modified_gmt":"2020-03-20T03:04:07","slug":"canilla-libre-por-una-hora-de-un-lambrusco-de-us-19-la-botella-en-un-pueblito-italiano","status":"publish","type":"post","link":"https:\/\/enolife.com.ar\/es\/canilla-libre-por-una-hora-de-un-lambrusco-de-us-19-la-botella-en-un-pueblito-italiano\/","title":{"rendered":"Canilla libre por una hora de un lambrusco de U$S 19 la botella en un pueblito italiano"},"content":{"rendered":"\n<h4 class=\"wp-block-heading\"><em><strong>En Settecano, en la regi\u00f3n vitivin\u00edcola de Emilia-Romagna, una falla en el sistema de ca\u00f1er\u00edas de la bodega Cantina Settecani provoc\u00f3, el 4 de marzo, que en lugar de canalizar el agua hacia la planta de embotellado, el vino comenzara a fluir en direcci\u00f3n opuesta, hacia las casas del pueblo.  <\/strong><\/em><\/h4>\n\n\n\n<div style=\"height:20px\" aria-hidden=\"true\" class=\"wp-block-spacer\"><\/div>\n\n\n\n<p>En tiempos de cuarentena, litros de vino en la canilla de casa no vienen nada mal, sobre todo cuando no necesitamos un \u00abconductor designado\u00bb. As\u00ed amanecieron los habitantes de Settecano cuando al lavarse la cara en la ma\u00f1ana degustaron el inconfundible sabor del&nbsp;Lambrusco Grasparossa Castelvetro Premium.<\/p>\n\n\n\n<div style=\"height:20px\" aria-hidden=\"true\" class=\"wp-block-spacer\"><\/div>\n\n\n\n<div class=\"wp-block-image\"><figure class=\"aligncenter is-resized\"><img loading=\"lazy\" decoding=\"async\" src=\"https:\/\/los40mx00.epimg.net\/los40\/imagenes\/2020\/03\/10\/viral\/1583862270_546017_1583862575_gigante_normal.jpg\" alt=\"Resultado de imagen para settecano italia\" width=\"538\" height=\"244\"\/><\/figure><\/div>\n\n\n\n<div style=\"height:20px\" aria-hidden=\"true\" class=\"wp-block-spacer\"><\/div>\n\n\n\n<p>La bodega local, Cantina Settecani,&nbsp;est\u00e1 conectada a la red p\u00fablica de agua potable de la localidad, y el desperfecto de una de sus v\u00e1lvulas provoc\u00f3 el desv\u00edo del sagrado l\u00edquido de la bodega a las ca\u00f1er\u00edas de los hogares.<\/p>\n\n\n\n<p>El error fue detectado tan s\u00f3lo una hora despu\u00e9s, tiempo suficiente para disfrutar una \u00abcanilla libre\u00bb de un vino de $1.500 la botella. Nada menos que unos&nbsp;1.000 litros fueron los que a los ojos de los lugare\u00f1os se convirtieron en vino, como el milagro atribuido a Jes\u00fas hace m\u00e1s de 2.000 a\u00f1os.<\/p>\n\n\n\n<div style=\"height:20px\" aria-hidden=\"true\" class=\"wp-block-spacer\"><\/div>\n\n\n\n<div class=\"wp-block-image\"><figure class=\"aligncenter is-resized\"><img loading=\"lazy\" decoding=\"async\" src=\"https:\/\/www.laguiadelvaron.com\/wp-content\/uploads\/2020\/03\/gradspar-700x700.jpg\" alt=\"\" width=\"452\" height=\"452\"\/><figcaption><em><strong>\u00a1El vino milagroso!<\/strong><\/em><\/figcaption><\/figure><\/div>\n\n\n\n<div style=\"height:20px\" aria-hidden=\"true\" class=\"wp-block-spacer\"><\/div>\n\n\n\n<p>El municipio local emiti\u00f3 una disculpa en Facebook por el \u00abincidente\u00bb. Pero ning\u00fan vecino se mostr\u00f3 molesto por lo ocurrido. Por el contrario, casi todos lo \u00abtomaron\u00bb de manera festiva.<\/p>\n\n\n\n<div style=\"height:20px\" aria-hidden=\"true\" class=\"wp-block-spacer\"><\/div>\n\n\n\n<figure class=\"wp-block-embed-facebook wp-block-embed is-type-rich is-provider-facebook\"><div class=\"wp-block-embed__wrapper\">\n<div id=\"fb-root\"><\/div><script async=\"1\" defer=\"1\" crossorigin=\"anonymous\" src=\"https:\/\/connect.facebook.net\/es_LA\/sdk.js#xfbml=1&amp;version=v6.0\"><\/script><div class=\"fb-post\" data-href=\"https:\/\/www.facebook.com\/comunedicastelvetrodimodena\/posts\/10157242462879716\" data-width=\"750\"><blockquote cite=\"https:\/\/www.facebook.com\/comunedicastelvetrodimodena\/posts\/10157242462879716\" class=\"fb-xfbml-parse-ignore\"><p>In merito alle segnalazioni giunte sull&#039;impianto idrico di Settecani volevamo informarvi che si \u00e8 trattato di un guasto&#8230;<\/p>Publicado por <a href=\"https:\/\/www.facebook.com\/comunedicastelvetrodimodena\/\">Comune di Castelvetro di Modena<\/a> en&nbsp;<a href=\"https:\/\/www.facebook.com\/comunedicastelvetrodimodena\/posts\/10157242462879716\">Mi\u00e9rcoles, 4 de marzo de 2020<\/a><\/blockquote><\/div>\n<\/div><\/figure>\n\n\n\n<div style=\"height:20px\" aria-hidden=\"true\" class=\"wp-block-spacer\"><\/div>\n\n\n\n<p><strong>Tambi\u00e9n la Bodega emiti\u00f3 su comunicado a trav\u00e9s de las redes:<\/strong><\/p>\n\n\n\n<div style=\"height:20px\" aria-hidden=\"true\" class=\"wp-block-spacer\"><\/div>\n\n\n\n<figure class=\"wp-block-embed-facebook wp-block-embed is-type-rich is-provider-facebook\"><div class=\"wp-block-embed__wrapper\">\n<div id=\"fb-root\"><\/div><script async=\"1\" defer=\"1\" crossorigin=\"anonymous\" src=\"https:\/\/connect.facebook.net\/es_LA\/sdk.js#xfbml=1&amp;version=v6.0\"><\/script><div class=\"fb-post\" data-href=\"https:\/\/www.facebook.com\/cantinasettecani\/posts\/1343163399217726?__tn__=-R\" data-width=\"750\"><blockquote cite=\"https:\/\/www.facebook.com\/cantinasettecani\/posts\/1343163399217726\" class=\"fb-xfbml-parse-ignore\"><p>A causa di un guasto alla valvola del circuito di lavaggio della linea di imbottigliamento, questa mattina da alcuni&#8230;<\/p>Publicado por <a href=\"https:\/\/www.facebook.com\/cantinasettecani\/\">Cantina Settecani Castelvetro<\/a> en&nbsp;<a href=\"https:\/\/www.facebook.com\/cantinasettecani\/posts\/1343163399217726\">Mi\u00e9rcoles, 4 de marzo de 2020<\/a><\/blockquote><\/div>\n<\/div><\/figure>\n\n\n\n<div style=\"height:20px\" aria-hidden=\"true\" class=\"wp-block-spacer\"><\/div>\n\n\n\n<p>Por parte de la empresa responsable,&nbsp;Fabrizio Amorotti, gerente comercial de la bodega, afirm\u00f3  que&nbsp;\u00abno hubo impacto en la salud de las personas. Pedimos disculpas por las molestias, aunque mucha gente&nbsp;lo ha&nbsp;disfrutado\u00bb, compartiendo por Twitter un video que se convirti\u00f3 en el mejor testimonio de este original y gustoso suceso.<\/p>\n\n\n\n<div style=\"height:20px\" aria-hidden=\"true\" class=\"wp-block-spacer\"><\/div>\n\n\n\n<figure class=\"wp-block-embed-twitter wp-block-embed is-type-rich is-provider-twitter\"><div class=\"wp-block-embed__wrapper\">\n<blockquote class=\"twitter-tweet\" data-width=\"550\" data-dnt=\"true\"><p lang=\"it\" dir=\"ltr\">Questo \u00e8 il sogno di ognuno di noi appassionati di <a href=\"https:\/\/twitter.com\/hashtag\/lambrusco?src=hash&amp;ref_src=twsrc%5Etfw\">#lambrusco<\/a>: vino che sgorga dal rubinetto&#8230; i magici scorci di <a href=\"https:\/\/twitter.com\/hashtag\/castelvetro?src=hash&amp;ref_src=twsrc%5Etfw\">#castelvetro<\/a>, non a caso tra i borghi pi\u00f9 belli d\u2019Italia <a href=\"https:\/\/t.co\/ERtxhUYWtZ\">pic.twitter.com\/ERtxhUYWtZ<\/a><\/p>&mdash; Francesco Dondi (@FrancescoDondi) <a href=\"https:\/\/twitter.com\/FrancescoDondi\/status\/1235210147435249664?ref_src=twsrc%5Etfw\">March 4, 2020<\/a><\/blockquote><script async src=\"https:\/\/platform.twitter.com\/widgets.js\" charset=\"utf-8\"><\/script>\n<\/div><\/figure>\n\n\n\n<div style=\"height:20px\" aria-hidden=\"true\" class=\"wp-block-spacer\"><\/div>\n\n\n\n<p class=\"has-background has-luminous-vivid-amber-background-color\"><strong>Y a pesar de la p\u00e9rdida que este incidente pudo significar para esta \u00abcantina\u00bb, ellos mismos tomaron con humor el evento y lo utilizaron para una publicidad muy creativa:<\/strong><\/p>\n\n\n\n<div style=\"height:20px\" aria-hidden=\"true\" class=\"wp-block-spacer\"><\/div>\n\n\n\n<figure class=\"wp-block-embed-facebook wp-block-embed is-type-video is-provider-facebook\"><div class=\"wp-block-embed__wrapper\">\nhttps:\/\/www.facebook.com\/cantinasettecani\/videos\/194231811887082\/?__tn__=-R\n<\/div><\/figure>\n\n\n\n<div style=\"height:69px\" aria-hidden=\"true\" class=\"wp-block-spacer\"><\/div>\n\n\n\n<p>Las redes sociales tambi\u00e9n hicieron eco del hecho: \u00abAhora, a ver que pueden hacer con los panes y los peces\u00bb o \u00ab\u00a1Jefe, hoy no voy a trabajar que estoy embotellando vino en casa!\u00bb fueron algunos de los muchos mensajes de los usuarios en las redes.<\/p>\n\n\n\n<div style=\"height:20px\" aria-hidden=\"true\" class=\"wp-block-spacer\"><\/div>\n\n\n\n<figure class=\"wp-block-embed-twitter wp-block-embed is-type-rich is-provider-twitter\"><div class=\"wp-block-embed__wrapper\">\n<blockquote class=\"twitter-tweet\" data-width=\"550\" data-dnt=\"true\"><p lang=\"es\" dir=\"ltr\">En Italia combaten el coronavirus con lambrusco, a ver si los de la rioja toman ejemplo.<\/p>&mdash; Arare Garc\u00eda (@Arare70) <a href=\"https:\/\/twitter.com\/Arare70\/status\/1236350932021129217?ref_src=twsrc%5Etfw\">March 7, 2020<\/a><\/blockquote><script async src=\"https:\/\/platform.twitter.com\/widgets.js\" charset=\"utf-8\"><\/script>\n<\/div><\/figure>\n\n\n\n<div style=\"height:20px\" aria-hidden=\"true\" class=\"wp-block-spacer\"><\/div>\n\n\n\n<p class=\"has-small-font-size\"><strong><em>Fuentes: Vinetur, Cantina Settecani y Comuna de Settecano.<\/em><\/strong><\/p>\n","protected":false},"excerpt":{"rendered":"<p>En Settecano, en la regi\u00f3n vitivin\u00edcola de Emilia-Romagna, una falla en el sistema de ca\u00f1er\u00edas&hellip;<\/p>\n","protected":false},"author":3,"featured_media":9543,"comment_status":"open","ping_status":"open","sticky":false,"template":"","format":"standard","meta":{"footnotes":""},"categories":[36],"tags":[],"class_list":["post-9528","post","type-post","status-publish","format-standard","has-post-thumbnail","hentry","category-el-pinguino"],"_links":{"self":[{"href":"https:\/\/enolife.com.ar\/es\/wp-json\/wp\/v2\/posts\/9528","targetHints":{"allow":["GET"]}}],"collection":[{"href":"https:\/\/enolife.com.ar\/es\/wp-json\/wp\/v2\/posts"}],"about":[{"href":"https:\/\/enolife.com.ar\/es\/wp-json\/wp\/v2\/types\/post"}],"author":[{"embeddable":true,"href":"https:\/\/enolife.com.ar\/es\/wp-json\/wp\/v2\/users\/3"}],"replies":[{"embeddable":true,"href":"https:\/\/enolife.com.ar\/es\/wp-json\/wp\/v2\/comments?post=9528"}],"version-history":[{"count":0,"href":"https:\/\/enolife.com.ar\/es\/wp-json\/wp\/v2\/posts\/9528\/revisions"}],"wp:featuredmedia":[{"embeddable":true,"href":"https:\/\/enolife.com.ar\/es\/wp-json\/wp\/v2\/media\/9543"}],"wp:attachment":[{"href":"https:\/\/enolife.com.ar\/es\/wp-json\/wp\/v2\/media?parent=9528"}],"wp:term":[{"taxonomy":"category","embeddable":true,"href":"https:\/\/enolife.com.ar\/es\/wp-json\/wp\/v2\/categories?post=9528"},{"taxonomy":"post_tag","embeddable":true,"href":"https:\/\/enolife.com.ar\/es\/wp-json\/wp\/v2\/tags?post=9528"}],"curies":[{"name":"wp","href":"https:\/\/api.w.org\/{rel}","templated":true}]}}