{"id":94699,"date":"2023-06-15T18:00:35","date_gmt":"2023-06-15T18:00:35","guid":{"rendered":"https:\/\/enolife.com.ar\/es\/?p=94699"},"modified":"2023-06-18T13:58:00","modified_gmt":"2023-06-18T13:58:00","slug":"uncuyo-y-el-inta-ponen-en-valor-43-pinturas-ampelograficas-del-artista-honorio-barraquero","status":"publish","type":"post","link":"https:\/\/enolife.com.ar\/es\/uncuyo-y-el-inta-ponen-en-valor-43-pinturas-ampelograficas-del-artista-honorio-barraquero\/","title":{"rendered":"UNCuyo y el INTA ponen en valor 43 pinturas ampelogr\u00e1ficas del artista Honorio Barraquero"},"content":{"rendered":"\n<h4 class=\"wp-block-heading\"><em><strong>Una iniciativa de divulgaci\u00f3n art\u00edstico-cient\u00edfica de la Facultad de Artes y Dise\u00f1o de la Universidad Nacional de Cuyo (UNCuyo) fue una de las 33 elegidas entre 177 participantes de Argentina en el concurso de Proyectos de Cultura Cient\u00edfica 2022-2023 del&nbsp;Ministerio de Ciencia, Tecnolog\u00eda e Innovaci\u00f3n de la Naci\u00f3n, y ser\u00e1 financiado con $3.000.000 para su montaje y exposici\u00f3n al p\u00fablico. La Universidad present\u00f3 el proyecto \u201c\u00d3leos y viticultura: una colecci\u00f3n ampelogr\u00e1fica que habla de pasado y presente a trav\u00e9s del arte y la ciencia\u00bb, fruto del rescate, puesta en valor y ampliaci\u00f3n de contenidos que sus especialistas y alumnos realizaron de una colecci\u00f3n de \u00f3leos del artista mendocino por adopci\u00f3n Honorio Barraquero (1909-1989), la que se encontraba en perfecto estado de conservaci\u00f3n en la Biblioteca del INTA. En el montaje se sumar\u00e1 una infograf\u00eda mural did\u00e1ctica y el conjunto se expondr\u00e1 al p\u00fablico en la sala de degustaci\u00f3n de la bodega de la&nbsp;Estaci\u00f3n Experimental Agropecuaria del INTA Mendoza, en el segundo semestre de este a\u00f1o 2023.<\/strong><\/em><\/h4>\n\n\n\n<div style=\"height:35px\" aria-hidden=\"true\" class=\"wp-block-spacer\"><\/div>\n\n\n\n\n\n<div style=\"height:45px\" aria-hidden=\"true\" class=\"wp-block-spacer\"><\/div>\n\n\n\n<p>El <strong>Ministerio de Ciencia, Tecnolog\u00eda e Innovaci\u00f3n de la Naci\u00f3n<\/strong> public\u00f3 los resultados de la convocatoria de <strong>Proyectos de Cultura Cient\u00edfica 2022-2023<\/strong>, cuyo objetivo declarado ha sido <em>\u00abpromover el desarrollo de actividades orientadas a evidenciar el valor social de la ciencia y la tecnolog\u00eda y fomentar la cultura cient\u00edfica a trav\u00e9s de iniciativas de car\u00e1cter asociativo e interinstitucional en todo el pa\u00eds\u00bb<\/em>.<\/p>\n\n\n\n<p>Los proyectos estuvieron en marcados en dos categor\u00edas, una fue el fortalecimiento de museos de ciencia&nbsp;y la otra es sobre actividades de promoci\u00f3n de la cultura cient\u00edfica, <em>\u00abque apunten a acercar el conocimiento y los desarrollos cient\u00edfico tecnol\u00f3gicos al p\u00fablico en general de una manera clara, amena, rigurosa y accesible con el objetivo de generar conciencia sobre la importancia de la ciencia y la tecnolog\u00eda en el desarrollo econ\u00f3mico y social argentino\u00bb. <\/em><\/p>\n\n\n\n<p>De las 177 propuestas presentadas en todo el pa\u00eds se seleccionaron 33, una de las cuales pertenece a la<strong>&nbsp;Facultad de Artes y Dise\u00f1o de la Universidad Nacional de Cuyo<\/strong> <strong>(FAD)<\/strong>, en conjunto con la <strong>Facultad de Filosof\u00eda y Letras (FFyL)<\/strong> y el <strong>INTA. <\/strong><\/p>\n\n\n\n<p>Enmarcada en la categor\u00eda \u00ab<strong>actividades de promoci\u00f3n de la cultura cient\u00edfica<\/strong>\u00bb y bajo el t\u00edtulo&nbsp;&nbsp;<strong>\u201c\u00d3leos y viticultura: una colecci\u00f3n ampelogr\u00e1fica que habla de pasado y presente a trav\u00e9s del arte y la ciencia<\/strong>\u00ab, se trata de una colecci\u00f3n in\u00e9dita ampelogr\u00e1fica -campo de la bot\u00e1nica que concierne a la identificaci\u00f3n y clasificaci\u00f3n de las vides- de \u00f3leos <strong>del artista mendocino Honorio Barraquero<\/strong> y una infograf\u00eda mural con su correspondiente soporte t\u00e9cnico-pedag\u00f3gico. <\/p>\n\n\n\n<p>La muestra abarcar\u00e1 desde los inicios de la vitivinicultura en Mendoza y destacar\u00e1 el contenido art\u00edstico cient\u00edfico que expresa la obra de Barraquero, en la que a partir de 43 \u00f3leos permitir\u00e1 poner en valor una mirada creativa e innovadora, en donde el sentido art\u00edstico se entrelaza con la ciencia, la historia y la tecnolog\u00eda. Si bien todav\u00eda no hay fecha definida, se espera montar la muestra durante el segundo semestre del 2023.<\/p>\n\n\n\n<p>La iniciativa <strong>recibir\u00e1&nbsp;$3.000.000<\/strong> con el fin de que se pueda montar <strong>una muestra abierta a todo p\u00fablico, la que se ubicar\u00e1 en la sala de degustaci\u00f3n de la bodega de la&nbsp;Estaci\u00f3n Experimental Agropecuaria del INTA Mendoza<\/strong>,<strong> Luj\u00e1n, Mendoza. <\/strong>El montaje incuye la instalaci\u00f3n de mobiliario, iluminaci\u00f3n y recursos did\u00e1cticos para la exhibici\u00f3n y realizaci\u00f3n de un ciclo de charlas educativas y el subsidio es aplicable para la financiaci\u00f3n de hasta el 75% del costo total del proyecto, mientras que la instituci\u00f3n beneficiaria aporta el 25% restante -como contraparte- para su concreci\u00f3n.<\/p>\n\n\n\n<div style=\"height:35px\" aria-hidden=\"true\" class=\"wp-block-spacer\"><\/div>\n\n\n\n<p class=\"has-medium-font-size\"><strong>Equipo de trabajo<\/strong><\/p>\n\n\n\n<p>Bajo la direcci\u00f3n de <strong>Alejandro Iglesias<\/strong> y la coordinaci\u00f3n del \u00c1rea de Innovaci\u00f3n y Desarrollo de la FAD, llevar\u00e1n adelante este proyecto profesionales de esa facultad, de FFyL y de INTA:&nbsp;<strong>Patricia Favre, Luis Gattas, Adriana Arenas,&nbsp;Daniel Grilli,&nbsp;Roc\u00edo Torres, Martina Bruccoleri, Mariana Antoni<\/strong>o,&nbsp;el estudiante de Historia del Arte <strong>Lucas S\u00e1nchez Riesco<\/strong>, entre otros especialistas.<\/p>\n\n\n\n<div style=\"height:30px\" aria-hidden=\"true\" class=\"wp-block-spacer\"><\/div>\n\n\n<div class=\"wp-block-image\">\n<figure class=\"aligncenter size-full is-resized\"><a href=\"https:\/\/enolife.com.ar\/es\/wp-content\/uploads\/2023\/06\/equipo-oleos_900_750.jpg\" data-rel=\"penci-gallery-image-content\" ><img loading=\"lazy\" decoding=\"async\" src=\"https:\/\/enolife.com.ar\/es\/wp-content\/uploads\/2023\/06\/equipo-oleos_900_750.jpg\" alt=\"\" class=\"wp-image-94749\" width=\"636\" height=\"458\" srcset=\"https:\/\/enolife.com.ar\/es\/wp-content\/uploads\/2023\/06\/equipo-oleos_900_750.jpg 557w, https:\/\/enolife.com.ar\/es\/wp-content\/uploads\/2023\/06\/equipo-oleos_900_750-300x216.jpg 300w\" sizes=\"auto, (max-width: 636px) 100vw, 636px\" \/><\/a><figcaption class=\"wp-element-caption\"><em><strong>El equipo de trabajo del Proyecto \u201c\u00d3leos y viticultura: una colecci\u00f3n ampelogr\u00e1fica que habla de pasado y presente a trav\u00e9s del arte y la ciencia\u00bb<\/strong><\/em><\/figcaption><\/figure><\/div>\n\n\n<div style=\"height:30px\" aria-hidden=\"true\" class=\"wp-block-spacer\"><\/div>\n\n\n\n<p>En cuanto al trabajo en este sentido, se est\u00e1 elaborando un cat\u00e1logo con formato de libro que comprender\u00e1:<\/p>\n\n\n\n<ul class=\"wp-block-list\">\n<li>La ampelograf\u00eda en Mendoza y el papel del INTA.<\/li>\n\n\n\n<li>Biograf\u00eda y producci\u00f3n art\u00edstica de Honorio Barraquero<\/li>\n\n\n\n<li>Los varietales criollos y su importancia regional<\/li>\n\n\n\n<li>Fichas del \u00e1lbum de uvas europeas<\/li>\n\n\n\n<li>Fichas del \u00e1lbum de uvas criollas<\/li>\n<\/ul>\n\n\n\n<p>Junto a este estudio, tambi\u00e9n se desarrollar\u00e1 una&nbsp;<strong>l\u00ednea de tiempo sobre la historia de la vitivinicultura en Mendoza<\/strong>&nbsp;que acompa\u00f1ar\u00e1 el montaje de las obras, atendiendo a un recorrido hist\u00f3rico-pedag\u00f3gico que articule la colecci\u00f3n con otros usos del espacio (cursos de degustaci\u00f3n, charlas, encuentros, etc\u00e9tera)<\/p>\n\n\n\n<p>La&nbsp;<strong>propuesta de montaje de la colecci\u00f3n<\/strong>&nbsp;ha resultado de un interesante y complejo proceso de an\u00e1lisis de los distintos espacios existentes en la&nbsp;Estaci\u00f3n Experimental Agropecuaria Mendoza del Instituto Nacional de Tecnolog\u00eda Agropecuaria&nbsp;(EEA INTA Mendoza), sus funciones y condiciones (accesibilidad, dimensiones e&nbsp;iluminaci\u00f3n). Como parte de este proceso se defini\u00f3 la ubicaci\u00f3n de la colecci\u00f3n en el espacio actualmente conocido como Sala de Degustaci\u00f3n que comprende dos secciones, uno equipado para degustaci\u00f3n y otro que no posee una funci\u00f3n en particular y es usado como lugar de reuni\u00f3n. Aunque se trata de ambiente alargado y estrecho, se vincula muy bien con otros sectores de visita al p\u00fablico. Este espacio ser\u00e1 adecuado mediante mobiliario, iluminaci\u00f3n y recursos did\u00e1cticos para la exhibici\u00f3n de la colecci\u00f3n en forma permanente.<\/p>\n\n\n\n<p>La iniciativa&nbsp;se caracteriza como \u201ccolecci\u00f3n museable\u201d por resultar un conjunto de elementos de enorme inter\u00e9s cient\u00edfico y productivo, como tambi\u00e9n hist\u00f3rico y art\u00edstico. En este sentido, la colecci\u00f3n de ampelograf\u00edas pintadas por Honorio Barraquero constituye un recurso de valor art\u00edstico, cient\u00edfico, hist\u00f3rico y patrimonial excepcional en el \u00e1mbito nacional. Dicha colecci\u00f3n puede ser articulada con la visita al sector de cultivos de varietales criollos que desarrolla la instituci\u00f3n.<\/p>\n\n\n\n<div style=\"height:35px\" aria-hidden=\"true\" class=\"wp-block-spacer\"><\/div>\n\n\n\n<p class=\"has-medium-font-size\"><strong>Inicio del proyecto<\/strong><\/p>\n\n\n\n<p>En el a\u00f1o 2020, desde la EEA INTA Mendoza se establece el inter\u00e9s por conocer el origen y posible valor art\u00edstico de dos \u00e1lbumes ampelogr\u00e1ficos existentes en la Biblioteca de la Instituci\u00f3n, que constituyen pinturas de varietales de uvas. Desde el INTA se tom\u00f3 contacto con la Facultad de Artes y Dise\u00f1o de la Universidad Nacional de Cuyo para tener la opini\u00f3n de especialistas. En octubre del mismo a\u00f1o&nbsp;se realiz\u00f3 un primer relevamiento t\u00e9cnico y fotogr\u00e1fico. De all\u00ed se pudo establecer que el material existente consiste en:<\/p>\n\n\n\n<p>&#8211; \u00c1lbum de uvas europeas con 18 l\u00e1minas pintadas al \u00f3leo sobre tela de c\u00e1\u00f1amo<br>&#8211; \u00c1lbum de uvas criollas con 25 l\u00e1minas pintadas al \u00f3leo sobre tela de c\u00e1\u00f1amo<\/p>\n\n\n\n<p>Ambos \u00e1lbumes fueron realizados por el artista mendocino Honorio Barraquero, seg\u00fan se constata en las firmas se las l\u00e1minas. Con informaci\u00f3n de los profesionales de INTA se pudo establecer como fecha aproximada de realizaci\u00f3n 1950.<\/p>\n\n\n\n<p>A partir de entonces, se conform\u00f3 un equipo de profesionales multidisciplinario para analizar en profundidad las obras y considerar el destino de las mismas. Se firm\u00f3 un Convenio entre ambas instituciones, cuya tarea se dio inicio en 2021. La continuidad de medidas de seguridad de la pandemia provoc\u00f3 que las tareas se desarrollaran a partir del a\u00f1o 2022.<\/p>\n\n\n\n<div style=\"height:35px\" aria-hidden=\"true\" class=\"wp-block-spacer\"><\/div>\n\n\n\n<p class=\"has-medium-font-size\"><strong>Honorio Barraquero<\/strong><\/p>\n\n\n<div class=\"wp-block-image\">\n<figure class=\"alignleft size-full is-resized\"><a href=\"https:\/\/enolife.com.ar\/es\/wp-content\/uploads\/2023\/06\/image-16.png\" data-rel=\"penci-gallery-image-content\" ><img loading=\"lazy\" decoding=\"async\" src=\"https:\/\/enolife.com.ar\/es\/wp-content\/uploads\/2023\/06\/image-16.png\" alt=\"\" class=\"wp-image-94746\" width=\"250\" height=\"334\" srcset=\"https:\/\/enolife.com.ar\/es\/wp-content\/uploads\/2023\/06\/image-16.png 506w, https:\/\/enolife.com.ar\/es\/wp-content\/uploads\/2023\/06\/image-16-224x300.png 224w\" sizes=\"auto, (max-width: 250px) 100vw, 250px\" \/><\/a><figcaption class=\"wp-element-caption\"><em><strong>\u00abSan Mart\u00edn en Gran Bourg\u00bb \u00d3leo sobre tela, una de las obras m\u00e1s conocidas de Barraquero<\/strong><\/em><\/figcaption><\/figure><\/div>\n\n\n<p>De familia argentina, nacido en Espa\u00f1a en 1909 y fallecido en Mendoza en 1989, residi\u00f3 sus primeros a\u00f1os en Francia, pasando luego a Argentina donde realiz\u00f3 sus estudios y formaci\u00f3n art\u00edstica. <\/p>\n\n\n\n<p>Argentino por opci\u00f3n y mendocino por adopci\u00f3n, fue dibujante, pintor retratista y paisajista. En la d\u00e9cada del 40 su quehacer fue intenso, como docente, pintor, colaborador en peri\u00f3dicos y revistas sobre arte. Previo a sus exhibiciones dict\u00f3 algunas conferencias sobre temas art\u00edsticos, y ocup\u00f3 el cargo de Presidente de la Sociedad de Artistas Pl\u00e1sticos de Mendoza. <\/p>\n\n\n\n<p>Particip\u00f3 en distintas exposiciones individuales en el interior del pa\u00eds, en R\u00edo de Janeiro y San Pablo, Brasil; y concurri\u00f3 a numerosos Salones en el interior. Se distingui\u00f3 como paisajista y retratista dentro del naturalismo con matriz impresionista, y como difusor de la cultura est\u00e9tica por medio de ensayos, conferencias y publicaciones.<\/p>\n\n\n\n<div style=\"height:27px\" aria-hidden=\"true\" class=\"wp-block-spacer\"><\/div>\n\n\n\n<p class=\"has-small-font-size\"><em><strong> Fuente: fad.uncuyo.edu.ar<\/strong><\/em><\/p>\n\n\n\n<div style=\"height:31px\" aria-hidden=\"true\" class=\"wp-block-spacer\"><\/div>\n","protected":false},"excerpt":{"rendered":"<p>Una iniciativa de divulgaci\u00f3n art\u00edstico-cient\u00edfica de la Facultad de Artes y Dise\u00f1o de la Universidad&hellip;<\/p>\n","protected":false},"author":3,"featured_media":94742,"comment_status":"open","ping_status":"open","sticky":false,"template":"","format":"standard","meta":{"footnotes":""},"categories":[34,14],"tags":[],"class_list":["post-94699","post","type-post","status-publish","format-standard","has-post-thumbnail","hentry","category-cultura1","category-news"],"_links":{"self":[{"href":"https:\/\/enolife.com.ar\/es\/wp-json\/wp\/v2\/posts\/94699","targetHints":{"allow":["GET"]}}],"collection":[{"href":"https:\/\/enolife.com.ar\/es\/wp-json\/wp\/v2\/posts"}],"about":[{"href":"https:\/\/enolife.com.ar\/es\/wp-json\/wp\/v2\/types\/post"}],"author":[{"embeddable":true,"href":"https:\/\/enolife.com.ar\/es\/wp-json\/wp\/v2\/users\/3"}],"replies":[{"embeddable":true,"href":"https:\/\/enolife.com.ar\/es\/wp-json\/wp\/v2\/comments?post=94699"}],"version-history":[{"count":0,"href":"https:\/\/enolife.com.ar\/es\/wp-json\/wp\/v2\/posts\/94699\/revisions"}],"wp:featuredmedia":[{"embeddable":true,"href":"https:\/\/enolife.com.ar\/es\/wp-json\/wp\/v2\/media\/94742"}],"wp:attachment":[{"href":"https:\/\/enolife.com.ar\/es\/wp-json\/wp\/v2\/media?parent=94699"}],"wp:term":[{"taxonomy":"category","embeddable":true,"href":"https:\/\/enolife.com.ar\/es\/wp-json\/wp\/v2\/categories?post=94699"},{"taxonomy":"post_tag","embeddable":true,"href":"https:\/\/enolife.com.ar\/es\/wp-json\/wp\/v2\/tags?post=94699"}],"curies":[{"name":"wp","href":"https:\/\/api.w.org\/{rel}","templated":true}]}}