{"id":94444,"date":"2023-06-12T02:35:00","date_gmt":"2023-06-12T02:35:00","guid":{"rendered":"https:\/\/enolife.com.ar\/es\/?p=94444"},"modified":"2023-06-13T23:33:29","modified_gmt":"2023-06-13T23:33:29","slug":"en-2023-el-31-de-la-produccion-vitivinicola-de-uruguay-certificara-como-ecologica-y-sustentable","status":"publish","type":"post","link":"https:\/\/enolife.com.ar\/es\/en-2023-el-31-de-la-produccion-vitivinicola-de-uruguay-certificara-como-ecologica-y-sustentable\/","title":{"rendered":"En 2023, el 31% de la producci\u00f3n vitivin\u00edcola de Uruguay certificar\u00e1 como ecol\u00f3gica y sustentable"},"content":{"rendered":"\n<h4 class=\"wp-block-heading\"><em><strong>En 2023, 1.846 hect\u00e1reas de <em><strong>162 vi\u00f1edos uruguayos<\/strong><\/em> -que representan el 31% del total plantado en el pa\u00eds- contar\u00e1n con la certificaci\u00f3n del Programa Nacional de Vitivinicultura Sostenible, y unas 30 bodegas estar\u00e1n habilitadas a identificar sus vinos con el sello&nbsp;Sustainable Winegrowing Uruguay Certified. Estas cifras fueron divulgadas el 24\/5 en la jornada t\u00e9cnica de cierre del proyecto \u00abFondo de Promoci\u00f3n de Tecnolog\u00eda Agropecuaria (FPTA) 353\u00bb, llevado adelante por la Federaci\u00f3n Uruguaya de Centros Regionales de Experimentaci\u00f3n Agropecuaria (Fucrea), que deja en manos del Instituto Nacional de Vitivinicultura (Inavi) la ejecuci\u00f3n y consolidaci\u00f3n del programa.<\/strong><\/em><\/h4>\n\n\n\n<div style=\"height:30px\" aria-hidden=\"true\" class=\"wp-block-spacer\"><\/div>\n\n\n\n\n\n<div style=\"height:45px\" aria-hidden=\"true\" class=\"wp-block-spacer\"><\/div>\n\n\n\n<p>Con el desaf\u00edo de contribuir al desarrollo de sistemas de producci\u00f3n m\u00e1s sustentables, el <strong>proyecto FPTA 353 <\/strong>se basa en actualizar, difundir y aplicar la norma de <strong>Producci\u00f3n Integrada (PI)<\/strong> de uva para vino, alineada con las exigencias de los mercados internacionales. La ejecuci\u00f3n del proyecto, que comenz\u00f3 hace 4 a\u00f1os, estuvo a cargo de la <strong>Federaci\u00f3n Uruguaya de Centros Regionales de Experimentaci\u00f3n Agropecuaria (Fucrea)<\/strong> y sus viticultores asociados, adem\u00e1s del <strong>Instituto Nacional de Vitivinicultura (Inavi)<\/strong> y los <strong>Viticultores Cooperativos de Canelones (cooperativa Vicca).<\/strong><\/p>\n\n\n\n<div style=\"height:30px\" aria-hidden=\"true\" class=\"wp-block-spacer\"><\/div>\n\n\n\n<p class=\"has-background\" style=\"background-color:#abb7c242\"><strong>\u00abProducci\u00f3n Integrada\u00bb<\/strong> se define como la producci\u00f3n econ\u00f3mica de alta calidad, para cuya obtenci\u00f3n se dan prioridad a los m\u00e9todos ecol\u00f3gicamente m\u00e1s seguros y se minimizan la utilizaci\u00f3n de agroqu\u00edmicos y sus efectos secundarios negativos, para aumentar la protecci\u00f3n del medio ambiente y de la salud humana.<\/p>\n\n\n\n<div style=\"height:31px\" aria-hidden=\"true\" class=\"wp-block-spacer\"><\/div>\n\n\n\n<p>El objetivo del programa es transparentar los procesos de producci\u00f3n de la uva con la cual se elaboran los vinos y garantizar al consumidor que se han seguido protocolos de producci\u00f3n que buscan el cuidado del medio ambiente, las condiciones del trabajo y la obtenci\u00f3n de materia prima inocua, sin descuidar la viabilidad econ\u00f3mica de los emprendimientos, bases fundamentales que encierra el concepto de sostenibilidad del proceso productivo.<\/p>\n\n\n\n<p>Gracias a ello, los vinos uruguayos est\u00e1n logrando avanzar en est\u00e1ndares de sostenibilidad. La certificaci\u00f3n est\u00e1 a cargo de la empresa uruguaya <strong>LSQA<\/strong>, en asociaci\u00f3n con el <strong>Laboratorio Tecnol\u00f3gico del Uruguay (LATU)<\/strong> y <strong>Quality Austria<\/strong>, entidad de prestigio internacional que garantiza la trazabilidad y el cumplimiento de los procesos preestablecidos.<\/p>\n\n\n\n<div style=\"height:30px\" aria-hidden=\"true\" class=\"wp-block-spacer\"><\/div>\n\n\n\n<h4 class=\"wp-block-heading has-vivid-red-color has-text-color\"><strong>En 2023, 162 vi\u00f1edos ser\u00e1n certificados, lo que representa 1.846 hect\u00e1reas de vi\u00f1a y un 31% del total plantado en el pa\u00eds. A la vez, se espera que 30 bodegas elaboren vino con uva sostenible certificada, lo que permitir\u00e1 el uso del sello en sus botellas.<\/strong><\/h4>\n\n\n\n<div style=\"height:30px\" aria-hidden=\"true\" class=\"wp-block-spacer\"><\/div>\n\n\n\n<p>El 24\/5, durante la jornada de cierre del proyecto, el presidente del<strong> <\/strong>Inavi, el en\u00f3logo <strong>Ricardo Cabrera<\/strong>, destac\u00f3 que la asociaci\u00f3n de esfuerzos, el compromiso y la generosidad de las ideas entre INIA, Fucrea, Cooperativa Vicca e Inavi <em>\u201chicieron posible el Programa de Viticultura Sostenible y demostraron que estamos en el camino correcto. No menos importante ha sido LSQA, en una tarea tan significativa como la certificaci\u00f3n\u201d<\/em>.<\/p>\n\n\n\n<p>Subray\u00f3 adem\u00e1s Cabrera que <em>\u201cel futuro de nuestra producci\u00f3n y elaboraci\u00f3n deben transitar la senda de la sostenibilidad. No hay futuro para nuestros productos si no cumplen con este complemento de la calidad. Nos hemos destacado por vinos de excepcionales perfiles y tipicidades, nos resta el trazo general de lo sostenible. La marca pa\u00eds amparada por este programa que hoy d\u00eda es una realidad en todo el mundo y en poco tiempo ser\u00e1 una saludable obligaci\u00f3n\u201d<\/em>.<\/p>\n\n\n\n<p>Cabrera se\u00f1al\u00f3 a su vez que, tanto el anterior directorio como el actual <em>\u201chan aprobado todas y cada una de las iniciativas, con la sola devoluci\u00f3n de la satisfacci\u00f3n de cumplir cada etapa hacia la responsabilidad de las acciones. No puedo ni debo olvidar la gesti\u00f3n que nos tocar\u00e1 emprender de aqu\u00ed en adelante. Nos encanta el desaf\u00edo de crecer, y haremos todo para que se concrete\u201d<\/em>.<\/p>\n\n\n\n<div style=\"height:30px\" aria-hidden=\"true\" class=\"wp-block-spacer\"><\/div>\n\n\n<div class=\"wp-block-image\">\n<figure class=\"aligncenter size-full is-resized\"><a href=\"https:\/\/enolife.com.ar\/es\/wp-content\/uploads\/2023\/06\/Fw7NBfcWcAI6aci.jpg\" data-rel=\"penci-gallery-image-content\" ><img loading=\"lazy\" decoding=\"async\" src=\"https:\/\/enolife.com.ar\/es\/wp-content\/uploads\/2023\/06\/Fw7NBfcWcAI6aci.jpg\" alt=\"\" class=\"wp-image-94576\" width=\"634\" height=\"400\" srcset=\"https:\/\/enolife.com.ar\/es\/wp-content\/uploads\/2023\/06\/Fw7NBfcWcAI6aci.jpg 793w, https:\/\/enolife.com.ar\/es\/wp-content\/uploads\/2023\/06\/Fw7NBfcWcAI6aci-300x189.jpg 300w, https:\/\/enolife.com.ar\/es\/wp-content\/uploads\/2023\/06\/Fw7NBfcWcAI6aci-768x484.jpg 768w, https:\/\/enolife.com.ar\/es\/wp-content\/uploads\/2023\/06\/Fw7NBfcWcAI6aci-585x369.jpg 585w\" sizes=\"auto, (max-width: 634px) 100vw, 634px\" \/><\/a><figcaption class=\"wp-element-caption\"><em><strong>Jornada t\u00e9cnica de cierre del proyecto FPTA 353<\/strong><\/em>.<\/figcaption><\/figure><\/div>\n\n\n<div style=\"height:30px\" aria-hidden=\"true\" class=\"wp-block-spacer\"><\/div>\n\n\n\n<p>A su turno, el l\u00edder del proyecto, el ingeniero agr\u00f3nomo coordinador de la Sectorial Granja de Fucrea, <strong>Marcelo Buschiazzo, <\/strong>se refiri\u00f3 al desarrollo del programa y a las sugerencias t\u00e9cnicas para que el proyecto siga adelante. En este sentido, se\u00f1al\u00f3 que se trata de una iniciativa justa, que brinda igualdad de oportunidades para los productores, que es seria y cre\u00edble, tanto a la interna como a la externa.<\/p>\n\n\n\n<p><em>\u201cTenemos que lograr el crecimiento del programa, afianzarlo y lograr su madurez, en todos los sentidos. El objetivo est\u00e1 en lograr un programa de viticultura sostenible en desarrollo, porque crecimiento no es lo mismo que desarrollo. Y hay algunos pilares que son fundamentales, que lo fueron durante la marcha del programa y que es importante mantener\u201d<\/em>, indic\u00f3 Buschiazzo. El primero de esos pilares, prosigui\u00f3, <em>\u201ces que sea justo, en el sentido de que quienes se embarcan no sientan que lo hacen por obligaci\u00f3n, considerando aspectos medioambientales, pero sin olvidar los aspectos econ\u00f3micos y empresariales, con igualdad de oportunidades para que todos, sin importar tama\u00f1o, escala, puedan participar. Esa es una de las fortalezas. Si al viticultor le brindamos las condiciones, los apoyos, los mecanismos, es posible que alcancen los resultados\u201d<\/em>.<\/p>\n\n\n\n<p>En cuanto al segundo pilar, indic\u00f3: <em>\u201cDebe ser serio y cre\u00edble. Somos un mercado peque\u00f1o, en relaci\u00f3n a otras vitiviniculturas en el mundo. No tiene sentido atomizar en esfuerzos individuales, por el contrario, tenemos que ser coherentes en el objetivo de que esto siga siendo gestionado por una instituci\u00f3n como INAVI. Nadie m\u00e1s que INAVI, que regula, que promueve, deber\u00eda tener los instrumentos para generar este desarrollo del programa. Habr\u00e1 que visibilizar qu\u00e9 beneficios tiene el programa, para obtener m\u00e1s y mejores oportunidades de negocio. Y para eso tenemos que apostar a la comercializaci\u00f3n. Hay que salir a vender en el mercado interno y el externo. Que el consumidor conozca que existe el programa y el sello\u201d<\/em>.<\/p>\n\n\n\n<div style=\"height:35px\" aria-hidden=\"true\" class=\"wp-block-spacer\"><\/div>\n\n\n\n<figure class=\"wp-block-embed aligncenter is-type-video is-provider-youtube wp-block-embed-youtube wp-embed-aspect-16-9 wp-has-aspect-ratio\"><div class=\"wp-block-embed__wrapper\">\n<iframe loading=\"lazy\" title=\"Un futuro Sostenible\" width=\"1170\" height=\"658\" src=\"https:\/\/www.youtube.com\/embed\/Y211uiZGoDM?feature=oembed\" frameborder=\"0\" allow=\"accelerometer; autoplay; clipboard-write; encrypted-media; gyroscope; picture-in-picture; web-share\" allowfullscreen><\/iframe>\n<\/div><\/figure>\n\n\n\n<div style=\"height:35px\" aria-hidden=\"true\" class=\"wp-block-spacer\"><\/div>\n\n\n\n<p class=\"has-medium-font-size\"><strong>Proyecto FPTA 353<\/strong><\/p>\n\n\n\n<p>La propuesta, titulada <strong>\u00abAjuste, difusi\u00f3n y aplicaci\u00f3n de la normativa de producci\u00f3n integrada para uvas de vino, alineada con exigencias del mercado internacional de vinos\u00bb<\/strong>, tuvo como finalidad avanzar en la difusi\u00f3n y aplicaci\u00f3n, en el sector vit\u00edcola uruguayo, de un sistema de producci\u00f3n sustentable, m\u00e1s amigable con el ambiente, que minimice los riesgos de salud para los operarios y que produzca una fruta inocua como materia prima para la elaboraci\u00f3n de vino. <\/p>\n\n\n\n<p>El proyecto surgi\u00f3 de la necesidad de productores, bodegueros y t\u00e9cnicos vitivin\u00edcolas que buscan mejorar el producto de su actividad y cumplir con las exigencias de los mercados nacionales e internacionales, en los que toman relevancia aspectos referentes a la trazabilidad, residuos de plaguicidas, cuidado del ambiente, seguridad y salud laboral y comercio justo. <\/p>\n\n\n\n<p>Las normas de producci\u00f3n integrada vit\u00edcola en Uruguay no han tenido una actualizaci\u00f3n desde el a\u00f1o 2006, lo cual hizo necesario trabajar en ellas como punto de partida de la propuesta. Asimismo -seg\u00fan explica la presentaci\u00f3n del proyecto- el conocimiento que de ellas tiene el sector productor es muy fragmentado y parcial, lo cual limita las oportunidades de colocaci\u00f3n de sus vinos. <\/p>\n\n\n\n<p>Por eso <strong>FPTA 353<\/strong> propuso como objetivos:<\/p>\n\n\n\n<ul class=\"wp-block-list\">\n<li><strong>Actualizar la Norma de Producci\u00f3n Integrada Vit\u00edcola<\/strong>, para lo que se conform\u00f3 un Comit\u00e9 T\u00e9cnico que re\u00fane a todas las instituciones relacionadas al sector, Facultad de Agronom\u00eda (Udelar), INAVI, INIA, Escuela de Enolog\u00eda, Intendencia de Canelones, Direcci\u00f3n General de la Granja y representantes del sector productivo (Centro de Viticultores, Cooperativa VICCA y Grupos CREA Vit\u00edcolas). Esta norma de producci\u00f3n fue puesta en pr\u00e1ctica por 37 productores beneficiarios directos del proyecto en la zafra 2019.<\/li>\n\n\n\n<li><strong>Difundir y promover la aplicaci\u00f3n de esta norma<\/strong> en los dos grupos CREA Vit\u00edcolas y 2 grupos de viticultores integrantes de la Cooperativa VICCA. Culminando con un proceso de certificaci\u00f3n de la producci\u00f3n.<\/li>\n\n\n\n<li><strong>Promover el uso de \u201clechos biol\u00f3gicos\u201d<\/strong> como tecnolog\u00eda para el tratamiento de aguas contaminadas con residuos de plaguicidas, al respecto se edit\u00f3 material de divulgaci\u00f3n especificando las caracter\u00edsticas de esta tecnolog\u00eda, dise\u00f1o, formas de construcci\u00f3n, manejo, mantenimiento y resultados logrados.<\/li>\n\n\n\n<li><strong>Avanzar en un modelo de gesti\u00f3n econ\u00f3mica mas ajustado a la realidad de la producci\u00f3n vit\u00edcola <\/strong>que incluya estado patrimonial y financiero de las empresas, resultado econ\u00f3mico, uso de fuente de fondos. Esto no solo brinda datos relevantes para la toma de decisiones del viticultor, sino que tambi\u00e9n permite evaluar comparativamente el resultado econ\u00f3mico del sistema productivo que se propone a trav\u00e9s de la norma de producci\u00f3n integrada.<\/li>\n\n\n\n<li><strong>Generar \u00edndices de sustentabilidad <\/strong>que permitan describir la realidad de nuestro sector vit\u00edcola.<\/li>\n\n\n\n<li><strong>Difundir a nivel del sector vit\u00edcola la metodolog\u00eda CREA<\/strong> de trabajo con grupo de productores.<\/li>\n<\/ul>\n\n\n\n<div style=\"height:25px\" aria-hidden=\"true\" class=\"wp-block-spacer\"><\/div>\n\n\n\n<ul class=\"wp-block-list\">\n<li><\/li>\n<\/ul>\n\n\n\n<p class=\"has-small-font-size\"><em><strong>Fuentes: Inavi y Fucrea<\/strong><\/em><\/p>\n\n\n\n<div style=\"height:30px\" aria-hidden=\"true\" class=\"wp-block-spacer\"><\/div>\n","protected":false},"excerpt":{"rendered":"<p>En 2023, 1.846 hect\u00e1reas de 162 vi\u00f1edos uruguayos -que representan el 31% del total plantado&hellip;<\/p>\n","protected":false},"author":3,"featured_media":94583,"comment_status":"open","ping_status":"open","sticky":false,"template":"","format":"standard","meta":{"footnotes":""},"categories":[14],"tags":[],"class_list":["post-94444","post","type-post","status-publish","format-standard","has-post-thumbnail","hentry","category-news"],"_links":{"self":[{"href":"https:\/\/enolife.com.ar\/es\/wp-json\/wp\/v2\/posts\/94444","targetHints":{"allow":["GET"]}}],"collection":[{"href":"https:\/\/enolife.com.ar\/es\/wp-json\/wp\/v2\/posts"}],"about":[{"href":"https:\/\/enolife.com.ar\/es\/wp-json\/wp\/v2\/types\/post"}],"author":[{"embeddable":true,"href":"https:\/\/enolife.com.ar\/es\/wp-json\/wp\/v2\/users\/3"}],"replies":[{"embeddable":true,"href":"https:\/\/enolife.com.ar\/es\/wp-json\/wp\/v2\/comments?post=94444"}],"version-history":[{"count":0,"href":"https:\/\/enolife.com.ar\/es\/wp-json\/wp\/v2\/posts\/94444\/revisions"}],"wp:featuredmedia":[{"embeddable":true,"href":"https:\/\/enolife.com.ar\/es\/wp-json\/wp\/v2\/media\/94583"}],"wp:attachment":[{"href":"https:\/\/enolife.com.ar\/es\/wp-json\/wp\/v2\/media?parent=94444"}],"wp:term":[{"taxonomy":"category","embeddable":true,"href":"https:\/\/enolife.com.ar\/es\/wp-json\/wp\/v2\/categories?post=94444"},{"taxonomy":"post_tag","embeddable":true,"href":"https:\/\/enolife.com.ar\/es\/wp-json\/wp\/v2\/tags?post=94444"}],"curies":[{"name":"wp","href":"https:\/\/api.w.org\/{rel}","templated":true}]}}