{"id":94330,"date":"2023-06-09T15:22:35","date_gmt":"2023-06-09T15:22:35","guid":{"rendered":"https:\/\/enolife.com.ar\/es\/?p=94330"},"modified":"2023-06-12T12:44:24","modified_gmt":"2023-06-12T12:44:24","slug":"nuevo-director-en-la-oiv-el-abogado-neozelandes-john-barker-releva-al-biologo-espanol-pau-roca","status":"publish","type":"post","link":"https:\/\/enolife.com.ar\/es\/nuevo-director-en-la-oiv-el-abogado-neozelandes-john-barker-releva-al-biologo-espanol-pau-roca\/","title":{"rendered":"Nuevo director en la OIV: el abogado neozeland\u00e9s John Barker releva al bi\u00f3logo espa\u00f1ol Pau Roca"},"content":{"rendered":"\n<h4 class=\"wp-block-heading\"><em><strong>La 21 Asamblea General de la Organizaci\u00f3n Internacional de la Vid y el Vino (OIV), reunida en Jerez de la Frontera, Espa\u00f1a, eligi\u00f3 en la ma\u00f1ana de hoy, 9\/6\/23, al doctor en leyes John Barker, de Nueva Zelanda, como su nuevo director general, en reemplazo del licenciado en Ciencias Biol\u00f3gicas espa\u00f1ol Pau Roca. Con 139 votos del total de 143 votos ponderados, un total de 46 de los 47 Estados miembros votaron por el neozeland\u00e9s. El nuevo l\u00edder iniciar\u00e1 su mandato en enero de 2024, \u00abA\u00f1o Internacional de la Vi\u00f1a y el Vino\u00bb, cuando la organizaci\u00f3n celebre su centenario.<\/strong><\/em><\/h4>\n\n\n\n<div style=\"height:35px\" aria-hidden=\"true\" class=\"wp-block-spacer\"><\/div>\n\n\n\n\n\n<div style=\"height:45px\" aria-hidden=\"true\" class=\"wp-block-spacer\"><\/div>\n\n\n\n<p>El abogado neozeland\u00e9s <strong>John Barker<\/strong> sustituir\u00e1 en el cargo al bi\u00f3logo espa\u00f1ol <strong>Pau Roca<\/strong>. La votaci\u00f3n se realiz\u00f3 esta ma\u00f1ana en la 21 Asamblea General de la <strong>Organizaci\u00f3n Internacional de la Vid y el Vino (OIV)<\/strong>, reunida en Jerez de la Frontera, Espa\u00f1a, y el ganador fue electo con 139,4 del total de 142,8 votos ponderados, emitidos por 46 de los 47 Estados miembros de la OIV. <\/p>\n\n\n\n<p>Barker naci\u00f3 el 7 de octubre de 1968. Obtuvo su licenciatura en Derecho y Artes en la Universidad de Auckland, Nueva Zelanda, donde concluy\u00f3 una investigaci\u00f3n doctoral en Derecho y Geograf\u00eda, titulada: \u00abMundos diferentes: el Derecho y las cambiantes geograf\u00edas del vino en Francia y Nueva Zelanda\u00bb; una tesis doctoral en colaboraci\u00f3n con INRA-Enesad, Universidad de Bourgogne, Dijon, Francia, desde donde dirigir\u00e1 la Organizaci\u00f3n durante los pr\u00f3ximos cinco a\u00f1os.<\/p>\n\n\n\n<div style=\"height:30px\" aria-hidden=\"true\" class=\"wp-block-spacer\"><\/div>\n\n\n<div class=\"wp-block-image\">\n<figure class=\"aligncenter size-full\"><a href=\"https:\/\/enolife.com.ar\/es\/wp-content\/uploads\/2023\/06\/FyLFaOiaQAA9orY.jpg\" data-rel=\"penci-gallery-image-content\" ><img loading=\"lazy\" decoding=\"async\" width=\"612\" height=\"500\" src=\"https:\/\/enolife.com.ar\/es\/wp-content\/uploads\/2023\/06\/FyLFaOiaQAA9orY.jpg\" alt=\"\" class=\"wp-image-94339\" srcset=\"https:\/\/enolife.com.ar\/es\/wp-content\/uploads\/2023\/06\/FyLFaOiaQAA9orY.jpg 612w, https:\/\/enolife.com.ar\/es\/wp-content\/uploads\/2023\/06\/FyLFaOiaQAA9orY-300x245.jpg 300w, https:\/\/enolife.com.ar\/es\/wp-content\/uploads\/2023\/06\/FyLFaOiaQAA9orY-585x478.jpg 585w\" sizes=\"auto, (max-width: 612px) 100vw, 612px\" \/><\/a><figcaption class=\"wp-element-caption\"><em><strong>Resultado de la elecci\u00f3n para director general de la OIV<\/strong><\/em>.<\/figcaption><\/figure><\/div>\n\n\n<div style=\"height:30px\" aria-hidden=\"true\" class=\"wp-block-spacer\"><\/div>\n\n\n\n<p>Barker es consultor e investigador con m\u00e1s de 20 a\u00f1os de experiencia en el sector de alimentos y bebidas, especializado en vinos. Como director de <strong>John Barker Law<\/strong>, asesora a clientes de alimentos y bebidas de todo el mundo sobre asuntos legales y estrat\u00e9gicos, que van desde las principales empresas y organizaciones internacionales hasta productores boutique.<\/p>\n\n\n\n<div style=\"height:30px\" aria-hidden=\"true\" class=\"wp-block-spacer\"><\/div>\n\n\n<div class=\"wp-block-image\">\n<figure class=\"aligncenter size-full is-resized\"><a href=\"https:\/\/enolife.com.ar\/es\/wp-content\/uploads\/2023\/06\/1686312540497.jpg\" data-rel=\"penci-gallery-image-content\" ><img loading=\"lazy\" decoding=\"async\" src=\"https:\/\/enolife.com.ar\/es\/wp-content\/uploads\/2023\/06\/1686312540497.jpg\" alt=\"\" class=\"wp-image-94388\" width=\"606\" height=\"417\" srcset=\"https:\/\/enolife.com.ar\/es\/wp-content\/uploads\/2023\/06\/1686312540497.jpg 869w, https:\/\/enolife.com.ar\/es\/wp-content\/uploads\/2023\/06\/1686312540497-300x207.jpg 300w, https:\/\/enolife.com.ar\/es\/wp-content\/uploads\/2023\/06\/1686312540497-768x530.jpg 768w, https:\/\/enolife.com.ar\/es\/wp-content\/uploads\/2023\/06\/1686312540497-585x404.jpg 585w\" sizes=\"auto, (max-width: 606px) 100vw, 606px\" \/><\/a><figcaption class=\"wp-element-caption\"><em><strong>Pau Roca junto a Jhon Barker durante la jornada de la Asamblea de la OIV<\/strong><\/em><\/figcaption><\/figure><\/div>\n\n\n<div style=\"height:30px\" aria-hidden=\"true\" class=\"wp-block-spacer\"><\/div>\n\n\n\n<p>Conoce la OIV desde su n\u00facleo, comenzando como experto neozeland\u00e9s en 2005, presidiendo la Comisi\u00f3n de Derecho y Econom\u00eda (2009-12), asumiendo despu\u00e9s el papel de vicepresidente de la Comisi\u00f3n (2012-2014). Tras presentarse como postulante al cargo de director general en 2018, continu\u00f3 su labor como experto de la OIV y como reconocido abogado especializado en vinos.<\/p>\n\n\n<div class=\"wp-block-image\">\n<figure class=\"alignleft size-full is-resized\"><a href=\"https:\/\/enolife.com.ar\/es\/wp-content\/uploads\/2023\/06\/FyLUg-UakAACjJk.jpg\" data-rel=\"penci-gallery-image-content\" ><img loading=\"lazy\" decoding=\"async\" src=\"https:\/\/enolife.com.ar\/es\/wp-content\/uploads\/2023\/06\/FyLUg-UakAACjJk.jpg\" alt=\"\" class=\"wp-image-94345\" width=\"233\" height=\"300\" srcset=\"https:\/\/enolife.com.ar\/es\/wp-content\/uploads\/2023\/06\/FyLUg-UakAACjJk.jpg 389w, https:\/\/enolife.com.ar\/es\/wp-content\/uploads\/2023\/06\/FyLUg-UakAACjJk-233x300.jpg 233w\" sizes=\"auto, (max-width: 233px) 100vw, 233px\" \/><\/a><figcaption class=\"wp-element-caption\"><em><strong> John Barker<\/strong><\/em><\/figcaption><\/figure><\/div>\n\n\n<p>Ha compaginado su papel como experto y presidente de la comisi\u00f3n con su trabajo como Director General de Abogac\u00eda de New Zealand Winegrowers (2004-2014). Durante esos a\u00f1os, fue responsable de gestionar la relaci\u00f3n con el gobierno y las partes interesadas del sector, los asuntos internacionales, todas las cuestiones reglamentarias y de afiliaci\u00f3n que afectan al sector vitivin\u00edcola, y el servicio de certificaci\u00f3n de exportaci\u00f3n de vinos.<\/p>\n\n\n\n<p>Como consultor en su funci\u00f3n actual, ha asesorado a clientes de numerosos pa\u00edses, entre ellos Nueva Zelanda, Australia, Reino Unido, Estados Unidos, Francia, Georgia, Moldavia, Canad\u00e1, Singapur y Jap\u00f3n.<\/p>\n\n\n\n<p><em>\u00abEl poder de la OIV es que puede tomar la iniciativa en cada uno de estos elementos a nivel intergubernamental internacional. Para m\u00ed, personalmente, es muy motivador tener la oportunidad de aportar mi experiencia y compromiso a una organizaci\u00f3n como \u00e9sta\u00bb<\/em>, declar\u00f3 Barker en su discurso de candidatura.<\/p>\n\n\n\n<p>&nbsp;<em>\u00abQuiero expresar mi gratitud a los miembros por la confianza depositada en m\u00ed para asumir el cargo de DG en 2024.&nbsp; Ser\u00e1 un gran privilegio servir a la OIV&#8230; y espero trabajar con ustedes y hacer progresar los intereses de la OIV y del sector de la vid y el vino en el a\u00f1o del centenario\u00bb<\/em>, concluy\u00f3 Barker en su discurso de aceptaci\u00f3n.<\/p>\n\n\n\n<div style=\"height:45px\" aria-hidden=\"true\" class=\"wp-block-spacer\"><\/div>\n","protected":false},"excerpt":{"rendered":"<p>La 21 Asamblea General de la Organizaci\u00f3n Internacional de la Vid y el Vino (OIV),&hellip;<\/p>\n","protected":false},"author":3,"featured_media":94338,"comment_status":"open","ping_status":"open","sticky":false,"template":"","format":"standard","meta":{"footnotes":""},"categories":[14],"tags":[],"class_list":["post-94330","post","type-post","status-publish","format-standard","has-post-thumbnail","hentry","category-news"],"_links":{"self":[{"href":"https:\/\/enolife.com.ar\/es\/wp-json\/wp\/v2\/posts\/94330","targetHints":{"allow":["GET"]}}],"collection":[{"href":"https:\/\/enolife.com.ar\/es\/wp-json\/wp\/v2\/posts"}],"about":[{"href":"https:\/\/enolife.com.ar\/es\/wp-json\/wp\/v2\/types\/post"}],"author":[{"embeddable":true,"href":"https:\/\/enolife.com.ar\/es\/wp-json\/wp\/v2\/users\/3"}],"replies":[{"embeddable":true,"href":"https:\/\/enolife.com.ar\/es\/wp-json\/wp\/v2\/comments?post=94330"}],"version-history":[{"count":0,"href":"https:\/\/enolife.com.ar\/es\/wp-json\/wp\/v2\/posts\/94330\/revisions"}],"wp:featuredmedia":[{"embeddable":true,"href":"https:\/\/enolife.com.ar\/es\/wp-json\/wp\/v2\/media\/94338"}],"wp:attachment":[{"href":"https:\/\/enolife.com.ar\/es\/wp-json\/wp\/v2\/media?parent=94330"}],"wp:term":[{"taxonomy":"category","embeddable":true,"href":"https:\/\/enolife.com.ar\/es\/wp-json\/wp\/v2\/categories?post=94330"},{"taxonomy":"post_tag","embeddable":true,"href":"https:\/\/enolife.com.ar\/es\/wp-json\/wp\/v2\/tags?post=94330"}],"curies":[{"name":"wp","href":"https:\/\/api.w.org\/{rel}","templated":true}]}}