{"id":93984,"date":"2023-06-04T19:16:56","date_gmt":"2023-06-04T19:16:56","guid":{"rendered":"https:\/\/enolife.com.ar\/es\/?p=93984"},"modified":"2023-06-06T13:59:35","modified_gmt":"2023-06-06T13:59:35","slug":"con-10-000-has-afectadas-por-el-clima-acovi-consiguio-us800-mil-en-anr-para-sus-productores","status":"publish","type":"post","link":"https:\/\/enolife.com.ar\/es\/con-10-000-has-afectadas-por-el-clima-acovi-consiguio-us800-mil-en-anr-para-sus-productores\/","title":{"rendered":"Con 10.000 has afectadas por el clima, Acovi consigui\u00f3 U$S800 mil en ANR para sus productores"},"content":{"rendered":"\n<h4 class=\"wp-block-heading\"><em><strong>Seg\u00fan un relevamiento realizado por la Asociaci\u00f3n de Cooperativas Vitivin\u00edcolas (Acovi) para evaluar los da\u00f1os que produjo <\/strong>a<strong> los productores cooperativos el granizo, la helada y la sequ\u00eda, en la temporada 22\/23, unas 10.000 hect\u00e1reas se vieron afectadas, con un promedio de da\u00f1os de 67% en los vi\u00f1edos. Al respecto, la entidad gestion\u00f3 y obtuvo desde el gobierno nacional U$S800.000 en Aportes No Reembolsables (ANR) que se destinar\u00e1n a aliviar la crisis econ\u00f3mica de los m\u00e1s afectados por la contingencia clim\u00e1tica. Seg\u00fan sus c\u00e1lculos, hay 1.600 vi\u00f1ateros con da\u00f1os, de los cuales el 15% est\u00e1 \u00aben la lona\u00bb, seg\u00fan expres\u00f3 el presidente de la instituci\u00f3n, Fabi\u00e1n Ruggeri.<\/strong><\/em><\/h4>\n\n\n\n<div style=\"height:35px\" aria-hidden=\"true\" class=\"wp-block-spacer\"><\/div>\n\n\n<a href=\"https:\/\/estanciamendoza.com.ar\/es\/\" aria-label=\"Copia de BEM &#8211; Banner adaptaciones diario digital_BEM &#8211; Banner Enolife &#8211; 1700&#215;500\"><img loading=\"lazy\" decoding=\"async\" src=\"https:\/\/enolife.com.ar\/es\/wp-content\/uploads\/2019\/07\/Copia-de-BEM-Banner-adaptaciones-diario-digital_BEM-Banner-Enolife-1700x500-1.jpg\" alt=\"\"  srcset=\"https:\/\/enolife.com.ar\/es\/wp-content\/uploads\/2019\/07\/Copia-de-BEM-Banner-adaptaciones-diario-digital_BEM-Banner-Enolife-1700x500-1.jpg 1700w, https:\/\/enolife.com.ar\/es\/wp-content\/uploads\/2019\/07\/Copia-de-BEM-Banner-adaptaciones-diario-digital_BEM-Banner-Enolife-1700x500-1-300x88.jpg 300w, https:\/\/enolife.com.ar\/es\/wp-content\/uploads\/2019\/07\/Copia-de-BEM-Banner-adaptaciones-diario-digital_BEM-Banner-Enolife-1700x500-1-1024x301.jpg 1024w, https:\/\/enolife.com.ar\/es\/wp-content\/uploads\/2019\/07\/Copia-de-BEM-Banner-adaptaciones-diario-digital_BEM-Banner-Enolife-1700x500-1-768x226.jpg 768w, https:\/\/enolife.com.ar\/es\/wp-content\/uploads\/2019\/07\/Copia-de-BEM-Banner-adaptaciones-diario-digital_BEM-Banner-Enolife-1700x500-1-1536x452.jpg 1536w, https:\/\/enolife.com.ar\/es\/wp-content\/uploads\/2019\/07\/Copia-de-BEM-Banner-adaptaciones-diario-digital_BEM-Banner-Enolife-1700x500-1-1170x344.jpg 1170w, https:\/\/enolife.com.ar\/es\/wp-content\/uploads\/2019\/07\/Copia-de-BEM-Banner-adaptaciones-diario-digital_BEM-Banner-Enolife-1700x500-1-585x172.jpg 585w\" sizes=\"auto, (max-width: 1700px) 100vw, 1700px\" width=\"1700\" height=\"500\"   \/><\/a>\n\n\n<div style=\"height:45px\" aria-hidden=\"true\" class=\"wp-block-spacer\"><\/div>\n\n\n\n<p>El 2\/6, el <strong>presidente de la Asociaci\u00f3n de Cooperativas Vitivin\u00edcolas (Acovi), Fabi\u00e1n Ruggeri <\/strong>junto con el <strong>gerente de la entidad, Nicol\u00e1s Vicchi,<\/strong> presentaron datos sobre las fuertes p\u00e9rdidas que provocaron las inclemencias clim\u00e1ticas en la \u00faltima cosecha, y anunciaron financiamiento para los productores afectados.<\/p>\n\n\n\n<p>El relevamiento realizado por Acovi arroj\u00f3 que casi <strong>10.000 hect\u00e1reas se vieron afectadas y el promedio de da\u00f1os fue de un 67% dentro del sector<\/strong>. Sin embargo, a pesar de haber padecido estas p\u00e9rdidas tan importantes, las cooperativas integradas, lograron elaborar un 20,5% de la producci\u00f3n total de la provincia de Mendoza, en comparaci\u00f3n con el 18,5% del a\u00f1o anterior <em>\u00abEste \u00faltimo dato, es una muestra clara que los productores confiaron en el sistema para elaborar en la cosecha 2023, ante la incertidumbre de tantas promesas de buenos precios que no se llevaron a cabo\u00bb <\/em>seg\u00fan expresaron sus directivos.<\/p>\n\n\n\n<p>Al respecto Ruggeri indic\u00f3 que <em>\u201cDentro del sistema cooperativo estamos contentos porque si bien baj\u00f3 la producci\u00f3n, este a\u00f1o logramos un 2,5% m\u00e1s que el a\u00f1o pasado. Esto es una clara muestra de que nuevos productores confiaron en nosotros\u201d<\/em>.<\/p>\n\n\n\n<div style=\"height:30px\" aria-hidden=\"true\" class=\"wp-block-spacer\"><\/div>\n\n\n<div class=\"wp-block-image\">\n<figure class=\"aligncenter size-full is-resized\"><a href=\"https:\/\/enolife.com.ar\/es\/wp-content\/uploads\/2023\/06\/WhatsApp-Image-2023-06-04-at-15.47.31.jpeg\" data-rel=\"penci-gallery-image-content\" ><img loading=\"lazy\" decoding=\"async\" src=\"https:\/\/enolife.com.ar\/es\/wp-content\/uploads\/2023\/06\/WhatsApp-Image-2023-06-04-at-15.47.31.jpeg\" alt=\"\" class=\"wp-image-94081\" width=\"590\" height=\"412\" srcset=\"https:\/\/enolife.com.ar\/es\/wp-content\/uploads\/2023\/06\/WhatsApp-Image-2023-06-04-at-15.47.31.jpeg 841w, https:\/\/enolife.com.ar\/es\/wp-content\/uploads\/2023\/06\/WhatsApp-Image-2023-06-04-at-15.47.31-300x209.jpeg 300w, https:\/\/enolife.com.ar\/es\/wp-content\/uploads\/2023\/06\/WhatsApp-Image-2023-06-04-at-15.47.31-768x536.jpeg 768w, https:\/\/enolife.com.ar\/es\/wp-content\/uploads\/2023\/06\/WhatsApp-Image-2023-06-04-at-15.47.31-585x408.jpeg 585w\" sizes=\"auto, (max-width: 590px) 100vw, 590px\" \/><\/a><figcaption class=\"wp-element-caption\"><em><strong>Datos del relevamiento hecho por Acovi de hect\u00e1reas da\u00f1adas por zona en Mendoza.<\/strong><\/em><\/figcaption><\/figure><\/div>\n\n\n<div style=\"height:30px\" aria-hidden=\"true\" class=\"wp-block-spacer\"><\/div>\n\n\n\n<p>Para ayudar con financiamiento a los productores afectados, Acovi se reuni\u00f3 hace 3 meses con la Secretar\u00eda de Agricultura de la Naci\u00f3n, donde <strong>consiguieron un ANR de U$S 800.000 que ser\u00e1 depositado en 10 d\u00edas<\/strong>, seg\u00fan explican. Este importe que ya est\u00e1 pesificado a $159 millones (cotizaci\u00f3n dolar oficial de $218, en el momento que fue pesificado), <strong>la mitad es para capital de trabajo y la otra mitad para inversiones<\/strong> y est\u00e1 100% destinado a aliviar la crisis econ\u00f3mica de los productores que estuvieron m\u00e1s afectados por las contingencias. <\/p>\n\n\n\n<p><em>\u00abNosotros lo vamos a volcar como un fondo rotativo, el dinero ingresa como ANR, la entidad se lo presta a los productores quienes lo van devolviendo y ese fondo lo vamos rotando, la idea no es generar ganancia sino optimizar el dinero y hacerlo rendir mas tiempo\u00bb<\/em>, expres\u00f3 Ruggeri.<\/p>\n\n\n\n<p>Adem\u00e1s explicaron que<strong> se van a circunscribir a aquellos productores que esten en peores condiciones de cosecha y que ademas no tengan otra actividad para vivir <\/strong><em>\u00abPorque son $159 millones y tenemos 10 mil has afectadas, si yo lo divido parejo lo que entrego no les alcanza, entonces queremos realmente ayudar a ese productor, tenemos que ajustarnos a aquellos que han quedado literalmente en la lona.<\/em> <em>Tenemos 1.600 productores afectados seg\u00fan nuestro relevamiento y, m\u00ednimo, el 15% estan muy mal. O sea que hay entre 280 a 300 productores a los que va a haber que asistir fuerte, el resto de una u otra forma va a ir pasando y a lo mejor necesita algo de ayuda mas adelante.\u00bb<\/em><\/p>\n\n\n\n<p>Para saber quienes son los destinatarios de estos cr\u00e9ditos, que estan en peores condiciones las cooperativas relevaron datos de<strong> productores que hayan hecho la denuncia y est\u00e9n por encima del 50% de da\u00f1o<\/strong>. <em>\u00abLa zona Sur y Valle de Uco son las dos mas afectadas, pero nosotros el peor de los problemas lo tuvimos en el Este, por una cuesti\u00f3n de volumen, si bien en el Sur, los da\u00f1os promedios est\u00e1n en 76% y en el Este fue de 60%, es donde mas da\u00f1o produjo porque es la zona m\u00e1s productiva.\u00bb<\/em> explic\u00f3 el presidente de Acovi.<\/p>\n\n\n\n<p>Estos cr\u00e9ditos rotativos se suman a microcr\u00e9ditos que ya otorga la entidad, agregado al subsidio sobre tarifa el\u00e9ctrica que -seg\u00fan la entidad- va a llegar al productor en forma indirecta ya que se consigui\u00f3 extender el subsidio a cargo fijo de contrataci\u00f3n de electricidad por un mes a las bodegas de la provincia cuando la resoluci\u00f3n inicial s\u00f3lo contemplaba a las bodegas de la zona Este.<\/p>\n\n\n\n<div style=\"height:35px\" aria-hidden=\"true\" class=\"wp-block-spacer\"><\/div>\n\n\n\n<p class=\"has-medium-font-size\"><strong>Crisis h\u00eddrica, inseguridad rural, lobesia y precios del vino<\/strong><\/p>\n\n\n<div class=\"wp-block-image\">\n<figure class=\"alignleft size-full is-resized\"><a href=\"https:\/\/enolife.com.ar\/es\/wp-content\/uploads\/2023\/06\/Imagen1.jpg\" data-rel=\"penci-gallery-image-content\" ><img loading=\"lazy\" decoding=\"async\" src=\"https:\/\/enolife.com.ar\/es\/wp-content\/uploads\/2023\/06\/Imagen1.jpg\" alt=\"\" class=\"wp-image-94083\" width=\"295\" height=\"220\"\/><\/a><figcaption class=\"wp-element-caption\"><em><strong> Fabi\u00e1n Ruggeri <\/strong><\/em><\/figcaption><\/figure><\/div>\n\n\n<p>Durante la presentaci\u00f3n, el presidente de Acovi adem\u00e1s opin\u00f3 respecto de varias de las cuestiones que est\u00e1n en debate y preocupan al sector.<\/p>\n\n\n\n<p>Respecto de la <strong>crisis h\u00eddrica<\/strong> y de los fondos de Portezuelo del Viento, Ruggeri manifest\u00f3 que <em>\u00abLo que nosotros queremos es claridad, qu\u00e9 van a hacer con los fondos, qu\u00e9 plan de trabajo hay, qu\u00e9 politicas, ante la crisis h\u00eddrica, queremos hacer una mesa, que nos inviten que planifiquemos juntos, buscar financiemiento de largo plazo.\u00bb<\/em><\/p>\n\n\n\n<p>Y agreg\u00f3 que <em>\u00abNosotros pedimos que nos pasen de nuevo el estudio de impacto ambiental de El Baqueano, porque tenemos cierta informaci\u00f3n que dice que la obra no se hab\u00eda hecho originalmente porque en la zona -por el tipo de suelo- hay una infiltracion demasiado grande que va a perjudicar aguas abajo al escurrimiento del r\u00edo, en definitiva va a quedar en la cuenca pero la van a tener que sacar con pozos, por eso ya que estamos en emergencia h\u00eddrica queremos conocer ese estudio ambiental.\u00bb<\/em><strong> <\/strong><\/p>\n\n\n\n<p>En cuanto a la <strong>inseguridad rural<\/strong>, que cada vez avanza m\u00e1s y de manera mas violenta, explicaron que desde Acovi tuvieron hace 3 meses una reuni\u00f3n con todos los comisarios regionales de la polic\u00eda rural, que son 5 (zona Este, Norte, Sur, Valle de Uco y Centro) <em>\u00abLo que ellos nos manifestaron es que la policia rural no hace investigaciones de robo y hurto, es una polic\u00eda de apoyo en la actividad rural y tiene cierta ingerencia en lo que es fauna, flora y robo de animales a nivel campo, no est\u00e1n autorizados para seguir los casos delictivos que est\u00e1n sucediendo, porque ademas para denunciarlos se debe ir a una fiscal\u00eda, y no existen fiscalias especializadas en robos o delitos agr\u00edcolas.\u00bb <\/em>explic\u00f3 Ruggeri.  <\/p>\n\n\n\n<p>Al hablar sobre <strong>Lobesia Botrana<\/strong>, la gran preocupaci\u00f3n de la entidad es lograr tener una ley financiada por el Congreso para tener previsibilidad, <em>\u00ab<span style=\"font-size: revert; color: initial;\">Porque sino cada a\u00f1o tenemos que ir a sentarnos y pedir las partidas, que llegan, pero muy tarde, desde hace dos a\u00f1os los fondos los mandan en octubre, pero en septiembre ya hay que tener las feromonas colgadas en la planta, entonces no sirve.<\/span>\u00ab<\/em> expres\u00f3 el directivo.<\/p>\n\n\n\n<p>Ruggeri cont\u00f3 que <em>\u00abHemos hablado con todos los legisladores nacionales desde el 2012, hay algunos proyectos presentados por Bermejo, Anabel y Cornejo y nosotros participamos en todos ellos, no solo Acovi, todo el sector. Es necesaria esta ley y no conseguimos trabajarlo como corresponde, ahora hemos vuelto a insistir con el tema, creemos que el a\u00f1o electoral es un buen momento, para que movilicen lo que ya est\u00e1 hecho, juntemos todos los proyectos y hagamos uno que sirva.\u00bb<\/em><\/p>\n\n\n\n<p>Al mencionar el tema del <strong>precio del vino en el mercado de traslado<\/strong>, Ruggeri explic\u00f3 que <em>\u00abHab\u00eda una expectativa de cosecha a la baja, y como todos quer\u00edan tener el vino que necesitaba para la venta asegurado, entonces salieron a ofrecer una cantidad de plata por kg de uva que luego hizo que sea muy dif\u00edcil trasladar esos precios a g\u00f3ndola, porque a esos precios el vino -a su liberaci\u00f3n- deb\u00eda llegar aproximadamente de $200 a $250 el lt al mercado de traslado, cuando estaba en $80 o $90\u00bb <\/em>y continu\u00f3 <em>\u00abNo es sencillo trasladar los precios al mercado, donde trasladas un poquit\u00edn de m\u00e1s se te vienen abajo las ventas estrepitosamente. De hecho, el precio del vino ven\u00eda en alza y desde hace dos meses se estabiliz\u00f3, pero \u00e9ste ultimo mes se han hecho operaciones por debajo de los precios ya estabilizados y hace dos meses que no podemos ni llegar a la inflaci\u00f3n.\u00bb<\/em><\/p>\n\n\n\n<div style=\"height:45px\" aria-hidden=\"true\" class=\"wp-block-spacer\"><\/div>\n\n\n\n<div style=\"height:45px\" aria-hidden=\"true\" class=\"wp-block-spacer\"><\/div>\n","protected":false},"excerpt":{"rendered":"<p>Seg\u00fan un relevamiento realizado por la Asociaci\u00f3n de Cooperativas Vitivin\u00edcolas (Acovi) para evaluar los da\u00f1os&hellip;<\/p>\n","protected":false},"author":3,"featured_media":94092,"comment_status":"open","ping_status":"open","sticky":false,"template":"","format":"standard","meta":{"footnotes":""},"categories":[14],"tags":[],"class_list":["post-93984","post","type-post","status-publish","format-standard","has-post-thumbnail","hentry","category-news"],"_links":{"self":[{"href":"https:\/\/enolife.com.ar\/es\/wp-json\/wp\/v2\/posts\/93984","targetHints":{"allow":["GET"]}}],"collection":[{"href":"https:\/\/enolife.com.ar\/es\/wp-json\/wp\/v2\/posts"}],"about":[{"href":"https:\/\/enolife.com.ar\/es\/wp-json\/wp\/v2\/types\/post"}],"author":[{"embeddable":true,"href":"https:\/\/enolife.com.ar\/es\/wp-json\/wp\/v2\/users\/3"}],"replies":[{"embeddable":true,"href":"https:\/\/enolife.com.ar\/es\/wp-json\/wp\/v2\/comments?post=93984"}],"version-history":[{"count":0,"href":"https:\/\/enolife.com.ar\/es\/wp-json\/wp\/v2\/posts\/93984\/revisions"}],"wp:featuredmedia":[{"embeddable":true,"href":"https:\/\/enolife.com.ar\/es\/wp-json\/wp\/v2\/media\/94092"}],"wp:attachment":[{"href":"https:\/\/enolife.com.ar\/es\/wp-json\/wp\/v2\/media?parent=93984"}],"wp:term":[{"taxonomy":"category","embeddable":true,"href":"https:\/\/enolife.com.ar\/es\/wp-json\/wp\/v2\/categories?post=93984"},{"taxonomy":"post_tag","embeddable":true,"href":"https:\/\/enolife.com.ar\/es\/wp-json\/wp\/v2\/tags?post=93984"}],"curies":[{"name":"wp","href":"https:\/\/api.w.org\/{rel}","templated":true}]}}