{"id":93605,"date":"2023-05-29T12:56:00","date_gmt":"2023-05-29T12:56:00","guid":{"rendered":"https:\/\/enolife.com.ar\/es\/?p=93605"},"modified":"2023-06-02T13:10:02","modified_gmt":"2023-06-02T13:10:02","slug":"la-bodega-municipal-raices-de-junin-puso-en-escena-la-calidad-e-innovacion-de-60-vinos-del-este","status":"publish","type":"post","link":"https:\/\/enolife.com.ar\/es\/la-bodega-municipal-raices-de-junin-puso-en-escena-la-calidad-e-innovacion-de-60-vinos-del-este\/","title":{"rendered":"La bodega municipal Ra\u00edces de Jun\u00edn puso en escena la calidad e innovaci\u00f3n de 60 vinos del Este"},"content":{"rendered":"\n<h4 class=\"wp-block-heading\"><em><strong>El 23 de mayo \u00faltimo, la intendencia de Jun\u00edn organiz\u00f3 una degustaci\u00f3n de 60 vinos del Este mendocino en su bodega municipal Ra\u00edces. Profesionales de la industria, representantes de diferentes instituciones y funcionarios del gobierno local y provincial probaron vinos de las variedades sauvignon blanc, torront\u00e9s, chardonay, criolla, Pedro Gimenez, moscatel rosado, tempranillo, bonarda, cabernet sauvignon, malbec, merlot y distintos blend. Tambi\u00e9n hubo un espacio destacado para los vinos org\u00e1nicos y veganos. El objetivo fue dar a conocer la calidad y los resultados de la innovaci\u00f3n de los productos que se elaboran en este departamento, que cuenta con el 93% de su superficie cultivada, en su mayor\u00eda con vi\u00f1edos.<\/strong><\/em><\/h4>\n\n\n\n<div style=\"height:35px\" aria-hidden=\"true\" class=\"wp-block-spacer\"><\/div>\n\n\n<a href=\"https:\/\/jmzeballos.com\/\" aria-label=\"PUBLICIDAD ENOLIFE 2023_OENO OVOID 1700 x 500\"><img loading=\"lazy\" decoding=\"async\" src=\"https:\/\/enolife.com.ar\/es\/wp-content\/uploads\/2020\/12\/PUBLICIDAD-ENOLIFE-2023_OENO-OVOID-1700-x-500.jpg\" alt=\"\"  srcset=\"https:\/\/enolife.com.ar\/es\/wp-content\/uploads\/2020\/12\/PUBLICIDAD-ENOLIFE-2023_OENO-OVOID-1700-x-500.jpg 1700w, https:\/\/enolife.com.ar\/es\/wp-content\/uploads\/2020\/12\/PUBLICIDAD-ENOLIFE-2023_OENO-OVOID-1700-x-500-300x88.jpg 300w, https:\/\/enolife.com.ar\/es\/wp-content\/uploads\/2020\/12\/PUBLICIDAD-ENOLIFE-2023_OENO-OVOID-1700-x-500-1024x301.jpg 1024w, https:\/\/enolife.com.ar\/es\/wp-content\/uploads\/2020\/12\/PUBLICIDAD-ENOLIFE-2023_OENO-OVOID-1700-x-500-768x226.jpg 768w, https:\/\/enolife.com.ar\/es\/wp-content\/uploads\/2020\/12\/PUBLICIDAD-ENOLIFE-2023_OENO-OVOID-1700-x-500-1536x452.jpg 1536w, https:\/\/enolife.com.ar\/es\/wp-content\/uploads\/2020\/12\/PUBLICIDAD-ENOLIFE-2023_OENO-OVOID-1700-x-500-1170x344.jpg 1170w, https:\/\/enolife.com.ar\/es\/wp-content\/uploads\/2020\/12\/PUBLICIDAD-ENOLIFE-2023_OENO-OVOID-1700-x-500-585x172.jpg 585w\" sizes=\"auto, (max-width: 1700px) 100vw, 1700px\" width=\"1700\" height=\"500\"   \/><\/a>\n\n\n<div style=\"height:45px\" aria-hidden=\"true\" class=\"wp-block-spacer\"><\/div>\n\n\n\n<p>La <strong>bodega municipal Ra\u00edces<\/strong> naci\u00f3 fue fundada en 2019 con el objetivo de proteger a los peque\u00f1os y medianos productores, y en solo 4 a\u00f1os se ha consolidado como elaboradora de vinos de calidad, por ejemplo su ya reconocido <strong>Malbec Reserva<\/strong>.<\/p>\n\n\n\n<div style=\"height:25px\" aria-hidden=\"true\" class=\"wp-block-spacer\"><\/div>\n\n\n\n<p class=\"has-background\" style=\"background-color:#d3c2e1\">Los suelos del departamento este\u00f1o de Jun\u00edn, en Mendoza, est\u00e1n en su 93% cultivados con vid, y sus productores cuentan con el establecimiento municipal para vender sus uvas. La bodega Ra\u00edces cuenta con 73 piletas de cemento, 10 tanques de acero inoxidable para dep\u00f3sito de vino; 4 galpones -uno para el fraccionamiento-, una b\u00e1scula de 18 metros para 40.000 kilos; pozo y derecho de riego agr\u00edcola, adem\u00e1s de un concentrador de mosto para elaborar 13 mil toneladas por a\u00f1o.<\/p>\n\n\n\n<div style=\"height:25px\" aria-hidden=\"true\" class=\"wp-block-spacer\"><\/div>\n\n\n\n<p>Esta iniciativa es una de las tantas que el municipio de Jun\u00edn lleva adelante para promover el desarrollo de la industria vitivin\u00edcola local. Con este mismo objetivo, el pasado 23 de mayo, utilizando las instalaciones de la bodega Ra\u00edces, la comuna y los productores organizaron una degustaci\u00f3n de 60 vinos, en los que se pudo reconocer la calidad de la materia prima, la innovaci\u00f3n de las bodegas y la mano de sus en\u00f3logos.<\/p>\n\n\n\n<p>Entre las variedades de vinos que se probaron encontramos: sauvignon blanc, torront\u00e9s y chardonay, criollas, pedro gimenez, moscatel rosado, tempranillo, bonarda, cabernet sauvignon, malbec, merlot y distintos blend. Tambi\u00e9n se probaron vinos Org\u00e1nicos y Veganos, proyectos que algunas Bodegas vienen realizando, con \u00e9xito. <\/p>\n\n\n\n<div style=\"height:30px\" aria-hidden=\"true\" class=\"wp-block-spacer\"><\/div>\n\n\n\n<figure class=\"wp-block-gallery has-nested-images columns-default is-cropped wp-block-gallery-1 is-layout-flex wp-block-gallery-is-layout-flex\">\n<figure class=\"wp-block-image size-full\"><a href=\"https:\/\/enolife.com.ar\/es\/wp-content\/uploads\/2023\/05\/348571289_1398536000719691_3674738877053765484_n.jpg\" data-rel=\"penci-gallery-image-content\" ><img loading=\"lazy\" decoding=\"async\" width=\"582\" height=\"500\" data-id=\"93640\" src=\"https:\/\/enolife.com.ar\/es\/wp-content\/uploads\/2023\/05\/348571289_1398536000719691_3674738877053765484_n.jpg\" alt=\"\" class=\"wp-image-93640\" srcset=\"https:\/\/enolife.com.ar\/es\/wp-content\/uploads\/2023\/05\/348571289_1398536000719691_3674738877053765484_n.jpg 582w, https:\/\/enolife.com.ar\/es\/wp-content\/uploads\/2023\/05\/348571289_1398536000719691_3674738877053765484_n-300x258.jpg 300w\" sizes=\"auto, (max-width: 582px) 100vw, 582px\" \/><\/a><\/figure>\n\n\n\n<figure class=\"wp-block-image size-full\"><a href=\"https:\/\/enolife.com.ar\/es\/wp-content\/uploads\/2023\/05\/348899460_770283534738856_7964788588393749571_n.jpg\" data-rel=\"penci-gallery-image-content\" ><img loading=\"lazy\" decoding=\"async\" width=\"697\" height=\"500\" data-id=\"93641\" src=\"https:\/\/enolife.com.ar\/es\/wp-content\/uploads\/2023\/05\/348899460_770283534738856_7964788588393749571_n.jpg\" alt=\"\" class=\"wp-image-93641\" srcset=\"https:\/\/enolife.com.ar\/es\/wp-content\/uploads\/2023\/05\/348899460_770283534738856_7964788588393749571_n.jpg 697w, https:\/\/enolife.com.ar\/es\/wp-content\/uploads\/2023\/05\/348899460_770283534738856_7964788588393749571_n-300x215.jpg 300w, https:\/\/enolife.com.ar\/es\/wp-content\/uploads\/2023\/05\/348899460_770283534738856_7964788588393749571_n-585x420.jpg 585w\" sizes=\"auto, (max-width: 697px) 100vw, 697px\" \/><\/a><\/figure>\n<\/figure>\n\n\n\n<div style=\"height:30px\" aria-hidden=\"true\" class=\"wp-block-spacer\"><\/div>\n\n\n\n<p>Participaron de la degustaci\u00f3n el vicegobernador <strong>Mario Abed<\/strong>; el intendente de Jun\u00edn, <strong>H\u00e9ctor Ruiz<\/strong>; el intendente de San Mart\u00edn, <strong>Ra\u00fal Rufeil<\/strong>; bodegueros y profesionales de la industria, adem\u00e1s de la<strong> Comisi\u00f3n de Evaluaci\u00f3n de Vinos del Este de Mendoza (Codevin), <\/strong>el <strong>Centro de Vi\u00f1ateros y Bodegueros del Este <\/strong>y el <strong>Instituto de&nbsp;Desarrollo Rural (IDR). <\/strong><\/p>\n\n\n\n<div style=\"height:30px\" aria-hidden=\"true\" class=\"wp-block-spacer\"><\/div>\n\n\n\n<figure class=\"wp-block-gallery has-nested-images columns-default is-cropped wp-block-gallery-2 is-layout-flex wp-block-gallery-is-layout-flex\">\n<figure class=\"wp-block-image size-full\"><a href=\"https:\/\/enolife.com.ar\/es\/wp-content\/uploads\/2023\/05\/349070003_221081230719956_3104268166347554096_n.jpg\" data-rel=\"penci-gallery-image-content\" ><img loading=\"lazy\" decoding=\"async\" width=\"570\" height=\"500\" data-id=\"93642\" src=\"https:\/\/enolife.com.ar\/es\/wp-content\/uploads\/2023\/05\/349070003_221081230719956_3104268166347554096_n.jpg\" alt=\"\" class=\"wp-image-93642\" srcset=\"https:\/\/enolife.com.ar\/es\/wp-content\/uploads\/2023\/05\/349070003_221081230719956_3104268166347554096_n.jpg 570w, https:\/\/enolife.com.ar\/es\/wp-content\/uploads\/2023\/05\/349070003_221081230719956_3104268166347554096_n-300x263.jpg 300w\" sizes=\"auto, (max-width: 570px) 100vw, 570px\" \/><\/a><\/figure>\n\n\n\n<figure class=\"wp-block-image size-full\"><a href=\"https:\/\/enolife.com.ar\/es\/wp-content\/uploads\/2023\/05\/348830245_1008569233846492_4120512521318925277_n.jpg\" data-rel=\"penci-gallery-image-content\" ><img loading=\"lazy\" decoding=\"async\" width=\"616\" height=\"500\" data-id=\"93643\" src=\"https:\/\/enolife.com.ar\/es\/wp-content\/uploads\/2023\/05\/348830245_1008569233846492_4120512521318925277_n.jpg\" alt=\"\" class=\"wp-image-93643\" srcset=\"https:\/\/enolife.com.ar\/es\/wp-content\/uploads\/2023\/05\/348830245_1008569233846492_4120512521318925277_n.jpg 616w, https:\/\/enolife.com.ar\/es\/wp-content\/uploads\/2023\/05\/348830245_1008569233846492_4120512521318925277_n-300x244.jpg 300w, https:\/\/enolife.com.ar\/es\/wp-content\/uploads\/2023\/05\/348830245_1008569233846492_4120512521318925277_n-585x475.jpg 585w\" sizes=\"auto, (max-width: 616px) 100vw, 616px\" \/><\/a><figcaption class=\"wp-element-caption\"><em><strong>Mario Abed toma la palabra<\/strong><\/em>.<\/figcaption><\/figure>\n<\/figure>\n\n\n\n<div style=\"height:31px\" aria-hidden=\"true\" class=\"wp-block-spacer\"><\/div>\n\n\n\n<blockquote class=\"wp-block-quote is-layout-flow wp-block-quote-is-layout-flow\">\n<p><strong><em>\u201cEs fundamental el trabajo en conjunto, comunicar a los mercados que tenemos varietales excelentes, y que sabemos elaborarlo muy bien\u201d<\/em><\/strong>.<\/p>\n<cite>H\u00e9ctor Ruiz, intendente de Jun\u00edn<\/cite><\/blockquote>\n\n\n\n<div style=\"height:38px\" aria-hidden=\"true\" class=\"wp-block-spacer\"><\/div>\n\n\n\n<p>La degustaci\u00f3n estuvo dirigida por el reconocido en\u00f3logo <strong>Hugo Zamora<\/strong>, con los aportes de su colega <strong>Roberto Gonz\u00e1lez<\/strong>.<\/p>\n\n\n\n<div style=\"height:25px\" aria-hidden=\"true\" class=\"wp-block-spacer\"><\/div>\n\n\n<div class=\"wp-block-image\">\n<figure class=\"aligncenter size-full is-resized\"><a href=\"https:\/\/enolife.com.ar\/es\/wp-content\/uploads\/2023\/05\/348968356_237344958904101_2643895938645435291_n.jpg\" data-rel=\"penci-gallery-image-content\" ><img loading=\"lazy\" decoding=\"async\" src=\"https:\/\/enolife.com.ar\/es\/wp-content\/uploads\/2023\/05\/348968356_237344958904101_2643895938645435291_n.jpg\" alt=\"\" class=\"wp-image-93644\" width=\"655\" height=\"409\" srcset=\"https:\/\/enolife.com.ar\/es\/wp-content\/uploads\/2023\/05\/348968356_237344958904101_2643895938645435291_n.jpg 801w, https:\/\/enolife.com.ar\/es\/wp-content\/uploads\/2023\/05\/348968356_237344958904101_2643895938645435291_n-300x187.jpg 300w, https:\/\/enolife.com.ar\/es\/wp-content\/uploads\/2023\/05\/348968356_237344958904101_2643895938645435291_n-768x479.jpg 768w, https:\/\/enolife.com.ar\/es\/wp-content\/uploads\/2023\/05\/348968356_237344958904101_2643895938645435291_n-585x365.jpg 585w\" sizes=\"auto, (max-width: 655px) 100vw, 655px\" \/><\/a><figcaption class=\"wp-element-caption\"><em><strong>Los vinos presentados<\/strong><\/em>.<\/figcaption><\/figure><\/div>\n\n\n<div style=\"height:25px\" aria-hidden=\"true\" class=\"wp-block-spacer\"><\/div>\n\n\n\n<p>Entre los productores y bodegas participantes se contaron Hugo Zamora (<strong>Bodega Ra\u00edces<\/strong>), Roberto Gonz\u00e1lez (<strong>Nieto y Senetiner<\/strong>), Rafael Miranda (<strong>Trivento<\/strong>), Emanuel Carbonero (<strong>Grupo San Cayetano<\/strong>), Daniel Buono (<strong>Familia Buono<\/strong>), Emilio Abraham (<strong>P\u00f3cima<\/strong>), Charly Barro&nbsp;(<strong>Bodega Massi<\/strong>), Carlos Clement y Lucas Fresolo (<strong>Clement<\/strong>), &nbsp;Lucas Crotta (<strong>Familia Crotta<\/strong>) Gabriel El\u00edas (<strong>Vi\u00f1as Alto Salvador<\/strong>), Gabriel Figueroa (<strong>Figueroa Hermanos<\/strong>), Sebasti\u00e1n Garavaglia (<strong>Familia Garavaglia<\/strong>), Antonio Garcia (<strong>Agr\u00edcola Don Nino<\/strong>), Rodolfo y Emiliano Gilbert (<strong>Reduar SA<\/strong>) Horacio Grafi\u00f1a (<strong>Que Sea Sangre<\/strong>), Pablo Mauad (<strong>Bodega ALEPH Wine Co<\/strong>), Antonio Maza (<strong>Familia Maza<\/strong>), Lucas Montivero (<strong>Finca El Origen<\/strong>), Sharbel Morcos (<strong>Familia Morcos<\/strong>), Marcela Moroncelli (<strong>Bodega Santos Lugares<\/strong>), Miguel Navarro (<strong>Divendres<\/strong>), Ra\u00fal Novello (<strong>Familia Novello<\/strong>), Roberto y Hern\u00e1n Ponti (<strong>Bodegas Ponti<\/strong>), Federico Puppato (<strong>Puppato<\/strong>), Edgardo Ronco (<strong>Ronco<\/strong>) Eugenio Rossi (<strong>Bodega Rossi<\/strong>), Emilio Salvarredy (<strong>Bodega Salvarredy<\/strong>), Alexi Sotana y Maxi Romero (<strong>Sotana<\/strong>),&nbsp;la ingeniera industrial <strong>Agustina Salvarredi<\/strong>, la ingeniera qu\u00edmica <strong>Josefina Guti\u00e9rrez<\/strong>, y los en\u00f3logos<strong> Ignacio Salvarredi<\/strong>, <strong>Nicol\u00e1s Torti<\/strong>, <strong>Paula Cacace<\/strong>, <strong>Carolina Meli<\/strong>, <strong>Oscar<\/strong> <strong>Cairo<\/strong>. Tambi\u00e9n los dirigentes del sector Mauro Sosa (<strong>Centro de Vi\u00f1ateros y Bodegueros del Este<\/strong>), <strong>Marigliano, Amar y Rinaldi<\/strong> (Codevin) y <strong>Lorena Nuarte<\/strong> (IDR).<\/p>\n\n\n\n<div style=\"height:39px\" aria-hidden=\"true\" class=\"wp-block-spacer\"><\/div>\n\n\n\n<p><\/p>\n\n\n\n<p><\/p>\n","protected":false},"excerpt":{"rendered":"<p>El 23 de mayo \u00faltimo, la intendencia de Jun\u00edn organiz\u00f3 una degustaci\u00f3n de 60 vinos&hellip;<\/p>\n","protected":false},"author":3,"featured_media":93645,"comment_status":"open","ping_status":"open","sticky":false,"template":"","format":"standard","meta":{"footnotes":""},"categories":[14],"tags":[],"class_list":["post-93605","post","type-post","status-publish","format-standard","has-post-thumbnail","hentry","category-news"],"_links":{"self":[{"href":"https:\/\/enolife.com.ar\/es\/wp-json\/wp\/v2\/posts\/93605","targetHints":{"allow":["GET"]}}],"collection":[{"href":"https:\/\/enolife.com.ar\/es\/wp-json\/wp\/v2\/posts"}],"about":[{"href":"https:\/\/enolife.com.ar\/es\/wp-json\/wp\/v2\/types\/post"}],"author":[{"embeddable":true,"href":"https:\/\/enolife.com.ar\/es\/wp-json\/wp\/v2\/users\/3"}],"replies":[{"embeddable":true,"href":"https:\/\/enolife.com.ar\/es\/wp-json\/wp\/v2\/comments?post=93605"}],"version-history":[{"count":0,"href":"https:\/\/enolife.com.ar\/es\/wp-json\/wp\/v2\/posts\/93605\/revisions"}],"wp:featuredmedia":[{"embeddable":true,"href":"https:\/\/enolife.com.ar\/es\/wp-json\/wp\/v2\/media\/93645"}],"wp:attachment":[{"href":"https:\/\/enolife.com.ar\/es\/wp-json\/wp\/v2\/media?parent=93605"}],"wp:term":[{"taxonomy":"category","embeddable":true,"href":"https:\/\/enolife.com.ar\/es\/wp-json\/wp\/v2\/categories?post=93605"},{"taxonomy":"post_tag","embeddable":true,"href":"https:\/\/enolife.com.ar\/es\/wp-json\/wp\/v2\/tags?post=93605"}],"curies":[{"name":"wp","href":"https:\/\/api.w.org\/{rel}","templated":true}]}}