{"id":93455,"date":"2023-05-27T18:14:11","date_gmt":"2023-05-27T18:14:11","guid":{"rendered":"https:\/\/enolife.com.ar\/es\/?p=93455"},"modified":"2023-05-29T23:01:12","modified_gmt":"2023-05-29T23:01:12","slug":"nacion-ayudara-con-500-millones-para-poda-y-fertilizacion-a-vinateros-afectados-por-heladas-y-granizo","status":"publish","type":"post","link":"https:\/\/enolife.com.ar\/es\/nacion-ayudara-con-500-millones-para-poda-y-fertilizacion-a-vinateros-afectados-por-heladas-y-granizo\/","title":{"rendered":"Naci\u00f3n ayudar\u00e1 con $500 millones para poda y fertilizaci\u00f3n a vi\u00f1ateros afectados por heladas y granizo"},"content":{"rendered":"\n<h4 class=\"wp-block-heading\"><em><strong>El 26\/5, la ministra de Desarrollo Social de la Naci\u00f3n, Victoria Tolosa Paz; el presidente del Instituto Nacional de Vitivinicultura (INV), Mart\u00edn Hinojosa; y el presidente de la Corporaci\u00f3n Vitivin\u00edcola Argentina (Coviar), Mario Gonz\u00e1lez, firmaron en Mendoza un convenio de cooperaci\u00f3n para asistir a productores vitivin\u00edcolas que hayan sufrido p\u00e9rdidas por contingencias clim\u00e1ticas y se encuentren en situaci\u00f3n de vulnerabilidad social. En este sentido Naci\u00f3n enviar\u00e1 $500 millones de Aportes No Reembolsables para entregar entre $80.000 a $160.000 a unos 4.000 peque\u00f1os productores que trabajan sus vi\u00f1edos bajo la estructura familiar. Este dinero deber\u00e1 ser destinado a cubrir el costo de las tareas de poda y fertilizaci\u00f3n.<\/strong><\/em><\/h4>\n\n\n\n<div style=\"height:35px\" aria-hidden=\"true\" class=\"wp-block-spacer\"><\/div>\n\n\n<a href=\"http:\/\/www.quiminsa.com.ar\/\" aria-label=\"banner quiminsa b 1700&#215;500\"><img loading=\"lazy\" decoding=\"async\" src=\"https:\/\/enolife.com.ar\/es\/wp-content\/uploads\/2022\/04\/banner-quiminsa-b-1700x500-1.jpg\" alt=\"\"  srcset=\"https:\/\/enolife.com.ar\/es\/wp-content\/uploads\/2022\/04\/banner-quiminsa-b-1700x500-1.jpg 1700w, https:\/\/enolife.com.ar\/es\/wp-content\/uploads\/2022\/04\/banner-quiminsa-b-1700x500-1-300x88.jpg 300w, https:\/\/enolife.com.ar\/es\/wp-content\/uploads\/2022\/04\/banner-quiminsa-b-1700x500-1-1024x301.jpg 1024w, https:\/\/enolife.com.ar\/es\/wp-content\/uploads\/2022\/04\/banner-quiminsa-b-1700x500-1-768x226.jpg 768w, https:\/\/enolife.com.ar\/es\/wp-content\/uploads\/2022\/04\/banner-quiminsa-b-1700x500-1-1536x452.jpg 1536w, https:\/\/enolife.com.ar\/es\/wp-content\/uploads\/2022\/04\/banner-quiminsa-b-1700x500-1-1170x344.jpg 1170w, https:\/\/enolife.com.ar\/es\/wp-content\/uploads\/2022\/04\/banner-quiminsa-b-1700x500-1-585x172.jpg 585w\" sizes=\"auto, (max-width: 1700px) 100vw, 1700px\" width=\"1700\" height=\"500\"   \/><\/a>\n\n\n<div style=\"height:45px\" aria-hidden=\"true\" class=\"wp-block-spacer\"><\/div>\n\n\n\n<p>Con la presencia de la ministra de Desarrollo Social de la Naci\u00f3n, Victoria Tolosa Paz, el presidente del INV, Mart\u00edn Hinojosa, y el presidente de la Coviar, Mario Gonz\u00e1lez, se llev\u00f3 a cabo el 26\/5 en la Enoteca de Mendoza la firma del convenio de cooperaci\u00f3n para la entrega de aportes no reembolsables con el fin de fortalecer a productores de todo el pa\u00eds. <\/p>\n\n\n\n<div style=\"height:30px\" aria-hidden=\"true\" class=\"wp-block-spacer\"><\/div>\n\n\n<div class=\"wp-block-image\">\n<figure class=\"aligncenter size-full is-resized\"><a href=\"https:\/\/enolife.com.ar\/es\/wp-content\/uploads\/2023\/05\/Imagen5-4.jpg\" data-rel=\"penci-gallery-image-content\" ><img loading=\"lazy\" decoding=\"async\" src=\"https:\/\/enolife.com.ar\/es\/wp-content\/uploads\/2023\/05\/Imagen5-4.jpg\" alt=\"\" class=\"wp-image-93487\" width=\"629\" height=\"354\" srcset=\"https:\/\/enolife.com.ar\/es\/wp-content\/uploads\/2023\/05\/Imagen5-4.jpg 608w, https:\/\/enolife.com.ar\/es\/wp-content\/uploads\/2023\/05\/Imagen5-4-300x169.jpg 300w, https:\/\/enolife.com.ar\/es\/wp-content\/uploads\/2023\/05\/Imagen5-4-585x329.jpg 585w\" sizes=\"auto, (max-width: 629px) 100vw, 629px\" \/><\/a><figcaption class=\"wp-element-caption\"><strong><em>Mart\u00edn Hinojosa, Victoria Tolosa Paz y Mario Gonz\u00e1lez<\/em><\/strong><\/figcaption><\/figure><\/div>\n\n\n<div style=\"height:30px\" aria-hidden=\"true\" class=\"wp-block-spacer\"><\/div>\n\n\n\n<p>El env\u00edo de Naci\u00f3n ser\u00e1 de<strong> $500 millones para asistir a productores de hasta 10 hect\u00e1reas que trabajen bajo una estructura familiar en Mendoza, San Juan, La Rioja, Salta, R\u00edo Negro y Neuqu\u00e9n<\/strong>; y<strong> que hayan sufrido p\u00e9rdidas por contingencias clim\u00e1ticas y se encuentren en situaci\u00f3n de vulnerabilidad social<\/strong>. El dinero ser\u00e1 administrado por la Coviar, a trav\u00e9s de los Centros de Desarrollo Vit\u00edcola (CDV) que opera en alianza con el INTA a nivel pa\u00eds. El INV ser\u00e1 el encargado de controlar la superficie de los vi\u00f1edos afectados.<\/p>\n\n\n\n<p><strong>La ayuda a cada productor<\/strong>, que se entregar\u00e1 como Aportes No Reembolsables, <strong>ser\u00e1 de $80.000 como m\u00ednimo y con un tope de hasta $160.000<\/strong>, dependiendo del da\u00f1o sufrido y la cantidad de hect\u00e1reas afectadas, y <strong>beneficiar\u00e1 a unos 4.000 peque\u00f1os productores <\/strong>que trabajan sus vi\u00f1edos bajo la estructura familiar. Este dinero deber\u00e1 ser destinado a <strong>cubrir el costo de las tareas de poda y fertilizaci\u00f3n<\/strong>, asegurando su cumplimiento mediante la asistencia t\u00e9cnica y el seguimiento que brindan los t\u00e9cnicos de la Coviar y el INTA, a trav\u00e9s de los CDV que operan en las distintas zonas vitivin\u00edcolas del pa\u00eds.<\/p>\n\n\n\n<p>Para un productor de menos de 10 hect\u00e1reas de superficie, que llegue al monto m\u00e1ximo de $160.000 de beneficio, este aporte le permitir\u00e1 solventar los gastos de 5 hect\u00e1reas de su vi\u00f1edo, logrando de esta forma recomponer su estructura productiva afectada por las contingencias clim\u00e1ticas sufridas. <\/p>\n\n\n\n<p><em>\u201cQueremos llegar directamente al peque\u00f1o productor y nos proponemos seguir trabajando con Coviar para llevar asistencia y apoyo a todos los viticultores. Porque si un productor abandona la actividad, Argentina pierde capacidad productiva\u201d<\/em>, afirm\u00f3 <strong>Tolosa Paz.<\/strong><\/p>\n\n\n\n<p><em>\u201cPara el sector primario, que ha sufrido mucho este a\u00f1o las duras heladas y el granizo, esta ayuda es un aliciente muy importante\u201d<\/em>, admiti\u00f3 <strong>Mario Gonz\u00e1lez, presidente de Coviar,<\/strong> quien destac\u00f3 el rol estrat\u00e9gico que tendr\u00e1n los CDV, que en alianza con el INTA est\u00e1n operativos en todo el pa\u00eds, para llegar con esta ayuda y la asistencia t\u00e9cnica necesaria a los productores m\u00e1s peque\u00f1os.<\/p>\n\n\n\n<p>A su turno <strong>Mart\u00edn Hinojosa, presidente del INV<\/strong>, mencion\u00f3: <em>\u201cLa realidad de la cosecha 2023 nos compromete, hoy m\u00e1s que nunca, a estar cerca y acompa\u00f1ando a todos los productores argentinos. Los productores son el motor del desarrollo econ\u00f3mico\u201d<\/em>, y agreg\u00f3 <em>\u00abEntendemos la importancia de generar acciones conjuntas para los peque\u00f1os productores. En este marco, es que concluimos con la formalizaci\u00f3n del convenio que tiene como objetivo asistir a aquellos productores de hasta 10 hect\u00e1reas que trabajen bajo una estructura familiar, que hayan sido afectados por contingencia clim\u00e1tica y que se encuentren en situaci\u00f3n de vulnerabilidad social\u201d<\/em>.<\/p>\n\n\n\n<div style=\"height:35px\" aria-hidden=\"true\" class=\"wp-block-spacer\"><\/div>\n\n\n\n<p class=\"has-medium-font-size\"><strong>C\u00f3mo acceder a esta ayuda<\/strong><\/p>\n\n\n\n<p>La <strong>inscripci\u00f3n de los peque\u00f1os productores beneficiarios ser\u00e1 a trav\u00e9s de los CDV<\/strong> que se encuentran en todas las zonas vit\u00edcolas del pa\u00eds y en las oficinas de Coviar, ubicadas en peatonal Sarmiento y Espa\u00f1a, en el 4\u00b0 piso del Edificio de la Bolsa de Comercio de Mendoza, donde funciona la unidad ejecutora de Producci\u00f3n Primaria. Luego de la inscripci\u00f3n de cada beneficiario, <strong>el INV se encargar\u00e1 de verificar los da\u00f1os en los vi\u00f1edos afectados.<\/strong><\/p>\n\n\n\n<p>Asimismo, participar\u00e1n dentro de esta operatoria entidades miembros del directorio de Coviar, como la Asociaci\u00f3n de Vi\u00f1ateros de Mendoza, C\u00e1mara Riojana de Productores Agropecuarios (CARPA), C\u00e1mara de Productores Vit\u00edcolas de San Juan, la Federaci\u00f3n de C\u00e1maras Vitivin\u00edcolas de la Rep\u00fablica Argentina y la Asociaci\u00f3n de Cooperativas Vitivin\u00edcolas (Acovi), quienes brindar\u00e1n asesoramiento y ayuda a productores para que puedan acceder a este beneficio.<\/p>\n\n\n\n<p><strong>Una vez que se hayan inscripto los productores, se realizar\u00e1n dos visitas t\u00e9cnicas de los profesionales de los CDV para asistir en la confecci\u00f3n de los formularios y documentaci\u00f3n a presentar <\/strong>y la posterior revisi\u00f3n de las tareas realizadas por los viticultores afectados.<\/p>\n\n\n\n<p>Para m\u00e1s informaci\u00f3n, asesoramiento e inscripciones, los interesados deben comunicarse con los Centros de Desarrollo Vit\u00edcolas m\u00e1s cercanos a su finca, dirigirse a las oficinas de Producci\u00f3n Primaria en la sede de Coviar o <strong>escribir al Whatsapp +54 9 261 631 7943<\/strong>.<\/p>\n\n\n\n<div style=\"height:45px\" aria-hidden=\"true\" class=\"wp-block-spacer\"><\/div>\n","protected":false},"excerpt":{"rendered":"<p>El 26\/5, la ministra de Desarrollo Social de la Naci\u00f3n, Victoria Tolosa Paz; el presidente&hellip;<\/p>\n","protected":false},"author":3,"featured_media":93498,"comment_status":"open","ping_status":"open","sticky":false,"template":"","format":"standard","meta":{"footnotes":""},"categories":[14],"tags":[],"class_list":["post-93455","post","type-post","status-publish","format-standard","has-post-thumbnail","hentry","category-news"],"_links":{"self":[{"href":"https:\/\/enolife.com.ar\/es\/wp-json\/wp\/v2\/posts\/93455","targetHints":{"allow":["GET"]}}],"collection":[{"href":"https:\/\/enolife.com.ar\/es\/wp-json\/wp\/v2\/posts"}],"about":[{"href":"https:\/\/enolife.com.ar\/es\/wp-json\/wp\/v2\/types\/post"}],"author":[{"embeddable":true,"href":"https:\/\/enolife.com.ar\/es\/wp-json\/wp\/v2\/users\/3"}],"replies":[{"embeddable":true,"href":"https:\/\/enolife.com.ar\/es\/wp-json\/wp\/v2\/comments?post=93455"}],"version-history":[{"count":0,"href":"https:\/\/enolife.com.ar\/es\/wp-json\/wp\/v2\/posts\/93455\/revisions"}],"wp:featuredmedia":[{"embeddable":true,"href":"https:\/\/enolife.com.ar\/es\/wp-json\/wp\/v2\/media\/93498"}],"wp:attachment":[{"href":"https:\/\/enolife.com.ar\/es\/wp-json\/wp\/v2\/media?parent=93455"}],"wp:term":[{"taxonomy":"category","embeddable":true,"href":"https:\/\/enolife.com.ar\/es\/wp-json\/wp\/v2\/categories?post=93455"},{"taxonomy":"post_tag","embeddable":true,"href":"https:\/\/enolife.com.ar\/es\/wp-json\/wp\/v2\/tags?post=93455"}],"curies":[{"name":"wp","href":"https:\/\/api.w.org\/{rel}","templated":true}]}}