{"id":93335,"date":"2023-05-27T03:30:14","date_gmt":"2023-05-27T03:30:14","guid":{"rendered":"https:\/\/enolife.com.ar\/es\/?p=93335"},"modified":"2023-05-31T02:27:09","modified_gmt":"2023-05-31T02:27:09","slug":"por-primera-vez-bolivia-exporta-vinos-a-europa-7-000-botellas-para-belgica","status":"publish","type":"post","link":"https:\/\/enolife.com.ar\/es\/por-primera-vez-bolivia-exporta-vinos-a-europa-7-000-botellas-para-belgica\/","title":{"rendered":"Por primera vez Bolivia exporta vinos a Europa: 7.000 botellas para B\u00e9lgica"},"content":{"rendered":"\n<h4 class=\"wp-block-heading\"><em><strong>La Canciller\u00eda de Bolivia comunic\u00f3 que por primera vez empresas de ese pa\u00eds enviaron vinos de producci\u00f3n nacional hacia la Uni\u00f3n Europea (EU). El debut exportador fue un cargamento de vinos con 7.000 botellas de 6 bodegas hacie el puerto de Amberes, B\u00e9lgica. En el exigente proceso previo para adecuarse a las normas de calidad comunitarias, los vinos fueron analizados y acreditadas por laboratorios que certifican esos requisitos. La compra fue realizada por una empresa y vinoteca belga propiedad del en\u00f3logo y empresario boliviano Ivo Moreno. <\/strong><\/em><\/h4>\n\n\n\n<div style=\"height:35px\" aria-hidden=\"true\" class=\"wp-block-spacer\"><\/div>\n\n\n<a href=\"https:\/\/jmzeballos.com\/\" aria-label=\"PUBLICIDAD ENOLIFE 2023_OENO OVOID 1700 x 500\"><img loading=\"lazy\" decoding=\"async\" src=\"https:\/\/enolife.com.ar\/es\/wp-content\/uploads\/2020\/12\/PUBLICIDAD-ENOLIFE-2023_OENO-OVOID-1700-x-500.jpg\" alt=\"\"  srcset=\"https:\/\/enolife.com.ar\/es\/wp-content\/uploads\/2020\/12\/PUBLICIDAD-ENOLIFE-2023_OENO-OVOID-1700-x-500.jpg 1700w, https:\/\/enolife.com.ar\/es\/wp-content\/uploads\/2020\/12\/PUBLICIDAD-ENOLIFE-2023_OENO-OVOID-1700-x-500-300x88.jpg 300w, https:\/\/enolife.com.ar\/es\/wp-content\/uploads\/2020\/12\/PUBLICIDAD-ENOLIFE-2023_OENO-OVOID-1700-x-500-1024x301.jpg 1024w, https:\/\/enolife.com.ar\/es\/wp-content\/uploads\/2020\/12\/PUBLICIDAD-ENOLIFE-2023_OENO-OVOID-1700-x-500-768x226.jpg 768w, https:\/\/enolife.com.ar\/es\/wp-content\/uploads\/2020\/12\/PUBLICIDAD-ENOLIFE-2023_OENO-OVOID-1700-x-500-1536x452.jpg 1536w, https:\/\/enolife.com.ar\/es\/wp-content\/uploads\/2020\/12\/PUBLICIDAD-ENOLIFE-2023_OENO-OVOID-1700-x-500-1170x344.jpg 1170w, https:\/\/enolife.com.ar\/es\/wp-content\/uploads\/2020\/12\/PUBLICIDAD-ENOLIFE-2023_OENO-OVOID-1700-x-500-585x172.jpg 585w\" sizes=\"auto, (max-width: 1700px) 100vw, 1700px\" width=\"1700\" height=\"500\"   \/><\/a>\n\n\n<div style=\"height:45px\" aria-hidden=\"true\" class=\"wp-block-spacer\"><\/div>\n\n\n\n<p>La primera exportaci\u00f3n de vinos bolivianos a la Uni\u00f3n Europea (UE) le abre camino a las bodegas involucradas para concretar diferentes actividades en el mercado comunitario. Por ejemplo, se realizar\u00e1 en julio en Bruselas el  concurso \u201cSuperior Taste Award\u201d, que se especializa en la evaluaci\u00f3n sensorial y certificaci\u00f3n de productos gourmet.&nbsp;Ser\u00e1 tambi\u00e9n el primer encuentro con catadores de vino profesionales y propietarios de vinotecas europeas.<\/p>\n\n\n\n<div style=\"height:30px\" aria-hidden=\"true\" class=\"wp-block-spacer\"><\/div>\n\n\n\n<h4 class=\"wp-block-heading has-vivid-red-color has-text-color\"><strong>De acuerdo con los datos de la Asociaci\u00f3n Nacional de Industriales Vitivin\u00edcolas de Bolivia (ANIV), la producci\u00f3n anual de vino a nivel nacional en 2022 fue de 16 millones de litros, a cargo de un conjunto de bodegas que pueden ampliar su capacidad de producci\u00f3n hasta los 22 millones de litros.<\/strong><\/h4>\n\n\n\n<div style=\"height:30px\" aria-hidden=\"true\" class=\"wp-block-spacer\"><\/div>\n\n\n\n<p>En marzo de 2023, el vino boliviano logr\u00f3 destacados premios en el <strong>Concurso Internacional de Cata de Vino<\/strong> organizado por la <strong>Organizaci\u00f3n Mundial del Comercio (OMC)<\/strong>. El vino del pa\u00eds del altiplano obtuvo el primer puesto en la calificaci\u00f3n de los organizadores del concurso y el segundo lugar en la calificaci\u00f3n de los sommeliers o expertos en vinos del certamen internacional.&nbsp;Asimismo, en abril de este a\u00f1o 2023 fue reconocido por su calidad e identidad propia, alcanzando 11 medallas de oro y 4 de plata en el <strong>Concurso Internacional de Vinos Bacchus<\/strong>, en Madrid, Espa\u00f1a.&nbsp;<\/p>\n\n\n\n<div style=\"height:45px\" aria-hidden=\"true\" class=\"wp-block-spacer\"><\/div>\n\n\n\n<figure class=\"wp-block-embed aligncenter is-type-video is-provider-youtube wp-block-embed-youtube wp-embed-aspect-16-9 wp-has-aspect-ratio\"><div class=\"wp-block-embed__wrapper\">\n<iframe loading=\"lazy\" title=\"Vinos bolivianos en B\u00e9lgica\" width=\"1170\" height=\"658\" src=\"https:\/\/www.youtube.com\/embed\/dZx1IgsCdHI?feature=oembed\" frameborder=\"0\" allow=\"accelerometer; autoplay; clipboard-write; encrypted-media; gyroscope; picture-in-picture; web-share\" allowfullscreen><\/iframe>\n<\/div><\/figure>\n\n\n\n<div style=\"height:45px\" aria-hidden=\"true\" class=\"wp-block-spacer\"><\/div>\n\n\n\n<p>El mercado de la Uni\u00f3n Europea, el m\u00e1s exigente respecto a la calidad de los vinos, representa una gran oportunidad para las bodegas bolivianas, productores y emprendedores, por su alto consumo tradicional de vino en el mundo.<\/p>\n\n\n\n<div style=\"height:30px\" aria-hidden=\"true\" class=\"wp-block-spacer\"><\/div>\n\n\n\n<h4 class=\"wp-block-heading has-vivid-red-color has-text-color\"><strong>Aproximadamente 3.500 familias se dedican a la producci\u00f3n de uva en Bolivia, entre peque\u00f1os, medianos y grandes productores. Los m\u00e1s peque\u00f1os tienen en promedio entre media hect\u00e1rea y 2 hect\u00e1reas, con un rendimiento de aproximadamente 300 a 350 quintales por hect\u00e1rea<\/strong>.<\/h4>\n\n\n\n<div style=\"height:30px\" aria-hidden=\"true\" class=\"wp-block-spacer\"><\/div>\n\n\n\n<p>La producci\u00f3n de vinos en Bolivia se encuentra entre los 21 y 23 grados de latitud Sur y a una altura que oscila entre 1.600 y 2.400 metros sobre el nivel del mar, en los departamentos de Tarija, Santa Cruz y La Paz, regiones en las que se han habilitado circuitos para que los visitantes aprecien el proceso de producci\u00f3n de los derivados de la vid. <\/p>\n\n\n\n<div style=\"height:30px\" aria-hidden=\"true\" class=\"wp-block-spacer\"><\/div>\n\n\n\n<h4 class=\"wp-block-heading has-vivid-red-color has-text-color\"><strong>El 50% del vino que se consume en Bolivia es de contrabando, adulterado o elaborado clandestinamente. <\/strong><\/h4>\n\n\n\n<div style=\"height:30px\" aria-hidden=\"true\" class=\"wp-block-spacer\"><\/div>\n\n\n\n<p>A finales de 2020, Bolivia firm\u00f3 su adhesi\u00f3n a la <strong>Organizaci\u00f3n Internacional de la Vi\u00f1a y el Vino (OIV)<\/strong> con la visi\u00f3n de fortalecer su industria y explorar nuevos mercados de exportaci\u00f3n. Un decreto presidencial de 2018 encarg\u00f3 al Ministerio de Relaciones Exteriores la adhesi\u00f3n de Bolivia a la OIV y a otros organismos internacionales en beneficio del sector.<\/p>\n\n\n\n<div style=\"height:35px\" aria-hidden=\"true\" class=\"wp-block-spacer\"><\/div>\n\n\n\n<p class=\"has-small-font-size\"><strong><em>Fuente: Canciller\u00eda de Bolivia<\/em><\/strong><\/p>\n\n\n\n<div style=\"height:42px\" aria-hidden=\"true\" class=\"wp-block-spacer\"><\/div>\n","protected":false},"excerpt":{"rendered":"<p>La Canciller\u00eda de Bolivia comunic\u00f3 que por primera vez empresas de ese pa\u00eds enviaron vinos&hellip;<\/p>\n","protected":false},"author":3,"featured_media":93468,"comment_status":"open","ping_status":"open","sticky":false,"template":"","format":"standard","meta":{"footnotes":""},"categories":[9],"tags":[],"class_list":["post-93335","post","type-post","status-publish","format-standard","has-post-thumbnail","hentry","category-negocios"],"_links":{"self":[{"href":"https:\/\/enolife.com.ar\/es\/wp-json\/wp\/v2\/posts\/93335","targetHints":{"allow":["GET"]}}],"collection":[{"href":"https:\/\/enolife.com.ar\/es\/wp-json\/wp\/v2\/posts"}],"about":[{"href":"https:\/\/enolife.com.ar\/es\/wp-json\/wp\/v2\/types\/post"}],"author":[{"embeddable":true,"href":"https:\/\/enolife.com.ar\/es\/wp-json\/wp\/v2\/users\/3"}],"replies":[{"embeddable":true,"href":"https:\/\/enolife.com.ar\/es\/wp-json\/wp\/v2\/comments?post=93335"}],"version-history":[{"count":0,"href":"https:\/\/enolife.com.ar\/es\/wp-json\/wp\/v2\/posts\/93335\/revisions"}],"wp:featuredmedia":[{"embeddable":true,"href":"https:\/\/enolife.com.ar\/es\/wp-json\/wp\/v2\/media\/93468"}],"wp:attachment":[{"href":"https:\/\/enolife.com.ar\/es\/wp-json\/wp\/v2\/media?parent=93335"}],"wp:term":[{"taxonomy":"category","embeddable":true,"href":"https:\/\/enolife.com.ar\/es\/wp-json\/wp\/v2\/categories?post=93335"},{"taxonomy":"post_tag","embeddable":true,"href":"https:\/\/enolife.com.ar\/es\/wp-json\/wp\/v2\/tags?post=93335"}],"curies":[{"name":"wp","href":"https:\/\/api.w.org\/{rel}","templated":true}]}}