{"id":93231,"date":"2023-05-25T16:42:28","date_gmt":"2023-05-25T16:42:28","guid":{"rendered":"https:\/\/enolife.com.ar\/es\/?p=93231"},"modified":"2023-05-27T18:13:46","modified_gmt":"2023-05-27T18:13:46","slug":"de-mendoza-a-cordoba-llega-los-taninos-una-feria-de-vinos-solidaria-contra-la-desnutricion-infantil","status":"publish","type":"post","link":"https:\/\/enolife.com.ar\/es\/de-mendoza-a-cordoba-llega-los-taninos-una-feria-de-vinos-solidaria-contra-la-desnutricion-infantil\/","title":{"rendered":"De Mendoza a C\u00f3rdoba llega Los Taninos, una feria de vinos solidaria contra la desnutrici\u00f3n infantil"},"content":{"rendered":"\n<h4 class=\"wp-block-heading\"><em><strong>El grupo conformado por 185 profesionales de la industria del vino \u00abLos Taninos\u00bb invita a la 6ta edici\u00f3n de \u00abLos Taninos Wine Fest\u00bb, el 14 de julio de 2023 en el Complejo Ferial C\u00f3rdoba. Se trata de un encuentro de promoci\u00f3n, cata y venta de vinos a beneficio de la organizaci\u00f3n sin fines de lucro \u00abVaso de leche\u00bb, la que en coordinaci\u00f3n con Conin tienen como objetivo combatir la desnutrici\u00f3n infantil en la capital cordobesa y su \u00e1rea metropolitana. <\/strong><\/em>All\u00ed se<em><strong> podr\u00e1n degustar vinos de 70 bodegas y dialogar con sus hacedores. El precio de la entrada es de $6.000 e incluye degustaci\u00f3n libre en todos los stands.<\/strong><\/em><\/h4>\n\n\n\n<div style=\"height:35px\" aria-hidden=\"true\" class=\"wp-block-spacer\"><\/div>\n\n\n<a href=\"https:\/\/instagram.com\/labelsolutions?igshid=YmMyMTA2M2Y=\" aria-label=\"Banner Palero 1700&#215;500\"><img loading=\"lazy\" decoding=\"async\" src=\"https:\/\/enolife.com.ar\/es\/wp-content\/uploads\/2021\/09\/Banner-Palero-1700x500-1.gif\" alt=\"\"  width=\"1700\" height=\"500\"   \/><\/a>\n\n\n<div style=\"height:45px\" aria-hidden=\"true\" class=\"wp-block-spacer\"><\/div>\n\n\n\n<p>El grupo <strong>\u00abLos Taninos\u00bb<\/strong> est\u00e1 conformado por 185 profesionales de la industria del vino, de los cuales un 70% son en\u00f3logos, un 20% bodegueros y un 10% due\u00f1os de marcas de vino. Naci\u00f3 en 2016 con los objetivo de trabajar colaborativamente para resolver problemas vinculados a la de producci\u00f3n, elaboraci\u00f3n y la compra de insumos. Adem\u00e1s, desde hace 6 a\u00f1os organizan la feria de vinos solidaria<strong> \u00abLos Taninos Wine Fest\u00bb, <\/strong>cuyo fin es hacer un aporte en la lucha contra la desnutrici\u00f3n infantil.<\/p>\n\n\n\n<p>En a\u00f1os anteriores lo recaudado fue para diferentes merenderos de Mendoza y para la Fundaci\u00f3n Conin, y en esta oportunidad ser\u00e1 a beneficio de la organizaci\u00f3n sin fines de lucro <strong>Vaso de Leche<\/strong>, cuya misi\u00f3n es combatir la desnutrici\u00f3n infantil en la ciudad de C\u00f3rdoba y su \u00e1rea metropolitana. Esta entidad trabaja desde el a\u00f1o 2004 brindando asistencia alimentaria a comedores y merenderos infantiles. En el 2016, se<br>sumaron a la <strong>Familia Conin<\/strong> (Cooperadora de la Nutrici\u00f3n Infantil), la ONG fundada por el m\u00e9dico mendocino <strong>Abel Albino<\/strong>.<\/p>\n\n\n\n<p>En este sentido <strong>Federico Ciolfi, <\/strong>uno de los organizadores de la feria, dijo: <em>\u00abEstamos felices de haber encontrado el modo de concretar una nueva edici\u00f3n junto a tantas bodegas y amigos. Los esperamos para contribuir con Vaso y pasar un momento inolvidable, rodeados de buen vino, hermosa m\u00fasica y una incre\u00edble galer\u00eda de arte. Son de esos momentos donde respiras arte por donde camines\u201d<\/em>. Y agreg\u00f3 <em>\u00abLa particularidad que tiene Los Taninos Wine Fest es que son peque\u00f1as bodegas con vinos que no se ven en el mercado y eso llama mucho la atenci\u00f3n, y ah\u00ed te vas dando cuenta que hay mucha gente que quiere ayudar pero no sabe c\u00f3mo, lo que hizo que crezcamos un mont\u00f3n\u201d.<\/em><\/p>\n\n\n\n<div style=\"height:30px\" aria-hidden=\"true\" class=\"wp-block-spacer\"><\/div>\n\n\n\n<p class=\"has-background\" style=\"background-color:#abb7c24f\"><strong>La fiesta ser\u00e1 el 14\/7\/23 en el Complejo Ferial C\u00f3rdoba, para adquirir las entradas se debe escribir a <a href=\"mailto:taninoswinefest@gmail.com\">taninoswinefest@gmail.com<\/a> y se pueden seguir las novedades en su red de Instagram @taninoswinefest.<\/strong><\/p>\n\n\n\n<div style=\"height:35px\" aria-hidden=\"true\" class=\"wp-block-spacer\"><\/div>\n\n\n\n<figure class=\"wp-block-embed aligncenter is-type-video is-provider-youtube wp-block-embed-youtube wp-embed-aspect-16-9 wp-has-aspect-ratio\"><div class=\"wp-block-embed__wrapper\">\n<iframe loading=\"lazy\" title=\"Spot publicitario Taninos Wine Fest 2023\" width=\"1170\" height=\"658\" src=\"https:\/\/www.youtube.com\/embed\/Y_Ul8QaRvaQ?feature=oembed\" frameborder=\"0\" allow=\"accelerometer; autoplay; clipboard-write; encrypted-media; gyroscope; picture-in-picture; web-share\" allowfullscreen><\/iframe>\n<\/div><\/figure>\n\n\n\n<div style=\"height:44px\" aria-hidden=\"true\" class=\"wp-block-spacer\"><\/div>\n\n\n\n<p>La feria contar\u00e1 con la presencia de <strong>70 bodegas<\/strong> en cuyos stands se podr\u00e1 conocer a sus hacedores y due\u00f1os, quienes contar\u00e1n la historia de su vino, an\u00e9cdotas y detalles sobre la historia que envuelve a cada etiqueta. Adem\u00e1s habr\u00e1 artistas plasticos pintando en vivo y m\u00fasicos brindando shows.<\/p>\n\n\n\n<div style=\"height:32px\" aria-hidden=\"true\" class=\"wp-block-spacer\"><\/div>\n\n\n\n<p class=\"has-background\" style=\"background-color:#abb7c269\"><strong>Bodegas participantes: <\/strong>Coen Wines, PEP Wines, Cielo y Tierra, Macollo Wines, 13 Cless, Absurdo Wines, Achala Bodega ex\u00f3tica, Amuleto Wines, Armisticio Wines, Abejorro Wines, Bodega Casa Tano, Unku Wines, Bodegas y Cavas Las Aguilas, Bocanegra Wines, Bodega A16, Conejo Verde Wines, Bodega Bonfanti, Bodega Niven, Andes Growers, Bodega Rumel, Ankon Vinos de Autor, Bodega Simonassi Lyon, Bodega Stocco Di Viani, Bodega Viamonte, Bodega Vistandes, Graziemille, Bodega Los Haroldos, Lupa Paraje Altamira, Bodega Cordillera, Desenlace Wines, Don Tulio Wines, Finca de los Vi\u00f1edos Imposibles, Familia Perulan, Familia Blanco Wines, Familia Lucero Corso Wines, Finca Don Geronimo, Entre Nosotros Wines, Finca El Pehuen, Finca Ferrer, Finca Reiquehue, Flor de Jarilla, IL Forte Wines, Impaciente Wines, Jota y Nueve, Manuel Mas Winemaker, Marioneta Wines, Pacto Wines, Pueblo Dormido, Que sea Sangre, Siete locos Wines, Sineres Espumantes, Slow Wines, Tamascal, Morada del Duende, Vi\u00f1as Las Estrellas, Bodega Piedra Mora, Casir Dos Santos, TUE Vinos de la Tierra, Vinos Vandido, Zoximo Wines.<\/p>\n\n\n\n<div style=\"height:45px\" aria-hidden=\"true\" class=\"wp-block-spacer\"><\/div>\n\n\n\n<p class=\"has-medium-font-size\"><strong>Conoc\u00e9 el trabajo de Vaso de Leche<\/strong><\/p>\n\n\n\n<div style=\"height:35px\" aria-hidden=\"true\" class=\"wp-block-spacer\"><\/div>\n\n\n\n<figure class=\"wp-block-embed aligncenter is-type-video is-provider-youtube wp-block-embed-youtube wp-embed-aspect-16-9 wp-has-aspect-ratio\"><div class=\"wp-block-embed__wrapper\">\n<iframe loading=\"lazy\" title=\"Vaso de Leche Conin\" width=\"1170\" height=\"658\" src=\"https:\/\/www.youtube.com\/embed\/8AxbDFNSmfo?feature=oembed\" frameborder=\"0\" allow=\"accelerometer; autoplay; clipboard-write; encrypted-media; gyroscope; picture-in-picture; web-share\" allowfullscreen><\/iframe>\n<\/div><\/figure>\n\n\n\n<div style=\"height:36px\" aria-hidden=\"true\" class=\"wp-block-spacer\"><\/div>\n","protected":false},"excerpt":{"rendered":"<p>El grupo conformado por 185 profesionales de la industria del vino \u00abLos Taninos\u00bb invita a&hellip;<\/p>\n","protected":false},"author":3,"featured_media":93276,"comment_status":"open","ping_status":"open","sticky":false,"template":"","format":"standard","meta":{"footnotes":""},"categories":[47],"tags":[],"class_list":["post-93231","post","type-post","status-publish","format-standard","has-post-thumbnail","hentry","category-agenda"],"_links":{"self":[{"href":"https:\/\/enolife.com.ar\/es\/wp-json\/wp\/v2\/posts\/93231","targetHints":{"allow":["GET"]}}],"collection":[{"href":"https:\/\/enolife.com.ar\/es\/wp-json\/wp\/v2\/posts"}],"about":[{"href":"https:\/\/enolife.com.ar\/es\/wp-json\/wp\/v2\/types\/post"}],"author":[{"embeddable":true,"href":"https:\/\/enolife.com.ar\/es\/wp-json\/wp\/v2\/users\/3"}],"replies":[{"embeddable":true,"href":"https:\/\/enolife.com.ar\/es\/wp-json\/wp\/v2\/comments?post=93231"}],"version-history":[{"count":0,"href":"https:\/\/enolife.com.ar\/es\/wp-json\/wp\/v2\/posts\/93231\/revisions"}],"wp:featuredmedia":[{"embeddable":true,"href":"https:\/\/enolife.com.ar\/es\/wp-json\/wp\/v2\/media\/93276"}],"wp:attachment":[{"href":"https:\/\/enolife.com.ar\/es\/wp-json\/wp\/v2\/media?parent=93231"}],"wp:term":[{"taxonomy":"category","embeddable":true,"href":"https:\/\/enolife.com.ar\/es\/wp-json\/wp\/v2\/categories?post=93231"},{"taxonomy":"post_tag","embeddable":true,"href":"https:\/\/enolife.com.ar\/es\/wp-json\/wp\/v2\/tags?post=93231"}],"curies":[{"name":"wp","href":"https:\/\/api.w.org\/{rel}","templated":true}]}}