{"id":93021,"date":"2023-05-24T13:43:06","date_gmt":"2023-05-24T13:43:06","guid":{"rendered":"https:\/\/enolife.com.ar\/es\/?p=93021"},"modified":"2023-05-25T16:42:03","modified_gmt":"2023-05-25T16:42:03","slug":"mario-gonzalez-lider-de-coviar-el-dolar-diferencial-para-las-exportaciones-de-vino-no-dio-resultado","status":"publish","type":"post","link":"https:\/\/enolife.com.ar\/es\/mario-gonzalez-lider-de-coviar-el-dolar-diferencial-para-las-exportaciones-de-vino-no-dio-resultado\/","title":{"rendered":"Mario Gonz\u00e1lez, l\u00edder de Coviar: \u00abEl d\u00f3lar diferencial para las exportaciones de vino no dio resultado\u00bb"},"content":{"rendered":"\n<h4 class=\"wp-block-heading\"><em><strong>El ingeniero agr\u00f3nomo y empresario del agro riojano lidera desde marzo de 2023 la Corporaci\u00f3n Vitivin\u00edcola Argentina (Coviar), una instituci\u00f3n p\u00fablico-privada que ejecuta el Plan Estrat\u00e9gico 2030 avalado por el Gobierno nacional. Sin embargo, su independencia de criterio y su probada idoneidad como dirigente vitivin\u00edcola le permite objetar algunas pol\u00edticas gubernamentales como ha sido la instrumentaci\u00f3n de un \u00abd\u00f3lar vino\u00bb para las exportaciones, medida que a su juicio -en sinton\u00eda con sus pares productores vitivin\u00edcolas exportadores- no ha dado resultado a la fecha, tanto por la enorme diferencia entre un d\u00f3lar oficial a $244 y un d\u00f3lar \u00abblue\u00bb o libre a $492 como por las trabas burocr\u00e1ticas y legales para sumarse a los presuntos beneficios de ese \u00abd\u00f3lar vino\u00bb.<\/strong><\/em><\/h4>\n\n\n\n<hr class=\"wp-block-separator has-alpha-channel-opacity\"\/>\n\n\n\n<h4 class=\"wp-block-heading\"><em><strong>En una entrevista concedida a radio Nihuil de Mendoza el s\u00e1bado 20\/5, el dirigente expres\u00f3 su preocupaci\u00f3n por el fracaso de la medida, pero insisti\u00f3 en la necesidad de trabajar en conjunto con todas las partes involucradas -productores, gobierno e instituciones privadas y oficiales-, as\u00ed como en la necesidad de encarar nuevas acciones \u00abpositivas\u00bb y \u00abconstructivas\u00bb para sortear las actuales dificultades de la industria.<\/strong><\/em><\/h4>\n\n\n\n<div style=\"height:37px\" aria-hidden=\"true\" class=\"wp-block-spacer\"><\/div>\n\n\n\n\n\n<div style=\"height:45px\" aria-hidden=\"true\" class=\"wp-block-spacer\"><\/div>\n\n\n\n<p>En referencia al intento de mejorar la instrumentaci\u00f3n del <strong>d\u00f3lar diferencial<\/strong>, <strong>Mario Gonz\u00e1lez<\/strong> revel\u00f3 a los periodistas <strong>Pablo P\u00e9rez Delgado<\/strong> y <strong>Marcelo Bustos Herrera<\/strong> que su instituci\u00f3n elev\u00f3 el 11\/5 una carta urgente al ministro de Econom\u00eda de la Naci\u00f3n, <strong>Sergio Massa<\/strong>, pidiendo corregir el rumbo y adaptar ese instrumento a las necesidades reales de los productores exportadores.<\/p>\n\n\n\n<p><em>\u00abEstamos preocupados por este punto<\/em> -arranc\u00f3 diciendo Gonz\u00e1lez-, <em>porque pens\u00e1bamos que pod\u00edamos empezar a sortear las dificultades de la industria a partir de este d\u00f3lar diferencial, cuya instrumentaci\u00f3n trabajamos mucho desde la Coviar, pero hubieron muchas complicaciones y en los 30 d\u00edas iniciales de prueba no dio resultados; la mayor\u00eda de las empresas no se han podido adherir; la complicaci\u00f3n es sobre todo con respecto al ingreso al beneficio, porque la Secretar\u00eda de Comercio de la Naci\u00f3n pone sus topes con respecto a los precios del mercado interno&#8230; As\u00ed que estamos esperando que nos confirme d\u00eda y hora para una pr\u00f3xima reuni\u00f3n, para hablar este tema\u00bb.<\/em><\/p>\n\n\n\n<div style=\"height:29px\" aria-hidden=\"true\" class=\"wp-block-spacer\"><\/div>\n\n\n\n<blockquote class=\"wp-block-quote is-layout-flow wp-block-quote-is-layout-flow\">\n<p><em>Desde la construcci\u00f3n se pueden hacer muchas cosas, desde la destrucci\u00f3n no me siento ni un minuto a hablar con nadie\u00bb.<\/em><\/p>\n<cite>Mario Gonz\u00e1lez, presidente de la Coviar<\/cite><\/blockquote>\n\n\n\n<div style=\"height:27px\" aria-hidden=\"true\" class=\"wp-block-spacer\"><\/div>\n\n\n\n<p>Consultado por los periodistas acerca de si la diferencia entre el d\u00f3lar oficial y el d\u00f3lar \u00abde la calle\u00bb o d\u00f3lar \u00abblue\u00bb hace poco rentable la operaci\u00f3n, sobre la exigencia del gobierno de que los productores deban sumarse al plan de \u00abprecios justos\u00bb o \u00abprecios cuidados\u00bb, el dirigente manifest\u00f3: <\/p>\n\n\n\n<p><em>\u00abEs complejo desde donde uno lo mire o eval\u00fae; nosotros, en primera instancia, cuando se anunci\u00f3 esta idea, planteamos dos temas claves: uno, que el tipo de cambio no fuera fijo, porque ve\u00edamos que la variabilidad que se ven\u00eda dando en los ultimos meses era fuerte, por lo cual cualquier medida est\u00e1tica que tom\u00e1semos traer\u00eda inconvenientes; y segundo, que con una inflaci\u00f3n del 8% mensual, ingresar a un plan de \u00abprecios justos\u00bb que s\u00f3lo permite un incremento mensual del 2% no nos brindaba ventajas o beneficios comparativos&#8230;\u00bb <\/em><\/p>\n\n\n\n<p>En torno a las dificultades que afrontan las empresas vitivin\u00edcolas exportadoras por lo que consideran excesivas trabas bur\u00f3cr\u00e1ticas y legales para ingresar al plan del d\u00f3lar diferencial, Gonz\u00e1lez opin\u00f3:<\/p>\n\n\n\n<p><em>\u00abEs muy probable que a esta altura sea muy dif\u00edcil lograr alg\u00fan cambio con esta medida, pero lo que no podemos dejar de hacer es buscar alternativas de soluci\u00f3n para que la ca\u00edda del mercado externo no siga profundiz\u00e1ndose&#8230; Tener un tipo de cambio diferencial tampoco era la soluci\u00f3n en su momento, pero era una alternativa m\u00e1s a la situacion que se estaba viviendo, y nosotros cre\u00edmos que pod\u00eda llegar a funcionar y ser un aliciente si se daba de la forma en que la hab\u00edamos trabajado, pero al final en su ejecuci\u00f3n, en el \u00faltimo tramo, no se utilizaron los mejores criterios&#8230;\u00bb<\/em><\/p>\n\n\n\n<p>El dirigente ilustr\u00f3 luego sobre las dificultades que se les han presentado a las bodegas:<\/p>\n\n\n\n<p><em>\u00abHan ingresado algunas empresas, pero en un porcentaje muy bajo, y sin resultados, porque primero ha sido muy dif\u00edcil acceder a todos los requisitos y normas a trav\u00e9s de la p\u00e1gina web del sistema, y segundo que porque la brecha cambiaria empez\u00f3 a estirarse nuevamente con la subida del d\u00f3lar blue\u00bb.<\/em><\/p>\n\n\n\n<div style=\"height:29px\" aria-hidden=\"true\" class=\"wp-block-spacer\"><\/div>\n\n\n\n<blockquote class=\"wp-block-quote is-layout-flow wp-block-quote-is-layout-flow\">\n<p><em>A Walter Bressia lo conozco muy bien, y \u00e9l tambi\u00e9n conoce muy bien la din\u00e1mica de la Coviar&#8230; Si asume como nuevo presidente de Bodegas de Argentina, nos sentaremos a trabajar junto a \u00e9l como har\u00edamos con cualquier otro que asuma el cargo\u00bb.<\/em><\/p>\n<cite>Mario Gonz\u00e1lez, presidente de la Coviar<\/cite><\/blockquote>\n\n\n\n<div style=\"height:31px\" aria-hidden=\"true\" class=\"wp-block-spacer\"><\/div>\n\n\n\n<p>En otro terreno, Gonz\u00e1lez se refiri\u00f3 al trabajo en conjunto con otras instituciones del sector, como <strong>Bodegas de Argentina<\/strong>, y en particular a la posibilidad de que el en\u00f3logo y bodeguero <strong>Walter Bressia<\/strong> asuma la presidencia de esta \u00faltima agrupaci\u00f3n, una posibilidad que est\u00e1 \u00absonando\u00bb en el ambiente: <\/p>\n\n\n\n<p><em>\u00abSigue siendo uno de los objetivos de nuestra instituci\u00f3n el que todos los actores de la industria vitivinicola argentina se sientan parte del Plan Estrat\u00e9gico 2030, y que aporten ideas y trabajo para lograr los objetivos&#8230; Por supuesto, las instituciones son muy din\u00e1micas y van teniendo cambios, as\u00ed que cuando \u00e9stos se dan se ampl\u00edan las posibilidades de dialogar&#8230; Venimos trabajando con muchas instituciones, casualmente la semana pasada estuve en San Juan, manteniendo reuniones muy positivas con gente que est\u00e1 fuera de la Coviar pero que quiere sumarse a trabajar. Tambi\u00e9n trabajamos con Wines of Argentina (WOFA), en suma con todas las instituciones que quieran buscar consenso, porque al fin y al cabo la vitivinicultura es de todos y tenemos que cuidarla\u00bb.<\/em><\/p>\n\n\n\n<p><em>\u00abCon respecto a Walter Bressia<\/em> -finaliz\u00f3 Gonz\u00e1lez-, <em>lo conozco muy bien porque fue vicepresidente de la Coviar, y \u00e9l conoce muy bien la din\u00e1mica de la Coviar, as\u00ed que el caso de que sea el nuevo presidente de Bodegas de Argentina nos sentaremos a trabajar, como har\u00edamos con cualquier otro dirigente al que le toque el cargo. Desde la construcci\u00f3n se pueden hacer muchas cosas, desde la destrucci\u00f3n no me siento ni un minuto a hablar con nadie\u00bb.<\/em><\/p>\n\n\n\n<div style=\"height:40px\" aria-hidden=\"true\" class=\"wp-block-spacer\"><\/div>\n\n\n\n<p> <\/p>\n\n\n\n<p><\/p>\n\n\n\n<p><\/p>\n","protected":false},"excerpt":{"rendered":"<p>El ingeniero agr\u00f3nomo y empresario del agro riojano lidera desde marzo de 2023 la Corporaci\u00f3n&hellip;<\/p>\n","protected":false},"author":3,"featured_media":93200,"comment_status":"open","ping_status":"open","sticky":false,"template":"","format":"standard","meta":{"footnotes":""},"categories":[14],"tags":[],"class_list":["post-93021","post","type-post","status-publish","format-standard","has-post-thumbnail","hentry","category-news"],"_links":{"self":[{"href":"https:\/\/enolife.com.ar\/es\/wp-json\/wp\/v2\/posts\/93021","targetHints":{"allow":["GET"]}}],"collection":[{"href":"https:\/\/enolife.com.ar\/es\/wp-json\/wp\/v2\/posts"}],"about":[{"href":"https:\/\/enolife.com.ar\/es\/wp-json\/wp\/v2\/types\/post"}],"author":[{"embeddable":true,"href":"https:\/\/enolife.com.ar\/es\/wp-json\/wp\/v2\/users\/3"}],"replies":[{"embeddable":true,"href":"https:\/\/enolife.com.ar\/es\/wp-json\/wp\/v2\/comments?post=93021"}],"version-history":[{"count":0,"href":"https:\/\/enolife.com.ar\/es\/wp-json\/wp\/v2\/posts\/93021\/revisions"}],"wp:featuredmedia":[{"embeddable":true,"href":"https:\/\/enolife.com.ar\/es\/wp-json\/wp\/v2\/media\/93200"}],"wp:attachment":[{"href":"https:\/\/enolife.com.ar\/es\/wp-json\/wp\/v2\/media?parent=93021"}],"wp:term":[{"taxonomy":"category","embeddable":true,"href":"https:\/\/enolife.com.ar\/es\/wp-json\/wp\/v2\/categories?post=93021"},{"taxonomy":"post_tag","embeddable":true,"href":"https:\/\/enolife.com.ar\/es\/wp-json\/wp\/v2\/tags?post=93021"}],"curies":[{"name":"wp","href":"https:\/\/api.w.org\/{rel}","templated":true}]}}