{"id":92646,"date":"2023-05-17T12:40:43","date_gmt":"2023-05-17T12:40:43","guid":{"rendered":"https:\/\/enolife.com.ar\/es\/?p=92646"},"modified":"2023-05-18T14:22:57","modified_gmt":"2023-05-18T14:22:57","slug":"feria-el-20-5-crece-el-interes-de-bodegas-y-restaurantes-por-invertir-en-el-porteno-distrito-del-vino","status":"publish","type":"post","link":"https:\/\/enolife.com.ar\/es\/feria-el-20-5-crece-el-interes-de-bodegas-y-restaurantes-por-invertir-en-el-porteno-distrito-del-vino\/","title":{"rendered":"Feria el 20\/5: Crece el inter\u00e9s de bodegas y restaurantes por invertir en el porte\u00f1o Distrito del Vino"},"content":{"rendered":"\n<h4 class=\"wp-block-heading\"><em><strong>La zona de los barrios de Villa Devoto, Villa del Parque y Paternal, en plena Ciudad Aut\u00f3noma de Buenos Aires (CABA), atrae cada vez m\u00e1s a empresas vitivin\u00edcolas y gastron\u00f3micas interesadas en vender all\u00ed sus productos, tanto por la calidad de los servicios all\u00ed ofrecidos como por la permanente circulaci\u00f3n de turistas y visitantes locales. Para fortalecer ese inter\u00e9s, el pr\u00f3ximo s\u00e1bado 20 de mayo, de 12 a 24 hs., se realizar\u00e1 una feria en la Plaza Arenales (entre las calles Nueva York, Mercedes, Pareja y Bah\u00eda Blanca, que se har\u00e1n peatonales), con la participaci\u00f3n comprometida de 40 bodegas, en\u00f3logos y emprendedores gastron\u00f3micos. Parte de lo recaudado en la feria ser\u00e1 donado a la Cooperadora del Hospital Zubizarreta de Buenos Aires.<\/strong><\/em><\/h4>\n\n\n\n<div style=\"height:45px\" aria-hidden=\"true\" class=\"wp-block-spacer\"><\/div>\n\n\n\n\n\n<div style=\"height:45px\" aria-hidden=\"true\" class=\"wp-block-spacer\"><\/div>\n\n\n\n<p>Creado en 2021, el <strong>Distrito del Vino<\/strong> es una iniciativa p\u00fablico-privada que contempla la instalaci\u00f3n de vinotecas, cavas, centros de cata, escuelas del vino, <em>showrooms<\/em> de venta, capacitaciones y experiencias gastron\u00f3micas en la zona de <strong>Villa Devoto, Villa del Parque y Paternal de la Ciudad de Buenos Aires (CABA).<\/strong><\/p>\n\n\n\n<p>Al respecto, <strong>Jos\u00e9 Luis Giusti<\/strong>, ministro de Desarrollo Econ\u00f3mico y Producci\u00f3n de la CABA, expres\u00f3: \u00ab<em>Cuando creamos el Distrito del Vino, en 2021, lo hicimos con el objetivo de posicionar a la industria vitivin\u00edcola en la Ciudad, que Buenos Aires sea el punto de partida de la Ruta del Vino en Argentina y buscando transformar la zona en la vidriera de uno de los productos m\u00e1s caracter\u00edsticos y representativos de las econom\u00edas regionales, fomentando tambi\u00e9n el desarrollo econ\u00f3mico zonal\u00bb<\/em>.<\/p>\n\n\n\n<p>A su turno, el empresario vitivin\u00edcola y gastron\u00f3mico mendocino,<strong> Alejandro Vigil<\/strong>, quien es fuerte inversor en el Distrito, coment\u00f3: <em>\u00abActualmente estamos en un proceso de tener un espacio en Buenos Aires y creemos que es ideal insertarnos en el Distrito del Vino, donde confluye nuestro ideal de gastronom\u00eda, vinos y amigos. Y tambi\u00e9n invita al viajero al coraz\u00f3n del vino argentino durante su paso por Buenos Aires\u00bb.<\/em><\/p>\n\n\n\n<div style=\"height:26px\" aria-hidden=\"true\" class=\"wp-block-spacer\"><\/div>\n\n\n\n<p class=\"has-background\" style=\"background-color:#eba5b6\">La entrada al sector es gratuita, pero las degustaciones tendr\u00e1n costo: se vender\u00e1n <strong>tickets de 4 copas cada uno<\/strong>, y es el m\u00e1ximo que cada visitante mayor de edad podr\u00e1 comprar. Habr\u00e1 <strong>4 tipos de tickets, <\/strong>seg\u00fan las categor\u00edas de vinos, a <strong>$2.500, $3.000, $4.000 y $5.000<\/strong>. Parte de lo recaudado del evento ser\u00e1 donado a la <strong>Cooperadora del Hospital Zubizarreta.<\/strong><\/p>\n\n\n\n<div style=\"height:33px\" aria-hidden=\"true\" class=\"wp-block-spacer\"><\/div>\n\n\n\n<p>Seg\u00fan detallaron los organizadores, esta edici\u00f3n de la Feria del Distrito del Vino contar\u00e1 con mesas sobre las calles peatonales, un patio gastron\u00f3mico montado en la esquina de Nueva York y Mercedes, con puestos que ofrecer\u00e1n men\u00faes acordes para acompa\u00f1ar los vinos y espacios de picnic dispuestos en las zonas verdes. El p\u00fablico tendr\u00e1 la posibilidad de participar de experiencias interactivas como juegos con descriptores arom\u00e1ticos del vino. Dentro de la propuesta de contenidos, en el escenario -que estar\u00e1 dispuesto en el centro de la plaza- habr\u00e1 shows en vivo.<\/p>\n\n\n\n<p>Adem\u00e1s, el p\u00fablico podr\u00e1 conocer y aprender m\u00e1s acerca del mundo del vino de la mano de los sommeliers <strong>Agustina de Alba<\/strong>, <strong>Marcela Rienzo<\/strong>, <strong>Joe Fern\u00e1ndez<\/strong> y <strong>Marina Beltrame<\/strong>; y de los en\u00f3logos mendocinos <strong>Alejandro Vigil<\/strong>, <strong>Walter Bressia<\/strong> y <strong>Gabriela Celeste<\/strong>.<\/p>\n\n\n\n<div style=\"height:54px\" aria-hidden=\"true\" class=\"wp-block-spacer\"><\/div>\n","protected":false},"excerpt":{"rendered":"<p>La zona de los barrios de Villa Devoto, Villa del Parque y Paternal, en plena&hellip;<\/p>\n","protected":false},"author":3,"featured_media":92653,"comment_status":"open","ping_status":"open","sticky":false,"template":"","format":"standard","meta":{"footnotes":""},"categories":[47],"tags":[],"class_list":["post-92646","post","type-post","status-publish","format-standard","has-post-thumbnail","hentry","category-agenda"],"_links":{"self":[{"href":"https:\/\/enolife.com.ar\/es\/wp-json\/wp\/v2\/posts\/92646","targetHints":{"allow":["GET"]}}],"collection":[{"href":"https:\/\/enolife.com.ar\/es\/wp-json\/wp\/v2\/posts"}],"about":[{"href":"https:\/\/enolife.com.ar\/es\/wp-json\/wp\/v2\/types\/post"}],"author":[{"embeddable":true,"href":"https:\/\/enolife.com.ar\/es\/wp-json\/wp\/v2\/users\/3"}],"replies":[{"embeddable":true,"href":"https:\/\/enolife.com.ar\/es\/wp-json\/wp\/v2\/comments?post=92646"}],"version-history":[{"count":0,"href":"https:\/\/enolife.com.ar\/es\/wp-json\/wp\/v2\/posts\/92646\/revisions"}],"wp:featuredmedia":[{"embeddable":true,"href":"https:\/\/enolife.com.ar\/es\/wp-json\/wp\/v2\/media\/92653"}],"wp:attachment":[{"href":"https:\/\/enolife.com.ar\/es\/wp-json\/wp\/v2\/media?parent=92646"}],"wp:term":[{"taxonomy":"category","embeddable":true,"href":"https:\/\/enolife.com.ar\/es\/wp-json\/wp\/v2\/categories?post=92646"},{"taxonomy":"post_tag","embeddable":true,"href":"https:\/\/enolife.com.ar\/es\/wp-json\/wp\/v2\/tags?post=92646"}],"curies":[{"name":"wp","href":"https:\/\/api.w.org\/{rel}","templated":true}]}}