{"id":92371,"date":"2023-05-13T01:06:08","date_gmt":"2023-05-13T01:06:08","guid":{"rendered":"https:\/\/enolife.com.ar\/es\/?p=92371"},"modified":"2023-05-15T23:18:04","modified_gmt":"2023-05-15T23:18:04","slug":"mendoza-2-000-productores-perjudicados-por-el-clima-aun-no-se-anotan-para-recibir-compensacion","status":"publish","type":"post","link":"https:\/\/enolife.com.ar\/es\/mendoza-2-000-productores-perjudicados-por-el-clima-aun-no-se-anotan-para-recibir-compensacion\/","title":{"rendered":"Mendoza: 2.000 productores perjudicados por el clima a\u00fan no se anotan para recibir compensaci\u00f3n"},"content":{"rendered":"\n<h4 class=\"wp-block-heading\"><em><strong>A ra\u00edz de las granizadas, fuertes lluvias, vientos zondas y heladas ocurridas entre setiembre de 2022 y febrero de 2023, unos 5.400 agricultores del campo medocino sufrieron fuertes p\u00e9rdidas en sus cultivos y cosechas, en especial viticultores y productores frut\u00edcolas. Para socorrerlos, el gobierno de la provincia de Mendoza estableci\u00f3 diversos mecanismos como el Seguro Agr\u00edcola, el Plan Producir y un Fondo Compensador espec\u00edfico para estas situaciones. Sin embargo, hasta aqu\u00ed s\u00f3lo se ha comenzado a pagar los subsidios a 3.400 de esos damnificados, porque el resto a\u00fan no carga sus datos online en la web de Contingencias Clim\u00e1ticas habilitada a tal efecto.  Funcionarios del Ministerio de Econom\u00eda instaron a quienes no se suscribieron a los programas a que carguen la informaci\u00f3n requerida lo antes posible para hacer uso del beneficio. <\/strong><\/em><\/h4>\n\n\n\n<div style=\"height:45px\" aria-hidden=\"true\" class=\"wp-block-spacer\"><\/div>\n\n\n<a href=\"https:\/\/www.linkedin.com\/company\/agrinet-sa\/?originalSubdomain=ar\" aria-label=\"1700X500\"><img loading=\"lazy\" decoding=\"async\" src=\"https:\/\/enolife.com.ar\/es\/wp-content\/uploads\/2021\/11\/1700X500.gif\" alt=\"\"  width=\"1700\" height=\"500\"   \/><\/a>\n\n\n<div style=\"height:45px\" aria-hidden=\"true\" class=\"wp-block-spacer\"><\/div>\n\n\n\n<p>Si bien ya se ha avanzado bastante en cuanto a los pagos de las compensaciones tanto del <strong>Seguro Agr\u00edcola (SA)<\/strong> para los adheridos, como para quienes reciben el beneficio del <strong>Plan Producir (PP)<\/strong>, a\u00fan falta una importante cantidad de productores afectados que no han cargado los datos necesarios en la web dispuesta a tal efecto, para acceder a los fondos previstos en el marco de la normativa.<\/p>\n\n\n\n<p>Como es habitual cada a\u00f1o, las compensaciones se liquidan en primer lugar a todos aquellos productores que denunciaron mayores porcentajes de da\u00f1o en sus cultivos. Luego se hace lo propio con quienes denunciaron da\u00f1os cuyo porcentaje de afectaci\u00f3n es menor. &nbsp;<\/p>\n\n\n\n<p>Seg\u00fan detallaron desde la <strong>Direcci\u00f3n de Contingencias Clim\u00e1ticas de Mendoza (DCC)<\/strong> -organismo dependiente de la cartera econ\u00f3mica- son casi <strong>5.400 los productores<\/strong> que recibir\u00e1n compensaciones en toda la provincia. &nbsp;En este sentido, detallaron que la <strong>zona Sur<\/strong> es la que tiene la mayor cantidad de beneficiarios del Seguro y del Plan Producir (2.663), seguida por la <strong>zona Este<\/strong> (2.022), luego, la <strong>zona Norte<\/strong> (410) y, finalmente, el Valle de Uco (271). &nbsp;<\/p>\n\n\n\n<p>Sin embargo, hasta el momento s\u00f3lo han comenzado a recibir las compensaciones 3.400 productores por un total estimado en $2.200 millones. Resta a\u00fan la carga de datos por parte de unos 2.000 productores que hayan sufrido y denunciado da\u00f1os en sus cultivos. &nbsp;<\/p>\n\n\n\n<p>Julio Elunani, titular de la DCC, coment\u00f3 al respecto: <em>\u201cEs un gran esfuerzo econ\u00f3mico el que hace el gobierno de Mendoza. Si bien es un seguro el que pagan los productores, desde el Ejecutivo provincial se subsidia casi el 90% del valor que deben afrontar. Es por esta raz\u00f3n que estamos recorriendo cada departamento para brindar mayores detalles a quienes a\u00fan no han cargado sus datos\u201d.<\/em>&nbsp;&nbsp;&nbsp;&nbsp;<\/p>\n\n\n\n<p>Vale recordar que las compensaciones para los productores de hasta 20 hect\u00e1reas, que est\u00e9n adheridos al Seguro Agr\u00edcola y reciban el Plan Producir, alcanzar\u00e1n un total de $110.000 ($72.000 del SA y $38.000 del PP) por hect\u00e1rea da\u00f1ada 100%.<\/p>\n\n\n\n<p><em>\u201cLos productores de hasta 20 hect\u00e1reas que no cuenten con el seguro recibir\u00e1n por el Plan Producir $38.000 por hect\u00e1rea da\u00f1ada 100%, al igual que los productores que adeuden cuotas del seguro. En este caso, se les descontar\u00e1n las cuotas adeudadas de la compensaci\u00f3n\u201d,<\/em> agreg\u00f3 Eluani. &nbsp;<\/p>\n\n\n\n<p>Un dato, no menor, tiene que ver con que todos aquellos productores cuyas propiedades de m\u00e1s de 20 hect\u00e1reas que est\u00e9n adheridos al Fondo Compensador Agr\u00edcola (FCA) tambi\u00e9n recibir\u00e1n el aporte del Plan Producir, es decir, una compensaci\u00f3n de $100.000 ($70.200 del FCA y $29.800 del PP). &nbsp;<\/p>\n\n\n\n<div style=\"height:35px\" aria-hidden=\"true\" class=\"wp-block-spacer\"><\/div>\n\n\n\n<p class=\"has-medium-font-size\"><strong>Carga de datos &nbsp;<\/strong><\/p>\n\n\n\n<p>Es necesario que los productores que a\u00fan no hayan declarado su CBU en la&nbsp;<a href=\"https:\/\/www.mendoza.gov.ar\/contingencias\/\" target=\"_blank\" rel=\"noreferrer noopener\"><strong>p\u00e1gina de Contingencias<\/strong><\/a>&nbsp;lo hagan a la brevedad para poder recibir la transferencia correspondiente, siguiendo estas pautas: &nbsp;<\/p>\n\n\n\n<ol class=\"wp-block-list\">\n<li>Se deber\u00e1 completar el&nbsp;<a href=\"https:\/\/docs.google.com\/forms\/d\/e\/1FAIpQLScOAwLgVz3jyx2BHJuHNuD2iI0QQ8KcSQtq_DX1ynDWheBXVA\/viewform\" target=\"_blank\" rel=\"noreferrer noopener\"><strong>formulario disponible<\/strong><\/a>&nbsp;con todos los datos requeridos. &nbsp;<\/li>\n\n\n\n<li>Se aceptar\u00e1n cuentas de CBU y de CVU (cuentas de entidades bancarias y cuentas tipo billeteras virtuales). &nbsp;<\/li>\n\n\n\n<li>La CBU\/CVU que se declare tiene que coincidir con el CUIT del titular del RUT, no puede ser de un tercero. &nbsp;<\/li>\n\n\n\n<li>En el caso de las sociedades, deber\u00e1n declarar una CBU\/CVU que est\u00e9 a nombre de la sociedad; no ser\u00e1 v\u00e1lida si es la de uno de los socios. &nbsp;<\/li>\n\n\n\n<li>En el caso de las sucesiones, deber\u00e1n declarar una cuenta que est\u00e9 a nombre de la sucesi\u00f3n, no de uno de los herederos. &nbsp;<\/li>\n<\/ol>\n\n\n\n<div style=\"height:35px\" aria-hidden=\"true\" class=\"wp-block-spacer\"><\/div>\n\n\n\n<p class=\"has-medium-font-size\"><strong>Informes<\/strong><\/p>\n\n\n\n<p>Para consultas, comunicarse con la delegaci\u00f3n m\u00e1s cercana a su domicilio o al correo electr\u00f3nico:&nbsp;<strong><a href=\"mailto:contingenciasmza@gmail.com\" target=\"_blank\" rel=\"noreferrer noopener\">contingenciasmza@gmail.com<\/a>&nbsp;&nbsp;<\/strong><\/p>\n\n\n\n<p>*&nbsp;&nbsp;Sede Central y zona Norte: 0261 3852264 \/266\/270 &nbsp;<\/p>\n\n\n\n<p>*&nbsp;&nbsp;Delegaci\u00f3n San Mart\u00edn: 0263 4420365 &nbsp;<\/p>\n\n\n\n<p>*&nbsp;&nbsp;Delegaci\u00f3n Valle de Uco: 0261 157630940 &nbsp;<\/p>\n\n\n\n<p>*&nbsp;&nbsp;Delegaci\u00f3n San Rafael: 0260 4438052 &nbsp;<\/p>\n\n\n\n<p>*&nbsp;&nbsp;Oficina General Alvear: 0261 156 988982 &nbsp;<\/p>\n\n\n\n<div style=\"height:64px\" aria-hidden=\"true\" class=\"wp-block-spacer\"><\/div>\n","protected":false},"excerpt":{"rendered":"<p>A ra\u00edz de las granizadas, fuertes lluvias, vientos zondas y heladas ocurridas entre setiembre de&hellip;<\/p>\n","protected":false},"author":3,"featured_media":92524,"comment_status":"open","ping_status":"open","sticky":false,"template":"","format":"standard","meta":{"footnotes":""},"categories":[14],"tags":[],"class_list":["post-92371","post","type-post","status-publish","format-standard","has-post-thumbnail","hentry","category-news"],"_links":{"self":[{"href":"https:\/\/enolife.com.ar\/es\/wp-json\/wp\/v2\/posts\/92371","targetHints":{"allow":["GET"]}}],"collection":[{"href":"https:\/\/enolife.com.ar\/es\/wp-json\/wp\/v2\/posts"}],"about":[{"href":"https:\/\/enolife.com.ar\/es\/wp-json\/wp\/v2\/types\/post"}],"author":[{"embeddable":true,"href":"https:\/\/enolife.com.ar\/es\/wp-json\/wp\/v2\/users\/3"}],"replies":[{"embeddable":true,"href":"https:\/\/enolife.com.ar\/es\/wp-json\/wp\/v2\/comments?post=92371"}],"version-history":[{"count":0,"href":"https:\/\/enolife.com.ar\/es\/wp-json\/wp\/v2\/posts\/92371\/revisions"}],"wp:featuredmedia":[{"embeddable":true,"href":"https:\/\/enolife.com.ar\/es\/wp-json\/wp\/v2\/media\/92524"}],"wp:attachment":[{"href":"https:\/\/enolife.com.ar\/es\/wp-json\/wp\/v2\/media?parent=92371"}],"wp:term":[{"taxonomy":"category","embeddable":true,"href":"https:\/\/enolife.com.ar\/es\/wp-json\/wp\/v2\/categories?post=92371"},{"taxonomy":"post_tag","embeddable":true,"href":"https:\/\/enolife.com.ar\/es\/wp-json\/wp\/v2\/tags?post=92371"}],"curies":[{"name":"wp","href":"https:\/\/api.w.org\/{rel}","templated":true}]}}