{"id":92339,"date":"2023-05-12T00:40:04","date_gmt":"2023-05-12T00:40:04","guid":{"rendered":"https:\/\/enolife.com.ar\/es\/?p=92339"},"modified":"2023-05-12T02:28:05","modified_gmt":"2023-05-12T02:28:05","slug":"feria-de-arte-inclusiva-y-solidaria-el-12-5-en-bulevar-pedro-molina-y-27-y-28-5-en-parque-central","status":"publish","type":"post","link":"https:\/\/enolife.com.ar\/es\/feria-de-arte-inclusiva-y-solidaria-el-12-5-en-bulevar-pedro-molina-y-27-y-28-5-en-parque-central\/","title":{"rendered":"Feria de arte inclusiva y solidaria, el 12\/5 en bulevar Pedro Molina y 27 y 28\/5 en Parque Central"},"content":{"rendered":"\n<h4 class=\"wp-block-heading\"><em><strong>La tradicional feria solidaria organizada por Encuentro Indi, con la colaboraci\u00f3n de la Municipalidad de Mendoza, propone 3 fechas para pasear y comprar a precios razonables. El viernes 12\/5 en el Boulevard Pedro Molina de Mendoza, entre avenidas 9 de julio y Patricias Mendocinas, y luego en el Parque Central, en el sector del reloj de sol. All\u00ed, el p\u00fablico local y turistas podr\u00e1n adquirir vinos, aceites de oliva virgen extra, miel, dulces artesanales, objetos de arte, ropa de dise\u00f1o y otros regalos el fin de semana del 27 y 28\/5. Y de paso colaborar con instituciones ben\u00e9ficas que montan sus stands en el lugar.<\/strong><\/em><\/h4>\n\n\n\n<div style=\"height:44px\" aria-hidden=\"true\" class=\"wp-block-spacer\"><\/div>\n\n\n<a href=\"https:\/\/estanciamendoza.com.ar\/es\/\" aria-label=\"Copia de BEM &#8211; Banner adaptaciones diario digital_BEM &#8211; Banner Enolife &#8211; 1700&#215;500\"><img loading=\"lazy\" decoding=\"async\" src=\"https:\/\/enolife.com.ar\/es\/wp-content\/uploads\/2019\/07\/Copia-de-BEM-Banner-adaptaciones-diario-digital_BEM-Banner-Enolife-1700x500-1.jpg\" alt=\"\"  srcset=\"https:\/\/enolife.com.ar\/es\/wp-content\/uploads\/2019\/07\/Copia-de-BEM-Banner-adaptaciones-diario-digital_BEM-Banner-Enolife-1700x500-1.jpg 1700w, https:\/\/enolife.com.ar\/es\/wp-content\/uploads\/2019\/07\/Copia-de-BEM-Banner-adaptaciones-diario-digital_BEM-Banner-Enolife-1700x500-1-300x88.jpg 300w, https:\/\/enolife.com.ar\/es\/wp-content\/uploads\/2019\/07\/Copia-de-BEM-Banner-adaptaciones-diario-digital_BEM-Banner-Enolife-1700x500-1-1024x301.jpg 1024w, https:\/\/enolife.com.ar\/es\/wp-content\/uploads\/2019\/07\/Copia-de-BEM-Banner-adaptaciones-diario-digital_BEM-Banner-Enolife-1700x500-1-768x226.jpg 768w, https:\/\/enolife.com.ar\/es\/wp-content\/uploads\/2019\/07\/Copia-de-BEM-Banner-adaptaciones-diario-digital_BEM-Banner-Enolife-1700x500-1-1536x452.jpg 1536w, https:\/\/enolife.com.ar\/es\/wp-content\/uploads\/2019\/07\/Copia-de-BEM-Banner-adaptaciones-diario-digital_BEM-Banner-Enolife-1700x500-1-1170x344.jpg 1170w, https:\/\/enolife.com.ar\/es\/wp-content\/uploads\/2019\/07\/Copia-de-BEM-Banner-adaptaciones-diario-digital_BEM-Banner-Enolife-1700x500-1-585x172.jpg 585w\" sizes=\"auto, (max-width: 1700px) 100vw, 1700px\" width=\"1700\" height=\"500\"   \/><\/a>\n\n\n<div style=\"height:51px\" aria-hidden=\"true\" class=\"wp-block-spacer\"><\/div>\n\n\n\n<p>La Feria Inclusiva, que se implementa&nbsp;<strong>desde 2012<\/strong>, tiene tambi\u00e9n como uno de sus objetivos declarados integrar a personas con discapacidad, quienes comercializan su producci\u00f3n de diferentes objetos que son realizados en talleres protegidos de ONGs locales. <\/p>\n\n\n\n<p>La actividad ha sido declarada de inter\u00e9s p\u00fablico por la&nbsp;<strong>C\u00e1mara de Diputados de Mendoza<\/strong>&nbsp;(resoluci\u00f3n 863 de 2022) y por el <strong>Concejo Deliberante de Maip\u00fa<\/strong> (resoluci\u00f3n 7137\/2022), y en esta oportunidad tambi\u00e9n contar\u00e1 con la participaci\u00f3n de la&nbsp;<strong>Fundaci\u00f3n Cullunche<\/strong>, que vender\u00e1 sus productos para poder dar continuidad a las actividades ambientales y solidarias programadas para este a\u00f1o.<\/p>\n\n\n\n<p>La propuesta es organizada por&nbsp;<strong>Encuento INDI<\/strong>, con el aval de la&nbsp;<strong>Municipalidad de Mendoza<\/strong>. Como siempre, estar\u00e1n presentes los buenos artesanos y emprendedores mendocinos, con sus libros, aceites, vinos, objetos de arte de cer\u00e1mica, plantas, velas de soja, cuadros, ilustraciones y m\u00e1s.<\/p>\n\n\n\n<div style=\"height:35px\" aria-hidden=\"true\" class=\"wp-block-spacer\"><\/div>\n\n\n\n<p class=\"has-medium-font-size\"><strong>Las fechas imperdibles de mayo<\/strong><\/p>\n\n\n\n<p>Viernes 12 de mayo de 10 a 18 hs en el Boulevard de la calle Pedro Molina entre 9 de julio y Patricias Mendocinas de la ciudad de Mendoza.<\/p>\n\n\n\n<p>S\u00e1bado 27 y domingo 28 de mayo de 10 a 20 hs en el Reloj del Sol del Parque Central.<\/p>\n\n\n\n<div style=\"height:30px\" aria-hidden=\"true\" class=\"wp-block-spacer\"><\/div>\n\n\n\n<figure class=\"wp-block-gallery has-nested-images columns-default is-cropped wp-block-gallery-1 is-layout-flex wp-block-gallery-is-layout-flex\">\n<figure class=\"wp-block-image size-full\"><a href=\"https:\/\/enolife.com.ar\/es\/wp-content\/uploads\/2023\/05\/05049d87-0095-4626-9bc3-de122251e527.jpg\" data-rel=\"penci-gallery-image-content\" ><img loading=\"lazy\" decoding=\"async\" width=\"443\" height=\"400\" data-id=\"92341\" src=\"https:\/\/enolife.com.ar\/es\/wp-content\/uploads\/2023\/05\/05049d87-0095-4626-9bc3-de122251e527.jpg\" alt=\"\" class=\"wp-image-92341\" srcset=\"https:\/\/enolife.com.ar\/es\/wp-content\/uploads\/2023\/05\/05049d87-0095-4626-9bc3-de122251e527.jpg 443w, https:\/\/enolife.com.ar\/es\/wp-content\/uploads\/2023\/05\/05049d87-0095-4626-9bc3-de122251e527-300x271.jpg 300w\" sizes=\"auto, (max-width: 443px) 100vw, 443px\" \/><\/a><\/figure>\n\n\n\n<figure class=\"wp-block-image size-full\"><a href=\"https:\/\/enolife.com.ar\/es\/wp-content\/uploads\/2023\/05\/ca59efd2-1a41-47b0-b614-41fd2685a6e6.jpg\" data-rel=\"penci-gallery-image-content\" ><img loading=\"lazy\" decoding=\"async\" width=\"424\" height=\"400\" data-id=\"92340\" src=\"https:\/\/enolife.com.ar\/es\/wp-content\/uploads\/2023\/05\/ca59efd2-1a41-47b0-b614-41fd2685a6e6.jpg\" alt=\"\" class=\"wp-image-92340\" srcset=\"https:\/\/enolife.com.ar\/es\/wp-content\/uploads\/2023\/05\/ca59efd2-1a41-47b0-b614-41fd2685a6e6.jpg 424w, https:\/\/enolife.com.ar\/es\/wp-content\/uploads\/2023\/05\/ca59efd2-1a41-47b0-b614-41fd2685a6e6-300x283.jpg 300w\" sizes=\"auto, (max-width: 424px) 100vw, 424px\" \/><\/a><\/figure>\n<\/figure>\n\n\n\n<div style=\"height:30px\" aria-hidden=\"true\" class=\"wp-block-spacer\"><\/div>\n\n\n\n<p>La Feria tiene acceso libre y gratuito y ofrece la posibilidad de pasear, degustar y comprar productos regionales en stands y foodtrucks. A la vez, con su adquisici\u00f3n, los visitantes colaboran con organizaciones solidarias que all\u00ed comercializan sus productos.<\/p>\n\n\n\n<div style=\"height:32px\" aria-hidden=\"true\" class=\"wp-block-spacer\"><\/div>\n\n\n\n<div style=\"height:31px\" aria-hidden=\"true\" class=\"wp-block-spacer\"><\/div>\n","protected":false},"excerpt":{"rendered":"<p>La tradicional feria solidaria organizada por Encuentro Indi, con la colaboraci\u00f3n de la Municipalidad de&hellip;<\/p>\n","protected":false},"author":3,"featured_media":92347,"comment_status":"open","ping_status":"open","sticky":false,"template":"","format":"standard","meta":{"footnotes":""},"categories":[47],"tags":[],"class_list":["post-92339","post","type-post","status-publish","format-standard","has-post-thumbnail","hentry","category-agenda"],"_links":{"self":[{"href":"https:\/\/enolife.com.ar\/es\/wp-json\/wp\/v2\/posts\/92339","targetHints":{"allow":["GET"]}}],"collection":[{"href":"https:\/\/enolife.com.ar\/es\/wp-json\/wp\/v2\/posts"}],"about":[{"href":"https:\/\/enolife.com.ar\/es\/wp-json\/wp\/v2\/types\/post"}],"author":[{"embeddable":true,"href":"https:\/\/enolife.com.ar\/es\/wp-json\/wp\/v2\/users\/3"}],"replies":[{"embeddable":true,"href":"https:\/\/enolife.com.ar\/es\/wp-json\/wp\/v2\/comments?post=92339"}],"version-history":[{"count":0,"href":"https:\/\/enolife.com.ar\/es\/wp-json\/wp\/v2\/posts\/92339\/revisions"}],"wp:featuredmedia":[{"embeddable":true,"href":"https:\/\/enolife.com.ar\/es\/wp-json\/wp\/v2\/media\/92347"}],"wp:attachment":[{"href":"https:\/\/enolife.com.ar\/es\/wp-json\/wp\/v2\/media?parent=92339"}],"wp:term":[{"taxonomy":"category","embeddable":true,"href":"https:\/\/enolife.com.ar\/es\/wp-json\/wp\/v2\/categories?post=92339"},{"taxonomy":"post_tag","embeddable":true,"href":"https:\/\/enolife.com.ar\/es\/wp-json\/wp\/v2\/tags?post=92339"}],"curies":[{"name":"wp","href":"https:\/\/api.w.org\/{rel}","templated":true}]}}