{"id":92269,"date":"2023-05-10T21:31:26","date_gmt":"2023-05-10T21:31:26","guid":{"rendered":"https:\/\/enolife.com.ar\/es\/?p=92269"},"modified":"2023-05-12T17:05:12","modified_gmt":"2023-05-12T17:05:12","slug":"vinotecas-de-todo-el-pais-se-reuniran-en-una-convencion-en-cordoba-el-12-5","status":"publish","type":"post","link":"https:\/\/enolife.com.ar\/es\/vinotecas-de-todo-el-pais-se-reuniran-en-una-convencion-en-cordoba-el-12-5\/","title":{"rendered":"Vinotecas de todo el pa\u00eds se reunir\u00e1n en una convenci\u00f3n en C\u00f3rdoba el 12\/5"},"content":{"rendered":"\n<h4 class=\"wp-block-heading\"><em><strong>El viernes 12 de mayo de 14 a 17 hs en el Centro de Convenciones C\u00f3rdoba se llevar\u00e1 a cabo -en el marco de la Expo Delicatessen y Vinos- la Convenci\u00f3n de Vinotecas y Afines, organizada por la C\u00e1mara Argentina de Vinotecas y Afines (CAVA) en conjunto con la C\u00e1mara de Vinotecas de C\u00f3rdoba (CVC) y la colaboraci\u00f3n de la Corporaci\u00f3n Vitivinicola Argentina (Coviar). El objetivo es analizar tendencias y actualizar estrategias comerciales, adem\u00e1s de discutir nuevos m\u00e9todos para visibilizar la importancia que tienen las vinotecas no s\u00f3lo como canal comercial del vino argentino, sino como difusor de enoturismo, de peque\u00f1os y medianos productores de vinos, destilados y delicatesen.<\/strong><\/em><\/h4>\n\n\n\n<div style=\"height:45px\" aria-hidden=\"true\" class=\"wp-block-spacer\"><\/div>\n\n\n<a href=\"https:\/\/instagram.com\/labelsolutions?igshid=YmMyMTA2M2Y=\" aria-label=\"Banner Palero 1700&#215;500\"><img loading=\"lazy\" decoding=\"async\" src=\"https:\/\/enolife.com.ar\/es\/wp-content\/uploads\/2021\/09\/Banner-Palero-1700x500-1.gif\" alt=\"\"  width=\"1700\" height=\"500\"   \/><\/a>\n\n\n<div style=\"height:45px\" aria-hidden=\"true\" class=\"wp-block-spacer\"><\/div>\n\n\n<div class=\"wp-block-image\">\n<figure class=\"alignleft size-large is-resized\"><a href=\"https:\/\/enolife.com.ar\/es\/wp-content\/uploads\/2023\/05\/WhatsApp-Image-2023-05-08-at-19.34.49.jpeg\" data-rel=\"penci-gallery-image-content\" ><img loading=\"lazy\" decoding=\"async\" src=\"https:\/\/enolife.com.ar\/es\/wp-content\/uploads\/2023\/05\/WhatsApp-Image-2023-05-08-at-19.34.49-1024x1014.jpeg\" alt=\"\" class=\"wp-image-92280\" width=\"292\" height=\"288\" srcset=\"https:\/\/enolife.com.ar\/es\/wp-content\/uploads\/2023\/05\/WhatsApp-Image-2023-05-08-at-19.34.49-1024x1014.jpeg 1024w, https:\/\/enolife.com.ar\/es\/wp-content\/uploads\/2023\/05\/WhatsApp-Image-2023-05-08-at-19.34.49-300x297.jpeg 300w, https:\/\/enolife.com.ar\/es\/wp-content\/uploads\/2023\/05\/WhatsApp-Image-2023-05-08-at-19.34.49-768x760.jpeg 768w, https:\/\/enolife.com.ar\/es\/wp-content\/uploads\/2023\/05\/WhatsApp-Image-2023-05-08-at-19.34.49-585x579.jpeg 585w, https:\/\/enolife.com.ar\/es\/wp-content\/uploads\/2023\/05\/WhatsApp-Image-2023-05-08-at-19.34.49.jpeg 1080w\" sizes=\"auto, (max-width: 292px) 100vw, 292px\" \/><\/a><\/figure><\/div>\n\n\n<p>Del <strong>11 al 14 de mayo se realizar\u00e1 en C\u00f3rdoba<\/strong> la <strong>Expo Delicatessen &amp; Vinos<\/strong>, donde se re\u00fanen&nbsp;profesionales&nbsp;y&nbsp;consumidores&nbsp;apasionados por los&nbsp;alimentos&nbsp;y&nbsp;bebidas&nbsp;de&nbsp;alta calidad, con el objetivo de promover&nbsp;la&nbsp;excelencia&nbsp;y&nbsp;diversidad&nbsp;de estos productos y fomentar la conexi\u00f3n entre proveedores y consumidores.<\/p>\n\n\n\n<p>En ese contexto, <strong>el viernes 12\/5 de 14 a 17 hs se desarrollar\u00e1 la Convenci\u00f3n de Vinotecas y Afines<\/strong>, organizada por CAVA y CVC y con el apoyo de la Coviar de la que participar\u00e1n las principales vinotecas del pa\u00eds con el fin de generar m\u00e1s y mejores oportunidades. <\/p>\n\n\n\n<p class=\"has-background\" style=\"background-color:#abb7c24d\"><strong>La participaci\u00f3n es gratuita con previa acreditaci\u00f3n a trav\u00e9s del siguiente <a href=\"https:\/\/docs.google.com\/forms\/d\/e\/1FAIpQLSeaeEdlI7ZGpFGzsz5f3JD64HB_fogIfEotj6iI1AG-YKXvmQ\/viewform\" title=\"\">LINK<\/a><\/strong><br>M\u00e1s informaci\u00f3n a: <a href=\"mailto:info@camaradevinotecas.com.ar\">info@camaradevinotecas.com.ar<\/a> &#8211; WhatsApp: +54 9 11 27393964<\/p>\n\n\n\n<div style=\"height:35px\" aria-hidden=\"true\" class=\"wp-block-spacer\"><\/div>\n\n\n\n<p class=\"has-medium-font-size\"><strong>Cronograma y temario<\/strong><\/p>\n\n\n\n<p><strong>1ra parte &#8211; 14.00 hs.<\/strong><\/p>\n\n\n\n<ul class=\"wp-block-list\">\n<li><strong>Eventos en vinotecas y afines: <\/strong>Paneles de experiencias de colegas \u201cNoches de las Vinotecas, ferias, degustaciones, convenciones, congresos, etc. Expositores: Mat\u00edas Barrios, organizador de la Noche de las Vinotecas, Jorge Corrales Secretario de Turismo de la Municipalidad de San Martin (Mendoza), Francisco Marchiaro, Secretario de Turismo de C\u00f3rdoba.<\/li>\n\n\n\n<li><strong>Instituciones y vinotecas: <\/strong>La importancia de la participaci\u00f3n e institucionalizaci\u00f3n de las actividades con el fin de generar alianzas estrat\u00e9gicas con otras organizaciones. Expositores: Sergio Cerro , presidente de CAVA y Diego Storni, presidente de la  Asociaci\u00f3n de Bodegas del Valle de Uco (Mendoza). <\/li>\n<\/ul>\n\n\n\n<p><strong>Break: 15.20 hs.<\/strong><\/p>\n\n\n\n<p><strong>2\u00b0 Parte: 15.40 hs.<\/strong><\/p>\n\n\n\n<ul class=\"wp-block-list\">\n<li><strong>Relaci\u00f3n vinotecas\/proveedores:<\/strong> C\u00f3mo facilitar los procesos de interacci\u00f3n y lograr una retroalimentaci\u00f3n positiva que conduzca al fortalecimiento. Expositores: Rodrigo Rentin, presidente de la CVC, Juan Cruz Borsotti de la Asociaci\u00f3n de Bodegas de C\u00f3rdoba y Franco Chatarresta, fabricante de Gin.<\/li>\n\n\n\n<li><strong>Plan Vinotecas 2035: <\/strong>Debate sobre que se pretende del canal para el 2035, e-commerce, competencias, experiencias, proveedores, pool de compras, turismo, etc. Expositores: Mauro Charvey, de Lo de Granado, AVA, Matias Barrios de CAVA y Rodrigo Rentin CVC.<\/li>\n<\/ul>\n\n\n\n<div style=\"height:45px\" aria-hidden=\"true\" class=\"wp-block-spacer\"><\/div>\n","protected":false},"excerpt":{"rendered":"<p>El viernes 12 de mayo de 14 a 17 hs en el Centro de Convenciones&hellip;<\/p>\n","protected":false},"author":3,"featured_media":92284,"comment_status":"open","ping_status":"open","sticky":false,"template":"","format":"standard","meta":{"footnotes":""},"categories":[47],"tags":[],"class_list":["post-92269","post","type-post","status-publish","format-standard","has-post-thumbnail","hentry","category-agenda"],"_links":{"self":[{"href":"https:\/\/enolife.com.ar\/es\/wp-json\/wp\/v2\/posts\/92269","targetHints":{"allow":["GET"]}}],"collection":[{"href":"https:\/\/enolife.com.ar\/es\/wp-json\/wp\/v2\/posts"}],"about":[{"href":"https:\/\/enolife.com.ar\/es\/wp-json\/wp\/v2\/types\/post"}],"author":[{"embeddable":true,"href":"https:\/\/enolife.com.ar\/es\/wp-json\/wp\/v2\/users\/3"}],"replies":[{"embeddable":true,"href":"https:\/\/enolife.com.ar\/es\/wp-json\/wp\/v2\/comments?post=92269"}],"version-history":[{"count":0,"href":"https:\/\/enolife.com.ar\/es\/wp-json\/wp\/v2\/posts\/92269\/revisions"}],"wp:featuredmedia":[{"embeddable":true,"href":"https:\/\/enolife.com.ar\/es\/wp-json\/wp\/v2\/media\/92284"}],"wp:attachment":[{"href":"https:\/\/enolife.com.ar\/es\/wp-json\/wp\/v2\/media?parent=92269"}],"wp:term":[{"taxonomy":"category","embeddable":true,"href":"https:\/\/enolife.com.ar\/es\/wp-json\/wp\/v2\/categories?post=92269"},{"taxonomy":"post_tag","embeddable":true,"href":"https:\/\/enolife.com.ar\/es\/wp-json\/wp\/v2\/tags?post=92269"}],"curies":[{"name":"wp","href":"https:\/\/api.w.org\/{rel}","templated":true}]}}