{"id":91995,"date":"2023-05-06T14:30:14","date_gmt":"2023-05-06T14:30:14","guid":{"rendered":"https:\/\/enolife.com.ar\/es\/?p=91995"},"modified":"2023-05-11T17:23:48","modified_gmt":"2023-05-11T17:23:48","slug":"las-hacedoras-de-vino-dionisias-presentaron-sus-creaciones-ante-400-enofilos","status":"publish","type":"post","link":"https:\/\/enolife.com.ar\/es\/las-hacedoras-de-vino-dionisias-presentaron-sus-creaciones-ante-400-enofilos\/","title":{"rendered":"Las hacedoras de vino Dionisias presentaron sus creaciones ante 400 en\u00f3filos"},"content":{"rendered":"\n<h4 class=\"wp-block-heading\"><em><strong>El s\u00e1bado 29 de abril se realiz\u00f3 en la bodega Lamadrid Estate Wines de Luj\u00e1n, Mendoza, la primera feria \u00abDionisias Wine Fair\u00bb, protagonizada por 25 mujeres profesionales de la vitivinicultura -en\u00f3logas, agr\u00f3nomas y bodegueras-, quienes presentaron sus 90 etiquetas a 400 personas que pasaron a degustar por cada uno de los stands. En un clima soleado y distendido, el DJ Gustavo Parra puso m\u00fasica y las organizadoras y anfitrionas Gabriela Malizia y Florencia Da Souza adelantaron que en poco tiempo se viene la segunda.<\/strong><\/em><\/h4>\n\n\n\n<div style=\"height:40px\" aria-hidden=\"true\" class=\"wp-block-spacer\"><\/div>\n\n\n\n\n\n<div style=\"height:45px\" aria-hidden=\"true\" class=\"wp-block-spacer\"><\/div>\n\n\n\n<p>Para celebrar el mes de la cepa insignia argentina, dos mujeres comunicadoras del vino y expertas organizadoras de eventos &#8211;<strong>Gabriela Malizia<\/strong> y <strong>Florencia Da Souza<\/strong>&#8211; llevaron a cabo una feria de vinos de varietales malbec hechos por mujeres en\u00f3logas, agr\u00f3nomas y bodegueras. <\/p>\n\n\n\n<p>La actividad se realiz\u00f3 en los jardines de la <strong>Bodega Lamadrid<\/strong>, ubicada en Las Compuertas -Luj\u00e1n de Cuyo, Mendoza- en un d\u00eda de sol radiante y con 400 asistentes que durante toda la tarde tuvieron la posibilidad de degustar los vinos en los stands de cada bodega, conocer a sus hacedoras y disfrutar de la m\u00fasica del DJ <strong>Gustavo Parra<\/strong>, de las empanadas ofrecidas por la bodega y los caf\u00e9s y pasteler\u00eda de El Molinillo.<\/p>\n\n\n\n<p>Asistieron y degustaron los malbec varias mujeres que hoy ocupan roles clave en la vitivinicultura argentina, como <strong>Magdalena Pesce<\/strong>, gerenta de Wines of Argentina; la ministra de Turismo y Cultura de Mendoza, <strong>Nora Vicario<\/strong> y la directora de G\u00e9nero de la Municipalidad de Luj\u00e1n, <strong>Gisela Amoros<\/strong>.<\/p>\n\n\n\n<div style=\"height:30px\" aria-hidden=\"true\" class=\"wp-block-spacer\"><\/div>\n\n\n\n<figure class=\"wp-block-gallery aligncenter has-nested-images columns-default is-cropped wp-block-gallery-1 is-layout-flex wp-block-gallery-is-layout-flex\">\n<figure class=\"wp-block-image size-full\"><a href=\"https:\/\/enolife.com.ar\/es\/wp-content\/uploads\/2023\/05\/Sociales-Flor-Da-Souza-Graciela-Reta-Maggie-Pesce-Malela-Abihaggle-y-Bea-Barbera.-1-2.jpg\" data-rel=\"penci-gallery-image-content\" ><img loading=\"lazy\" decoding=\"async\" width=\"600\" height=\"400\" data-id=\"92025\" src=\"https:\/\/enolife.com.ar\/es\/wp-content\/uploads\/2023\/05\/Sociales-Flor-Da-Souza-Graciela-Reta-Maggie-Pesce-Malela-Abihaggle-y-Bea-Barbera.-1-2.jpg\" alt=\"\" class=\"wp-image-92025\" srcset=\"https:\/\/enolife.com.ar\/es\/wp-content\/uploads\/2023\/05\/Sociales-Flor-Da-Souza-Graciela-Reta-Maggie-Pesce-Malela-Abihaggle-y-Bea-Barbera.-1-2.jpg 600w, https:\/\/enolife.com.ar\/es\/wp-content\/uploads\/2023\/05\/Sociales-Flor-Da-Souza-Graciela-Reta-Maggie-Pesce-Malela-Abihaggle-y-Bea-Barbera.-1-2-300x200.jpg 300w, https:\/\/enolife.com.ar\/es\/wp-content\/uploads\/2023\/05\/Sociales-Flor-Da-Souza-Graciela-Reta-Maggie-Pesce-Malela-Abihaggle-y-Bea-Barbera.-1-2-585x390.jpg 585w\" sizes=\"auto, (max-width: 600px) 100vw, 600px\" \/><\/a><figcaption class=\"wp-element-caption\"><em><strong>Florencia Da Souza, Graciela Reta, Magdalena Pesce, Gabriela Abihaggle y Beatr\u00edz Barbera<\/strong><\/em><\/figcaption><\/figure>\n\n\n\n<figure class=\"wp-block-image size-full\"><a href=\"https:\/\/enolife.com.ar\/es\/wp-content\/uploads\/2023\/05\/Sociales-Giancarlo-Manino-Nora-Vicario-Fabian-Sama-y-Gustavo-Valdez-2.jpg\" data-rel=\"penci-gallery-image-content\" ><img loading=\"lazy\" decoding=\"async\" width=\"600\" height=\"400\" data-id=\"92024\" src=\"https:\/\/enolife.com.ar\/es\/wp-content\/uploads\/2023\/05\/Sociales-Giancarlo-Manino-Nora-Vicario-Fabian-Sama-y-Gustavo-Valdez-2.jpg\" alt=\"\" class=\"wp-image-92024\" srcset=\"https:\/\/enolife.com.ar\/es\/wp-content\/uploads\/2023\/05\/Sociales-Giancarlo-Manino-Nora-Vicario-Fabian-Sama-y-Gustavo-Valdez-2.jpg 600w, https:\/\/enolife.com.ar\/es\/wp-content\/uploads\/2023\/05\/Sociales-Giancarlo-Manino-Nora-Vicario-Fabian-Sama-y-Gustavo-Valdez-2-300x200.jpg 300w, https:\/\/enolife.com.ar\/es\/wp-content\/uploads\/2023\/05\/Sociales-Giancarlo-Manino-Nora-Vicario-Fabian-Sama-y-Gustavo-Valdez-2-585x390.jpg 585w\" sizes=\"auto, (max-width: 600px) 100vw, 600px\" \/><\/a><figcaption class=\"wp-element-caption\"><em><strong>Giancarlo Manino, Nora Vicario, Fabi\u00e1n Sama y Gustavo Vald\u00e9z<\/strong><\/em><\/figcaption><\/figure>\n<\/figure>\n\n\n\n<div style=\"height:30px\" aria-hidden=\"true\" class=\"wp-block-spacer\"><\/div>\n\n\n\n<p>La feria cont\u00f3 con la participaci\u00f3n de reconocidas en\u00f3logas como Gabriela Celeste (Eno Consultora), Estela Perinetti (Las Estelas), Andrea Ferreyra (Finca La Celia), Magdalena Viani (Trivento), Alejandra Riofr\u00edo (Navarro Correas), Paula Borgo, Clara Roby y Flor Castellani (Feraz), Mariela Ardito (Ubuntu), Evelin Colchad y Victoria Prandina, junto a Cecilia Buj (Bodega Vinorum); &nbsp;Marianela Rossi (Reval de San Isidro), Mar\u00eda Jos\u00e9 Vera (Bodega Budeguer), Angelina Ya\u00f1ez (Lamadrid Estate Wines), Denis Vicino (Finca La Anita), Graciela Reta (Santa Faustina), Miriam G\u00f3mez (Antigal y S\u00f3lo una vez), Mar\u00eda Jimena L\u00f3pez Campos (S\u00f3lo una Vez y Grafitto), Paula Gonz\u00e1lez (Pyros Wines), Gabriela Garc\u00eda (I+D en Bodega Salentein), Laura Alturria (Alturria Wines) y Antonella y Marita Bressia (Bressia Casa de Vinos).<\/p>\n\n\n\n<div style=\"height:30px\" aria-hidden=\"true\" class=\"wp-block-spacer\"><\/div>\n\n\n\n<div class=\"wp-block-group is-nowrap is-layout-flex wp-container-core-group-is-layout-ad2f72ca wp-block-group-is-layout-flex\">\n<div class=\"wp-block-group is-nowrap is-layout-flex wp-container-core-group-is-layout-ad2f72ca wp-block-group-is-layout-flex\">\n<figure class=\"wp-block-gallery has-nested-images columns-default is-cropped wp-block-gallery-2 is-layout-flex wp-block-gallery-is-layout-flex\">\n<figure class=\"wp-block-image size-full\"><a href=\"https:\/\/enolife.com.ar\/es\/wp-content\/uploads\/2023\/05\/Sociales-Los-responsables-del-stand-de-Domaine-Bousquet.jpg\" data-rel=\"penci-gallery-image-content\" ><img loading=\"lazy\" decoding=\"async\" width=\"599\" height=\"400\" data-id=\"92014\" src=\"https:\/\/enolife.com.ar\/es\/wp-content\/uploads\/2023\/05\/Sociales-Los-responsables-del-stand-de-Domaine-Bousquet.jpg\" alt=\"\" class=\"wp-image-92014\" srcset=\"https:\/\/enolife.com.ar\/es\/wp-content\/uploads\/2023\/05\/Sociales-Los-responsables-del-stand-de-Domaine-Bousquet.jpg 599w, https:\/\/enolife.com.ar\/es\/wp-content\/uploads\/2023\/05\/Sociales-Los-responsables-del-stand-de-Domaine-Bousquet-300x200.jpg 300w, https:\/\/enolife.com.ar\/es\/wp-content\/uploads\/2023\/05\/Sociales-Los-responsables-del-stand-de-Domaine-Bousquet-585x391.jpg 585w\" sizes=\"auto, (max-width: 599px) 100vw, 599px\" \/><\/a><figcaption class=\"wp-element-caption\"><em><strong>El equipo de la Bodega Domaine Busquet<\/strong><\/em><\/figcaption><\/figure>\n\n\n\n<figure class=\"wp-block-image size-full\"><a href=\"https:\/\/enolife.com.ar\/es\/wp-content\/uploads\/2023\/05\/Sociales-Flor-Da-Souza-Miriam-Gomez-Andrea-Ferreyra-Maria-Jimena-Lopez-gaby-Malizia-y-Mariela-Ardito.-.jpg\" data-rel=\"penci-gallery-image-content\" ><img loading=\"lazy\" decoding=\"async\" width=\"595\" height=\"400\" data-id=\"92013\" src=\"https:\/\/enolife.com.ar\/es\/wp-content\/uploads\/2023\/05\/Sociales-Flor-Da-Souza-Miriam-Gomez-Andrea-Ferreyra-Maria-Jimena-Lopez-gaby-Malizia-y-Mariela-Ardito.-.jpg\" alt=\"\" class=\"wp-image-92013\" srcset=\"https:\/\/enolife.com.ar\/es\/wp-content\/uploads\/2023\/05\/Sociales-Flor-Da-Souza-Miriam-Gomez-Andrea-Ferreyra-Maria-Jimena-Lopez-gaby-Malizia-y-Mariela-Ardito.-.jpg 595w, https:\/\/enolife.com.ar\/es\/wp-content\/uploads\/2023\/05\/Sociales-Flor-Da-Souza-Miriam-Gomez-Andrea-Ferreyra-Maria-Jimena-Lopez-gaby-Malizia-y-Mariela-Ardito.--300x202.jpg 300w, https:\/\/enolife.com.ar\/es\/wp-content\/uploads\/2023\/05\/Sociales-Flor-Da-Souza-Miriam-Gomez-Andrea-Ferreyra-Maria-Jimena-Lopez-gaby-Malizia-y-Mariela-Ardito.--585x393.jpg 585w\" sizes=\"auto, (max-width: 595px) 100vw, 595px\" \/><\/a><figcaption class=\"wp-element-caption\"><em><strong>Flor Da Souza, Miriam G\u00f3mez, Andrea Ferreyra, Mar\u00eda Jimena L\u00f3pez, Gaby Malizia y Mariela Ardito<\/strong><\/em>.<\/figcaption><\/figure>\n<\/figure>\n<\/div>\n<\/div>\n\n\n\n<div style=\"height:30px\" aria-hidden=\"true\" class=\"wp-block-spacer\"><\/div>\n\n\n\n<p>Tambi\u00e9n estuvieron presentes varias integrantes de <strong>Mujeres de la Vi\u00f1a<\/strong>, un grupo conformado por 23 mujeres vi\u00f1ateras de Valle de Uco con un proyecto conformado por dos vinos. Asimismo, la feria cont\u00f3 con la participaci\u00f3n de bodegas cuyas due\u00f1as son mujeres como Susana Balbo, Lagarde, Huentala Wines y Domaine Bousquet.<\/p>\n\n\n\n<div style=\"height:35px\" aria-hidden=\"true\" class=\"wp-block-spacer\"><\/div>\n\n\n\n<div class=\"wp-block-group is-nowrap is-layout-flex wp-container-core-group-is-layout-ad2f72ca wp-block-group-is-layout-flex\">\n<figure class=\"wp-block-gallery has-nested-images columns-default is-cropped wp-block-gallery-3 is-layout-flex wp-block-gallery-is-layout-flex\">\n<figure class=\"wp-block-image size-full\"><a href=\"https:\/\/enolife.com.ar\/es\/wp-content\/uploads\/2023\/05\/mujeres-de-la-vina.jpg\" data-rel=\"penci-gallery-image-content\" ><img loading=\"lazy\" decoding=\"async\" width=\"533\" height=\"400\" data-id=\"92005\" src=\"https:\/\/enolife.com.ar\/es\/wp-content\/uploads\/2023\/05\/mujeres-de-la-vina.jpg\" alt=\"\" class=\"wp-image-92005\" srcset=\"https:\/\/enolife.com.ar\/es\/wp-content\/uploads\/2023\/05\/mujeres-de-la-vina.jpg 533w, https:\/\/enolife.com.ar\/es\/wp-content\/uploads\/2023\/05\/mujeres-de-la-vina-300x225.jpg 300w\" sizes=\"auto, (max-width: 533px) 100vw, 533px\" \/><\/a><figcaption class=\"wp-element-caption\"><em><strong>Mujeres de la Vi\u00f1a<\/strong><\/em><\/figcaption><\/figure>\n\n\n\n<figure class=\"wp-block-image size-full\"><a href=\"https:\/\/enolife.com.ar\/es\/wp-content\/uploads\/2023\/05\/Stand-de-Huentala-Wines.jpg\" data-rel=\"penci-gallery-image-content\" ><img loading=\"lazy\" decoding=\"async\" width=\"600\" height=\"400\" data-id=\"92008\" src=\"https:\/\/enolife.com.ar\/es\/wp-content\/uploads\/2023\/05\/Stand-de-Huentala-Wines.jpg\" alt=\"\" class=\"wp-image-92008\" srcset=\"https:\/\/enolife.com.ar\/es\/wp-content\/uploads\/2023\/05\/Stand-de-Huentala-Wines.jpg 600w, https:\/\/enolife.com.ar\/es\/wp-content\/uploads\/2023\/05\/Stand-de-Huentala-Wines-300x200.jpg 300w, https:\/\/enolife.com.ar\/es\/wp-content\/uploads\/2023\/05\/Stand-de-Huentala-Wines-585x390.jpg 585w\" sizes=\"auto, (max-width: 600px) 100vw, 600px\" \/><\/a><figcaption class=\"wp-element-caption\"><em><strong>Florencia Civelli y Josefina Aguirre<\/strong><\/em><\/figcaption><\/figure>\n<\/figure>\n<\/div>\n\n\n\n<div style=\"height:40px\" aria-hidden=\"true\" class=\"wp-block-spacer\"><\/div>\n\n\n\n<p class=\"has-medium-font-size\"><strong>Dionisias, en la voz de las protagonistas<\/strong><\/p>\n\n\n\n<p>Las hacedoras de malbecs argentinos opinaron sobre la jornada.<\/p>\n\n\n\n<p><strong>Graciela Reta<\/strong>, en\u00f3loga y docente de larga trayectoria que elabora sus vinos en Jun\u00edn, Mendoza, donde tiene su bodega Santa Faustina Winery, expres\u00f3: <em>\u201cEstoy feliz de ser parte de este evento, es un hermoso reconocimiento para las mujeres que llevamos mucho tiempo en esta industria<\/em>\u201d. <\/p>\n\n\n\n<div style=\"height:30px\" aria-hidden=\"true\" class=\"wp-block-spacer\"><\/div>\n\n\n\n<figure class=\"wp-block-gallery has-nested-images columns-default is-cropped wp-block-gallery-4 is-layout-flex wp-block-gallery-is-layout-flex\">\n<figure class=\"wp-block-image size-full\"><a href=\"https:\/\/enolife.com.ar\/es\/wp-content\/uploads\/2023\/05\/Victoria-Acosta-en-el-stand-de-Trivento.jpg\" data-rel=\"penci-gallery-image-content\" ><img loading=\"lazy\" decoding=\"async\" width=\"600\" height=\"400\" data-id=\"92041\" src=\"https:\/\/enolife.com.ar\/es\/wp-content\/uploads\/2023\/05\/Victoria-Acosta-en-el-stand-de-Trivento.jpg\" alt=\"\" class=\"wp-image-92041\" srcset=\"https:\/\/enolife.com.ar\/es\/wp-content\/uploads\/2023\/05\/Victoria-Acosta-en-el-stand-de-Trivento.jpg 600w, https:\/\/enolife.com.ar\/es\/wp-content\/uploads\/2023\/05\/Victoria-Acosta-en-el-stand-de-Trivento-300x200.jpg 300w, https:\/\/enolife.com.ar\/es\/wp-content\/uploads\/2023\/05\/Victoria-Acosta-en-el-stand-de-Trivento-585x390.jpg 585w\" sizes=\"auto, (max-width: 600px) 100vw, 600px\" \/><\/a><figcaption class=\"wp-element-caption\"><em><strong>Victoria Acosta de Bodega Trivento<\/strong><\/em><\/figcaption><\/figure>\n\n\n\n<figure class=\"wp-block-image size-full\"><a href=\"https:\/\/enolife.com.ar\/es\/wp-content\/uploads\/2023\/05\/Stand-de-Bodega-Bressia.jpg\" data-rel=\"penci-gallery-image-content\" ><img loading=\"lazy\" decoding=\"async\" width=\"600\" height=\"400\" data-id=\"92042\" src=\"https:\/\/enolife.com.ar\/es\/wp-content\/uploads\/2023\/05\/Stand-de-Bodega-Bressia.jpg\" alt=\"\" class=\"wp-image-92042\" srcset=\"https:\/\/enolife.com.ar\/es\/wp-content\/uploads\/2023\/05\/Stand-de-Bodega-Bressia.jpg 600w, https:\/\/enolife.com.ar\/es\/wp-content\/uploads\/2023\/05\/Stand-de-Bodega-Bressia-300x200.jpg 300w, https:\/\/enolife.com.ar\/es\/wp-content\/uploads\/2023\/05\/Stand-de-Bodega-Bressia-585x390.jpg 585w\" sizes=\"auto, (max-width: 600px) 100vw, 600px\" \/><\/a><figcaption class=\"wp-element-caption\"><em><strong>Bodega Bressia<\/strong><\/em><\/figcaption><\/figure>\n<\/figure>\n\n\n\n<div style=\"height:30px\" aria-hidden=\"true\" class=\"wp-block-spacer\"><\/div>\n\n\n\n<p>Entusiasta, <strong>Ana Lovaglio Balbo<\/strong> -hija de la primera en\u00f3loga mujer de Argentina, Susana Balbo- agreg\u00f3: \u201c<em>Nos encant\u00f3 esta iniciativa, la feria fue muy agradable, la gente que pas\u00f3 por nuestro stand se interioriz\u00f3 de los vinos y pregunt\u00f3 d\u00f3nde adquirirlos. Para nosotros algo muy bueno ya que tenemos la tienda online\u201d<\/em>.<\/p>\n\n\n\n<div style=\"height:30px\" aria-hidden=\"true\" class=\"wp-block-spacer\"><\/div>\n\n\n\n<div class=\"wp-block-group is-content-justification-center is-nowrap is-layout-flex wp-container-core-group-is-layout-94bc23d7 wp-block-group-is-layout-flex\">\n<figure class=\"wp-block-gallery has-nested-images columns-default is-cropped wp-block-gallery-5 is-layout-flex wp-block-gallery-is-layout-flex\">\n<figure class=\"wp-block-image size-full\"><a href=\"https:\/\/enolife.com.ar\/es\/wp-content\/uploads\/2023\/05\/Stand-de-Feraz.jpg\" data-rel=\"penci-gallery-image-content\" ><img loading=\"lazy\" decoding=\"async\" width=\"397\" height=\"425\" data-id=\"92010\" src=\"https:\/\/enolife.com.ar\/es\/wp-content\/uploads\/2023\/05\/Stand-de-Feraz.jpg\" alt=\"\" class=\"wp-image-92010\" srcset=\"https:\/\/enolife.com.ar\/es\/wp-content\/uploads\/2023\/05\/Stand-de-Feraz.jpg 397w, https:\/\/enolife.com.ar\/es\/wp-content\/uploads\/2023\/05\/Stand-de-Feraz-280x300.jpg 280w\" sizes=\"auto, (max-width: 397px) 100vw, 397px\" \/><\/a><figcaption class=\"wp-element-caption\"><em><strong>Bodega Feraz<\/strong><\/em><\/figcaption><\/figure>\n\n\n\n<figure class=\"wp-block-image size-full\"><a href=\"https:\/\/enolife.com.ar\/es\/wp-content\/uploads\/2023\/05\/Sociales-La-enologa-Angelina-Yanez-de-Lamadrid-Estate-Wines.jpg\" data-rel=\"penci-gallery-image-content\" ><img loading=\"lazy\" decoding=\"async\" width=\"400\" height=\"600\" data-id=\"92017\" src=\"https:\/\/enolife.com.ar\/es\/wp-content\/uploads\/2023\/05\/Sociales-La-enologa-Angelina-Yanez-de-Lamadrid-Estate-Wines.jpg\" alt=\"\" class=\"wp-image-92017\" srcset=\"https:\/\/enolife.com.ar\/es\/wp-content\/uploads\/2023\/05\/Sociales-La-enologa-Angelina-Yanez-de-Lamadrid-Estate-Wines.jpg 400w, https:\/\/enolife.com.ar\/es\/wp-content\/uploads\/2023\/05\/Sociales-La-enologa-Angelina-Yanez-de-Lamadrid-Estate-Wines-200x300.jpg 200w\" sizes=\"auto, (max-width: 400px) 100vw, 400px\" \/><\/a><figcaption class=\"wp-element-caption\"><em><strong>Los anfitriones de la casa, Bodega Lamadrid<\/strong><\/em><\/figcaption><\/figure>\n<\/figure>\n<\/div>\n\n\n\n<div style=\"height:30px\" aria-hidden=\"true\" class=\"wp-block-spacer\"><\/div>\n\n\n\n<p>Por su parte, <strong>Antonella<\/strong> y<strong> Marita Bressia<\/strong>, hijas del reconocido en\u00f3logo Walter Bressia, compartieron los vinos frescos y frutados de la l\u00ednea Sylvestra y subrayaron la importancia de que los j\u00f3venes se acerquen al vino en estos eventos. Walter Bressia y su esposa Marita tambi\u00e9n estuvieron presentes, acompa\u00f1ando a sus hijas y disfrutando distendidos.<\/p>\n\n\n\n<div style=\"height:30px\" aria-hidden=\"true\" class=\"wp-block-spacer\"><\/div>\n\n\n\n<div class=\"wp-block-group is-nowrap is-layout-flex wp-container-core-group-is-layout-ad2f72ca wp-block-group-is-layout-flex\">\n<div class=\"wp-block-group is-content-justification-center is-nowrap is-layout-flex wp-container-core-group-is-layout-94bc23d7 wp-block-group-is-layout-flex\">\n<figure class=\"wp-block-gallery has-nested-images columns-default is-cropped wp-block-gallery-6 is-layout-flex wp-block-gallery-is-layout-flex\">\n<figure class=\"wp-block-image size-full\"><a href=\"https:\/\/enolife.com.ar\/es\/wp-content\/uploads\/2023\/05\/Sociales-La-enologa-Denis-Vicino-al-frente-del-stand-de-Finca-La-Anita.jpg\" data-rel=\"penci-gallery-image-content\" ><img loading=\"lazy\" decoding=\"async\" width=\"600\" height=\"400\" data-id=\"92019\" src=\"https:\/\/enolife.com.ar\/es\/wp-content\/uploads\/2023\/05\/Sociales-La-enologa-Denis-Vicino-al-frente-del-stand-de-Finca-La-Anita.jpg\" alt=\"\" class=\"wp-image-92019\" srcset=\"https:\/\/enolife.com.ar\/es\/wp-content\/uploads\/2023\/05\/Sociales-La-enologa-Denis-Vicino-al-frente-del-stand-de-Finca-La-Anita.jpg 600w, https:\/\/enolife.com.ar\/es\/wp-content\/uploads\/2023\/05\/Sociales-La-enologa-Denis-Vicino-al-frente-del-stand-de-Finca-La-Anita-300x200.jpg 300w, https:\/\/enolife.com.ar\/es\/wp-content\/uploads\/2023\/05\/Sociales-La-enologa-Denis-Vicino-al-frente-del-stand-de-Finca-La-Anita-585x390.jpg 585w\" sizes=\"auto, (max-width: 600px) 100vw, 600px\" \/><\/a><figcaption class=\"wp-element-caption\"><em><strong>Denise Vicino<\/strong><\/em><\/figcaption><\/figure>\n\n\n\n<figure class=\"wp-block-image size-full\"><a href=\"https:\/\/enolife.com.ar\/es\/wp-content\/uploads\/2023\/05\/Sociales-La-enologa-Estela-Perinetti.jpg\" data-rel=\"penci-gallery-image-content\" ><img loading=\"lazy\" decoding=\"async\" width=\"600\" height=\"400\" data-id=\"92020\" src=\"https:\/\/enolife.com.ar\/es\/wp-content\/uploads\/2023\/05\/Sociales-La-enologa-Estela-Perinetti.jpg\" alt=\"\" class=\"wp-image-92020\" srcset=\"https:\/\/enolife.com.ar\/es\/wp-content\/uploads\/2023\/05\/Sociales-La-enologa-Estela-Perinetti.jpg 600w, https:\/\/enolife.com.ar\/es\/wp-content\/uploads\/2023\/05\/Sociales-La-enologa-Estela-Perinetti-300x200.jpg 300w, https:\/\/enolife.com.ar\/es\/wp-content\/uploads\/2023\/05\/Sociales-La-enologa-Estela-Perinetti-585x390.jpg 585w\" sizes=\"auto, (max-width: 600px) 100vw, 600px\" \/><\/a><figcaption class=\"wp-element-caption\"><em><strong>Estela Perinetti<\/strong><\/em><\/figcaption><\/figure>\n<\/figure>\n<\/div>\n<\/div>\n\n\n\n<div style=\"height:30px\" aria-hidden=\"true\" class=\"wp-block-spacer\"><\/div>\n\n\n\n<p>En el stand de Ubuntu, donde la ingeniera agr\u00f3noma <strong>Mariela Ardito<\/strong> y su hijo presentaban vinos propios y algunos de bodegas a los que Mariela asesora, se encontraron amigas de la vida: <strong>Miriam G\u00f3mez<\/strong> y <strong>Jimena L\u00f3pez<\/strong> y la en\u00f3loga <strong>Mariana Thea<\/strong> del Instituto Nacional de Vitivinicultura, quienes se tomaron divertidas fotos y dialogaron con el p\u00fablico.<\/p>\n\n\n\n<div style=\"height:30px\" aria-hidden=\"true\" class=\"wp-block-spacer\"><\/div>\n\n\n\n<figure class=\"wp-block-gallery has-nested-images columns-default is-cropped wp-block-gallery-7 is-layout-flex wp-block-gallery-is-layout-flex\">\n<figure class=\"wp-block-image size-full\"><a href=\"https:\/\/enolife.com.ar\/es\/wp-content\/uploads\/2023\/05\/Ubuntu.jpg\" data-rel=\"penci-gallery-image-content\" ><img loading=\"lazy\" decoding=\"async\" width=\"749\" height=\"500\" data-id=\"92063\" src=\"https:\/\/enolife.com.ar\/es\/wp-content\/uploads\/2023\/05\/Ubuntu.jpg\" alt=\"\" class=\"wp-image-92063\" srcset=\"https:\/\/enolife.com.ar\/es\/wp-content\/uploads\/2023\/05\/Ubuntu.jpg 749w, https:\/\/enolife.com.ar\/es\/wp-content\/uploads\/2023\/05\/Ubuntu-300x200.jpg 300w, https:\/\/enolife.com.ar\/es\/wp-content\/uploads\/2023\/05\/Ubuntu-585x391.jpg 585w\" sizes=\"auto, (max-width: 749px) 100vw, 749px\" \/><\/a><figcaption class=\"wp-element-caption\"><em><strong>Ubuntu, el emprendimiento personal de Mariela Ardito<\/strong><\/em><\/figcaption><\/figure>\n\n\n\n<figure class=\"wp-block-image size-full\"><a href=\"https:\/\/enolife.com.ar\/es\/wp-content\/uploads\/2023\/05\/Stand-de-Bodega-Budeguer.jpg\" data-rel=\"penci-gallery-image-content\" ><img loading=\"lazy\" decoding=\"async\" width=\"600\" height=\"400\" data-id=\"92031\" src=\"https:\/\/enolife.com.ar\/es\/wp-content\/uploads\/2023\/05\/Stand-de-Bodega-Budeguer.jpg\" alt=\"\" class=\"wp-image-92031\" srcset=\"https:\/\/enolife.com.ar\/es\/wp-content\/uploads\/2023\/05\/Stand-de-Bodega-Budeguer.jpg 600w, https:\/\/enolife.com.ar\/es\/wp-content\/uploads\/2023\/05\/Stand-de-Bodega-Budeguer-300x200.jpg 300w, https:\/\/enolife.com.ar\/es\/wp-content\/uploads\/2023\/05\/Stand-de-Bodega-Budeguer-585x390.jpg 585w\" sizes=\"auto, (max-width: 600px) 100vw, 600px\" \/><\/a><figcaption class=\"wp-element-caption\"><em><strong>Bodega Budeguer dijo presente<\/strong><\/em><\/figcaption><\/figure>\n<\/figure>\n\n\n\n<div style=\"height:30px\" aria-hidden=\"true\" class=\"wp-block-spacer\"><\/div>\n\n\n\n<p>Interesante la mezcla de generaciones en el stand de la ingeniera agr\u00f3noma <strong>Laura Alturria<\/strong>, reconocida por su larga trayectoria como investigadora. Junto a ella fueron sus sobrinos, haciendo videos de los vinos para redes sociales.<\/p>\n\n\n\n<p>En tanto, Bodega Vinorum particip\u00f3 con tres de mujeres; la due\u00f1a de la bodega <strong>Cecilia Buj <\/strong>y las dos en\u00f3logas, <strong>Victoria Prandina<\/strong> y <strong>Evelin Colchad<\/strong>. Tanta importancia se le da a la mujer en la bodega que la etiqueta de Vinorum Rouge Malbec 2022 es el rostro de una f\u00e9mina a la que no se le ven los ojos \u201c<em>porque est\u00e1 pensando, y es capaz de transformar la tristeza en alegr\u00eda\u201d,<\/em> cont\u00f3 Cecilia.<\/p>\n\n\n\n<div style=\"height:30px\" aria-hidden=\"true\" class=\"wp-block-spacer\"><\/div>\n\n\n\n<figure class=\"wp-block-gallery has-nested-images columns-default is-cropped wp-block-gallery-8 is-layout-flex wp-block-gallery-is-layout-flex\">\n<figure class=\"wp-block-image size-full\"><a href=\"https:\/\/enolife.com.ar\/es\/wp-content\/uploads\/2023\/05\/Sociales-Las-mujeres-de-Vinorum-al-frente-del-stand.jpg\" data-rel=\"penci-gallery-image-content\" ><img loading=\"lazy\" decoding=\"async\" width=\"600\" height=\"400\" data-id=\"92009\" src=\"https:\/\/enolife.com.ar\/es\/wp-content\/uploads\/2023\/05\/Sociales-Las-mujeres-de-Vinorum-al-frente-del-stand.jpg\" alt=\"\" class=\"wp-image-92009\" srcset=\"https:\/\/enolife.com.ar\/es\/wp-content\/uploads\/2023\/05\/Sociales-Las-mujeres-de-Vinorum-al-frente-del-stand.jpg 600w, https:\/\/enolife.com.ar\/es\/wp-content\/uploads\/2023\/05\/Sociales-Las-mujeres-de-Vinorum-al-frente-del-stand-300x200.jpg 300w, https:\/\/enolife.com.ar\/es\/wp-content\/uploads\/2023\/05\/Sociales-Las-mujeres-de-Vinorum-al-frente-del-stand-585x390.jpg 585w\" sizes=\"auto, (max-width: 600px) 100vw, 600px\" \/><\/a><figcaption class=\"wp-element-caption\"><em><strong>Evelin Colchad, Victoria Prandina y Cecilia Buj<\/strong><\/em><\/figcaption><\/figure>\n\n\n\n<figure class=\"wp-block-image size-full\"><a href=\"https:\/\/enolife.com.ar\/es\/wp-content\/uploads\/2023\/05\/Sociales-La-enologa-Estela-Perinetti-1.jpg\" data-rel=\"penci-gallery-image-content\" ><img loading=\"lazy\" decoding=\"async\" width=\"600\" height=\"400\" data-id=\"92033\" src=\"https:\/\/enolife.com.ar\/es\/wp-content\/uploads\/2023\/05\/Sociales-La-enologa-Estela-Perinetti-1.jpg\" alt=\"\" class=\"wp-image-92033\" srcset=\"https:\/\/enolife.com.ar\/es\/wp-content\/uploads\/2023\/05\/Sociales-La-enologa-Estela-Perinetti-1.jpg 600w, https:\/\/enolife.com.ar\/es\/wp-content\/uploads\/2023\/05\/Sociales-La-enologa-Estela-Perinetti-1-300x200.jpg 300w, https:\/\/enolife.com.ar\/es\/wp-content\/uploads\/2023\/05\/Sociales-La-enologa-Estela-Perinetti-1-585x390.jpg 585w\" sizes=\"auto, (max-width: 600px) 100vw, 600px\" \/><\/a><figcaption class=\"wp-element-caption\"><em><strong>Estela Perinetti<\/strong><\/em><\/figcaption><\/figure>\n<\/figure>\n\n\n\n<div style=\"height:30px\" aria-hidden=\"true\" class=\"wp-block-spacer\"><\/div>\n\n\n\n<p>Las organizadoras de <em>Dionisias Wine Fair<\/em>, <strong>Gabriela Malizia y Florencia Da Souza<\/strong> agradecieron a <strong>Lamadrid Estate Wines y a su propietaria Gabriela Garc\u00eda<\/strong>, por ser la bodega anfitriona de esta primera edici\u00f3n y auguraron en breve una segunda, con sorpresas y m\u00e1s mujeres del vino sum\u00e1ndose a la propuesta.<\/p>\n\n\n\n<p><em>\u201cMerecen una nueva menci\u00f3n las en\u00f3logas, bodegueras y asesoras de proyectos que hoy est\u00e1n formando parte de esta primera edici\u00f3n de Dionisias. Sin ellas esta feria no hubiera sido posible\u201d,<\/em> dijeron las periodistas mendocinas, felices con este proyecto.<\/p>\n\n\n\n<div style=\"height:30px\" aria-hidden=\"true\" class=\"wp-block-spacer\"><\/div>\n\n\n\n<figure class=\"wp-block-gallery has-nested-images columns-default is-cropped wp-block-gallery-9 is-layout-flex wp-block-gallery-is-layout-flex\">\n<figure class=\"wp-block-image size-full\"><a href=\"https:\/\/enolife.com.ar\/es\/wp-content\/uploads\/2023\/05\/Sociales-Pupi-Gonzalez-en-el-stand-de-Salentein-y-Pyros.jpg\" data-rel=\"penci-gallery-image-content\" ><img loading=\"lazy\" decoding=\"async\" width=\"399\" height=\"509\" data-id=\"92035\" src=\"https:\/\/enolife.com.ar\/es\/wp-content\/uploads\/2023\/05\/Sociales-Pupi-Gonzalez-en-el-stand-de-Salentein-y-Pyros.jpg\" alt=\"\" class=\"wp-image-92035\" srcset=\"https:\/\/enolife.com.ar\/es\/wp-content\/uploads\/2023\/05\/Sociales-Pupi-Gonzalez-en-el-stand-de-Salentein-y-Pyros.jpg 399w, https:\/\/enolife.com.ar\/es\/wp-content\/uploads\/2023\/05\/Sociales-Pupi-Gonzalez-en-el-stand-de-Salentein-y-Pyros-235x300.jpg 235w\" sizes=\"auto, (max-width: 399px) 100vw, 399px\" \/><\/a><figcaption class=\"wp-element-caption\"><em><strong>Pupi Gonz\u00e1lez<\/strong><\/em><\/figcaption><\/figure>\n\n\n\n<figure class=\"wp-block-image size-full\"><a href=\"https:\/\/enolife.com.ar\/es\/wp-content\/uploads\/2023\/05\/Sociales-Sofia-Smud-y-Walter-Pavon.jpg\" data-rel=\"penci-gallery-image-content\" ><img loading=\"lazy\" decoding=\"async\" width=\"399\" height=\"500\" data-id=\"92036\" src=\"https:\/\/enolife.com.ar\/es\/wp-content\/uploads\/2023\/05\/Sociales-Sofia-Smud-y-Walter-Pavon.jpg\" alt=\"\" class=\"wp-image-92036\" srcset=\"https:\/\/enolife.com.ar\/es\/wp-content\/uploads\/2023\/05\/Sociales-Sofia-Smud-y-Walter-Pavon.jpg 399w, https:\/\/enolife.com.ar\/es\/wp-content\/uploads\/2023\/05\/Sociales-Sofia-Smud-y-Walter-Pavon-239x300.jpg 239w\" sizes=\"auto, (max-width: 399px) 100vw, 399px\" \/><\/a><figcaption class=\"wp-element-caption\"><em><strong>Sof\u00eda Smud y Walter Pav\u00f3n<\/strong><\/em><\/figcaption><\/figure>\n<\/figure>\n\n\n\n<div style=\"height:30px\" aria-hidden=\"true\" class=\"wp-block-spacer\"><\/div>\n\n\n\n<p>Acompa\u00f1aron Club Vea Vinos, Hillebrand- Gori, T\u00e1bula La Imprenta, Villavicencio, La Camionera Mendocina, Cepajes Accesorios y Wine Institute. El apoyo institucional estuvo por parte de Wines of Argentina y Bodegas de Argentina. Como medias partners: Revista Voil\u00e1, Mundo ClubHouse y El Triunfo de Baco.<\/p>\n\n\n\n<div style=\"height:35px\" aria-hidden=\"true\" class=\"wp-block-spacer\"><\/div>\n\n\n\n<figure class=\"wp-block-gallery has-nested-images columns-default is-cropped wp-block-gallery-10 is-layout-flex wp-block-gallery-is-layout-flex\">\n<figure class=\"wp-block-image size-full\"><a href=\"https:\/\/enolife.com.ar\/es\/wp-content\/uploads\/2023\/05\/Sociales-Marita-Bressia-Matias-Dellacasa-y-Marita-Bressia-madre.jpg\" data-rel=\"penci-gallery-image-content\" ><img loading=\"lazy\" decoding=\"async\" width=\"600\" height=\"400\" data-id=\"92046\" src=\"https:\/\/enolife.com.ar\/es\/wp-content\/uploads\/2023\/05\/Sociales-Marita-Bressia-Matias-Dellacasa-y-Marita-Bressia-madre.jpg\" alt=\"\" class=\"wp-image-92046\" srcset=\"https:\/\/enolife.com.ar\/es\/wp-content\/uploads\/2023\/05\/Sociales-Marita-Bressia-Matias-Dellacasa-y-Marita-Bressia-madre.jpg 600w, https:\/\/enolife.com.ar\/es\/wp-content\/uploads\/2023\/05\/Sociales-Marita-Bressia-Matias-Dellacasa-y-Marita-Bressia-madre-300x200.jpg 300w, https:\/\/enolife.com.ar\/es\/wp-content\/uploads\/2023\/05\/Sociales-Marita-Bressia-Matias-Dellacasa-y-Marita-Bressia-madre-585x390.jpg 585w\" sizes=\"auto, (max-width: 600px) 100vw, 600px\" \/><\/a><figcaption class=\"wp-element-caption\"><em><strong>Marita Bressia (hija), Mat\u00edas Dellacasa y Marita Bressia (madre)<\/strong><\/em><\/figcaption><\/figure>\n\n\n\n<figure class=\"wp-block-image size-full\"><a href=\"https:\/\/enolife.com.ar\/es\/wp-content\/uploads\/2023\/05\/Sociales-Musica-a-cargo-de-Gustavo-Parra-1.jpg\" data-rel=\"penci-gallery-image-content\" ><img loading=\"lazy\" decoding=\"async\" width=\"600\" height=\"400\" data-id=\"92047\" src=\"https:\/\/enolife.com.ar\/es\/wp-content\/uploads\/2023\/05\/Sociales-Musica-a-cargo-de-Gustavo-Parra-1.jpg\" alt=\"\" class=\"wp-image-92047\" srcset=\"https:\/\/enolife.com.ar\/es\/wp-content\/uploads\/2023\/05\/Sociales-Musica-a-cargo-de-Gustavo-Parra-1.jpg 600w, https:\/\/enolife.com.ar\/es\/wp-content\/uploads\/2023\/05\/Sociales-Musica-a-cargo-de-Gustavo-Parra-1-300x200.jpg 300w, https:\/\/enolife.com.ar\/es\/wp-content\/uploads\/2023\/05\/Sociales-Musica-a-cargo-de-Gustavo-Parra-1-585x390.jpg 585w\" sizes=\"auto, (max-width: 600px) 100vw, 600px\" \/><\/a><figcaption class=\"wp-element-caption\"><em><strong>DJ Gustavo Parra<\/strong><\/em><\/figcaption><\/figure>\n<\/figure>\n\n\n\n<div style=\"height:40px\" aria-hidden=\"true\" class=\"wp-block-spacer\"><\/div>\n\n\n\n<p class=\"has-medium-font-size\"><strong>Qu\u00e9 vinos se presentaron<\/strong><\/p>\n\n\n\n<ul class=\"wp-block-list\">\n<li><strong>Susana Balbo<\/strong>: Cr\u00edos Rose Malbec, Cr\u00edos Sustentia Malbec Org\u00e1nico, Susana Balbo Signature Rose, y Susana Balbo Signature Malbec.<\/li>\n\n\n\n<li><strong>Lagarde<\/strong>: Teia Malbec-Petit Verdot 2022, Lagarde Malbec 2021, Lagarde Goes Pink 2022, Guarda DOC 2020<\/li>\n\n\n\n<li><strong>Las Estelas Wines:<\/strong> Las Estelas Malbec 2020, Las Estelas Vineyard Collection Chardonnay 2021, Las Estelas Malbec Cabernet Franc 2020, Estela Perinetti Grand Vin 2020<\/li>\n\n\n\n<li><strong>Ubuntu<\/strong>: Canto III Thentio (Valle del Encuentro) y Rabdomante (Limited Edition)<\/li>\n\n\n\n<li><strong>Bodega Budeguer:<\/strong>&nbsp; Tucum\u00e9n y 400 white blend, petit verdot y malbec<\/li>\n\n\n\n<li><strong>Finca La Anita:<\/strong> Finca La Anita Malbec, Syrah, Petit Verdot y Magna Finca Malbec.<\/li>\n\n\n\n<li><strong>Bodega Bressia<\/strong>: Varietales de la l\u00ednea Sylvestra<\/li>\n\n\n\n<li><strong>Santa Faustina<\/strong>: Santa Faustina D\u00b4Autor Malbec-Syrah, Santa Faustina Malbec, Santa Faustina Chardonnay y Los Lirios Torront\u00e9s<\/li>\n\n\n\n<li><strong>Solo una vez:<\/strong> Red Blend de partidas limitadas, Malbec, Cabernet Franc, Cabernet Sauvignon, Petit verdot, Merlot y Tempranillo.<\/li>\n\n\n\n<li><strong>Bodega Antigal<\/strong>: Aduentus Malbec (\u00edcono), Uno Red Blend, Uno Cabernet Franc<\/li>\n\n\n\n<li><strong>Reval San Isidro:<\/strong> &nbsp;El Oportunista Malbec y Cabernet Sauvignon Reserva, su Malbec tope de gama y el Marsal\u00e1n innovaci\u00f3n de la bodega.<\/li>\n\n\n\n<li><strong>Gabriela Celeste<\/strong>: Gamboa terru\u00f1os \u00fanicos Pinot Noir, Perchel Runa Malbec \u2013 Syrah y Passion de los Andes.<\/li>\n\n\n\n<li><strong>La Celia:<\/strong> Heritage Malbec, Elite Malbec, Elite Cabernet Franc y Pioneer Chardonnay.<\/li>\n\n\n\n<li><strong>Navarro Correas:<\/strong> Navarro Correas Alegor\u00eda Chardonnay y Malbec, Juan de Dios (\u00edcono) y el espumante rose Brut.<\/li>\n\n\n\n<li><strong>Lamadrid Estate Wines: <\/strong>Los Bocheros Blanc de blanca, Zunzun naranjo, rose y tinto cofermentado, Pe\u00f1\u00f3n de Agrelo Cabernet Franc, Lamadrid Single Vineyard Malbec, Lamadrid Reserva Cabernet Franc y Lamadrid Gran reserva Cabernet Sauvignon.<\/li>\n\n\n\n<li><strong>Bodega Salentein: <\/strong>Numina Chardonnay y Pinot Noir<\/li>\n\n\n\n<li><strong>Pyros Wines<\/strong>: &nbsp;Pyros Appellation Malbec y Appellation Chardonnay<\/li>\n\n\n\n<li><strong>Bodega Vinorum<\/strong>: Regina Bianca Chardonnay 2022, Vinorum Rouge Malbec 2022, Winemakers Selection&nbsp;&nbsp; Syrah 2021 y Chateau Brandsen Red Blend 2021.<\/li>\n\n\n\n<li><strong>Domaine Bousquet<\/strong>: Espumante Charmat Rose, Domaine Bousquet Premium Malbec, Reserva Malbec y Gaia White Blend<\/li>\n\n\n\n<li><strong>Alturria Wines<\/strong>: Este Esteban Malbec y Delicadamente, su espumante dulce natural.<\/li>\n\n\n\n<li><strong>Feraz<\/strong>: un corte de tintas que cambia su composici\u00f3n a\u00f1o a a\u00f1o. Es una partid limitada. El 2021 es Malbec (70%), 20%, Cabernet Sauvignon, 5% de Cabernet Franc y 5% de Merlot de Valle de Uco.<\/li>\n\n\n\n<li><strong>Mujeres de la Vi\u00f1a<\/strong>: Malbec Edici\u00f3n Limitada y Apasionadas, blend de blancas y Malbec.<\/li>\n\n\n\n<li><strong>Huentala Wines:<\/strong> Sombrero Malbec 2022 de Valle de Uco, Gran Sombrero Chardonnay y Malbec de Gualtallary, adem\u00e1s de Huentala blend de tintas cofermentadas<\/li>\n\n\n\n<li><strong>Trivento<\/strong>: Golden Reserve Malbec, Cabernet Franc, Cabernet Sauvignon y Chardonnay.<\/li>\n<\/ul>\n\n\n\n<div style=\"height:40px\" aria-hidden=\"true\" class=\"wp-block-spacer\"><\/div>\n\n\n\n<p><\/p>\n","protected":false},"excerpt":{"rendered":"<p>El s\u00e1bado 29 de abril se realiz\u00f3 en la bodega Lamadrid Estate Wines de Luj\u00e1n,&hellip;<\/p>\n","protected":false},"author":3,"featured_media":92048,"comment_status":"open","ping_status":"open","sticky":false,"template":"","format":"standard","meta":{"footnotes":""},"categories":[10],"tags":[],"class_list":["post-91995","post","type-post","status-publish","format-standard","has-post-thumbnail","hentry","category-ferias"],"_links":{"self":[{"href":"https:\/\/enolife.com.ar\/es\/wp-json\/wp\/v2\/posts\/91995","targetHints":{"allow":["GET"]}}],"collection":[{"href":"https:\/\/enolife.com.ar\/es\/wp-json\/wp\/v2\/posts"}],"about":[{"href":"https:\/\/enolife.com.ar\/es\/wp-json\/wp\/v2\/types\/post"}],"author":[{"embeddable":true,"href":"https:\/\/enolife.com.ar\/es\/wp-json\/wp\/v2\/users\/3"}],"replies":[{"embeddable":true,"href":"https:\/\/enolife.com.ar\/es\/wp-json\/wp\/v2\/comments?post=91995"}],"version-history":[{"count":0,"href":"https:\/\/enolife.com.ar\/es\/wp-json\/wp\/v2\/posts\/91995\/revisions"}],"wp:featuredmedia":[{"embeddable":true,"href":"https:\/\/enolife.com.ar\/es\/wp-json\/wp\/v2\/media\/92048"}],"wp:attachment":[{"href":"https:\/\/enolife.com.ar\/es\/wp-json\/wp\/v2\/media?parent=91995"}],"wp:term":[{"taxonomy":"category","embeddable":true,"href":"https:\/\/enolife.com.ar\/es\/wp-json\/wp\/v2\/categories?post=91995"},{"taxonomy":"post_tag","embeddable":true,"href":"https:\/\/enolife.com.ar\/es\/wp-json\/wp\/v2\/tags?post=91995"}],"curies":[{"name":"wp","href":"https:\/\/api.w.org\/{rel}","templated":true}]}}