{"id":91942,"date":"2023-05-04T15:50:34","date_gmt":"2023-05-04T15:50:34","guid":{"rendered":"https:\/\/enolife.com.ar\/es\/?p=91942"},"modified":"2023-05-07T14:15:21","modified_gmt":"2023-05-07T14:15:21","slug":"hotel-sheraton-mendoza-invita-a-una-nueva-feria-de-vinos-de-alta-gama-el-11-12-y-13-5","status":"publish","type":"post","link":"https:\/\/enolife.com.ar\/es\/hotel-sheraton-mendoza-invita-a-una-nueva-feria-de-vinos-de-alta-gama-el-11-12-y-13-5\/","title":{"rendered":"Hotel Sheraton Mendoza invita a una nueva feria de vinos de alta gama el 11, 12 y 13\/5"},"content":{"rendered":"\n<h4 class=\"wp-block-heading\"><em><strong>La ya tradicional feria de vinos premium organizada por el hotel 5 estrellas de calle Primitivo de la Reta de Mendoza se realizar\u00e1 este a\u00f1o del jueves 11 al s\u00e1bado 13 de mayo en el Sal\u00f3n Fernando Fader del establecimiento.<\/strong><\/em><\/h4>\n\n\n\n<div style=\"height:41px\" aria-hidden=\"true\" class=\"wp-block-spacer\"><\/div>\n\n\n<a href=\"https:\/\/www.linkedin.com\/company\/agrinet-sa\/?originalSubdomain=ar\" aria-label=\"1700X500\"><img loading=\"lazy\" decoding=\"async\" src=\"https:\/\/enolife.com.ar\/es\/wp-content\/uploads\/2021\/11\/1700X500.gif\" alt=\"\"  width=\"1700\" height=\"500\"   \/><\/a>\n\n\n<div style=\"height:45px\" aria-hidden=\"true\" class=\"wp-block-spacer\"><\/div>\n\n\n\n<p>El encuentro pondr\u00e1 en escena los mejores vinos de reconocidas bodegas exportadoras y tambi\u00e9n bodegas boutique y artesanales, tanto de <strong>Mendoza<\/strong> como del resto del pa\u00eds vitivin\u00edcola, para que los asistentes puedan disfrutar de la bebida nacional argentina en un contexto apropiado junto a en\u00f3logos, empresarios, turistas, visitantes locales y amantes del vino en general.<\/p>\n\n\n\n<div style=\"height:36px\" aria-hidden=\"true\" class=\"wp-block-spacer\"><\/div>\n\n\n\n<p class=\"has-background\" style=\"background-color:#541d3e29\">Entre las <strong>bodegas<\/strong> que han confirmado su presencia figuran, entre muchas otras, Bodega Argento, Belasco de Baquedano, Bermell\u00f3n, Bodegas Bianchi, Bodega Bressia, Chandon, Coraz\u00f3n del Sol, Do\u00f1a Paula, El Enemigo, Falasco Wines, Familia Morcos, Finca Bandini, Finca Forconesi, Finca La Celia, Flecha de los Andes, Huentala Wines, Los Helechos, Matervini, Mi Terru\u00f1o, Norton, Ojo de Agua, Piattelli Vineyards, Piccolo Banfi, Rutini Wines, Santa Julia, Sottano, Tapiz, Terrazas de los Andes, Vi\u00f1a Las Perdices, Xumek y Familia Zuccardi<\/p>\n\n\n\n<div style=\"height:44px\" aria-hidden=\"true\" class=\"wp-block-spacer\"><\/div>\n\n\n\n<p>Cada bodega participante traer\u00e1 una selecci\u00f3n de etiquetas y los visitantes recibir\u00e1n asesoramiento de lo que deseen degustar, con m\u00e1s de 100 alternativas para elegir.<\/p>\n\n\n\n<div style=\"height:40px\" aria-hidden=\"true\" class=\"wp-block-spacer\"><\/div>\n\n\n\n<figure class=\"wp-block-video aligncenter\"><video controls src=\"https:\/\/enolife.com.ar\/es\/wp-content\/uploads\/2023\/05\/INSTAGRAM-WHATSAPP.mp4\"><\/video><\/figure>\n\n\n\n<div style=\"height:45px\" aria-hidden=\"true\" class=\"wp-block-spacer\"><\/div>\n\n\n\n<p class=\"has-medium-font-size\"><strong>Opciones de gastronom\u00eda por el chef Mart\u00edn Chac\u00f3n<\/strong><\/p>\n\n\n\n<p>Para acompa\u00f1ar la degustaci\u00f3n, el chef ejecutivo del <strong>Hotel Sheraton Mendoza, Mart\u00edn Chac\u00f3n,<\/strong> preparar\u00e1 una propuesta con distintas opciones que incluyen bagel de bondiola braseada, s\u00e1ndwich integral, tr\u00edo de empanadas con salsa pico de gallo, <em>ciabatta<\/em> de bife ancho asado con pepinillos y mostaza antigua, falafel con guacamole y emulsi\u00f3n de yogurt y menta, y burritos de carne al curry con vegetales.<\/p>\n\n\n\n<div style=\"height:35px\" aria-hidden=\"true\" class=\"wp-block-spacer\"><\/div>\n\n\n<div class=\"wp-block-image\">\n<figure class=\"aligncenter size-full is-resized\"><a href=\"https:\/\/enolife.com.ar\/es\/wp-content\/uploads\/2023\/05\/El-chef-Martin-Chacon-y-su-equipo.jpg\" data-rel=\"penci-gallery-image-content\" ><img loading=\"lazy\" decoding=\"async\" src=\"https:\/\/enolife.com.ar\/es\/wp-content\/uploads\/2023\/05\/El-chef-Martin-Chacon-y-su-equipo.jpg\" alt=\"\" class=\"wp-image-91961\" width=\"577\" height=\"410\" srcset=\"https:\/\/enolife.com.ar\/es\/wp-content\/uploads\/2023\/05\/El-chef-Martin-Chacon-y-su-equipo.jpg 703w, https:\/\/enolife.com.ar\/es\/wp-content\/uploads\/2023\/05\/El-chef-Martin-Chacon-y-su-equipo-300x213.jpg 300w, https:\/\/enolife.com.ar\/es\/wp-content\/uploads\/2023\/05\/El-chef-Martin-Chacon-y-su-equipo-585x416.jpg 585w\" sizes=\"auto, (max-width: 577px) 100vw, 577px\" \/><\/a><figcaption class=\"wp-element-caption\"><em><strong>El chef Mart\u00edn Chac\u00f3n (4to izq a der) junto a su equipo<\/strong><\/em><\/figcaption><\/figure><\/div>\n\n\n<div style=\"height:35px\" aria-hidden=\"true\" class=\"wp-block-spacer\"><\/div>\n\n\n\n<p class=\"has-medium-font-size\"><strong>Las empresas acompa\u00f1antes<\/strong><\/p>\n\n\n\n<p>Reconocidas compa\u00f1\u00edas del medio local estar\u00e1n junto a los organizadores del hotel Sheraton interactuando con el p\u00fablico y tambi\u00e9n poniendo en escena sus productos y servicios: <strong>Agua Local<\/strong>, <strong>ITC<\/strong>, <strong>Guarda 14<\/strong>, <strong>Cabify<\/strong>, <strong>Re\/max<\/strong> y <strong>Automotores General San Mart\u00edn<\/strong>.<\/p>\n\n\n\n<div style=\"height:39px\" aria-hidden=\"true\" class=\"wp-block-spacer\"><\/div>\n\n\n\n<p class=\"has-medium-font-size\"><strong>Cada vino con su ficha t\u00e9cnica y su historia<\/strong><\/p>\n\n\n\n<p>Cada bodega ofrecer\u00e1 una rese\u00f1a de su historia, su gente y sus productos, con las fichas t\u00e9cnicas de los vinos que se podr\u00e1n escanar y conocer a trav\u00e9s de un c\u00f3digo QR. As\u00ed los asistentes enriquecer\u00e1n con informaci\u00f3n la experiencia sensorial que constituye cada vino degustado. <\/p>\n\n\n\n<div style=\"height:35px\" aria-hidden=\"true\" class=\"wp-block-spacer\"><\/div>\n\n\n<div class=\"wp-block-image\">\n<figure class=\"aligncenter size-full is-resized\"><a href=\"https:\/\/enolife.com.ar\/es\/wp-content\/uploads\/2023\/05\/Equipo-Alta-Gama-Lucas-Bariffo-Enrique-Crawlovsky-Julio-Camsen-Florencia-Giamportone-Ariel-Perez-y-Andrea-Rizzo.jpg\" data-rel=\"penci-gallery-image-content\" ><img loading=\"lazy\" decoding=\"async\" src=\"https:\/\/enolife.com.ar\/es\/wp-content\/uploads\/2023\/05\/Equipo-Alta-Gama-Lucas-Bariffo-Enrique-Crawlovsky-Julio-Camsen-Florencia-Giamportone-Ariel-Perez-y-Andrea-Rizzo.jpg\" alt=\"\" class=\"wp-image-91972\" width=\"637\" height=\"396\" srcset=\"https:\/\/enolife.com.ar\/es\/wp-content\/uploads\/2023\/05\/Equipo-Alta-Gama-Lucas-Bariffo-Enrique-Crawlovsky-Julio-Camsen-Florencia-Giamportone-Ariel-Perez-y-Andrea-Rizzo.jpg 803w, https:\/\/enolife.com.ar\/es\/wp-content\/uploads\/2023\/05\/Equipo-Alta-Gama-Lucas-Bariffo-Enrique-Crawlovsky-Julio-Camsen-Florencia-Giamportone-Ariel-Perez-y-Andrea-Rizzo-300x187.jpg 300w, https:\/\/enolife.com.ar\/es\/wp-content\/uploads\/2023\/05\/Equipo-Alta-Gama-Lucas-Bariffo-Enrique-Crawlovsky-Julio-Camsen-Florencia-Giamportone-Ariel-Perez-y-Andrea-Rizzo-768x478.jpg 768w, https:\/\/enolife.com.ar\/es\/wp-content\/uploads\/2023\/05\/Equipo-Alta-Gama-Lucas-Bariffo-Enrique-Crawlovsky-Julio-Camsen-Florencia-Giamportone-Ariel-Perez-y-Andrea-Rizzo-585x364.jpg 585w\" sizes=\"auto, (max-width: 637px) 100vw, 637px\" \/><\/a><figcaption class=\"wp-element-caption\"><em><strong>Los organizadores <\/strong><\/em><em style=\"font-weight: bold;\"><strong>de \u00abVinos de Alta Gama\u00bb: Lucas Bariffo, Enrique Crawlovsky, Julio Camsen, Florencia Giamportone, Ariel P\u00e9rez y Andrea Rizzo<\/strong><\/em><\/figcaption><\/figure><\/div>\n\n\n<div style=\"height:35px\" aria-hidden=\"true\" class=\"wp-block-spacer\"><\/div>\n\n\n\n<p class=\"has-medium-font-size\"><strong>Convenio con Cabifiy para que los visitantes viajen c\u00f3modos a precio preferencial<\/strong><\/p>\n\n\n\n<p>El hotel Sheraton suscribi\u00f3 un convenio con la empresa de transporte Cabify para que los visitantes puedan llegar al lugar y luego movilizarse en forma c\u00f3moda y segura, sin riesgos y con un descuento en el viaje. Los interesados pueden ingresar a la aplicaci\u00f3n de Cabify y obtener un 20% de descuento con el c\u00f3digo <strong>ALTAGAMA 2023.<\/strong><\/p>\n\n\n\n<div style=\"height:33px\" aria-hidden=\"true\" class=\"wp-block-spacer\"><\/div>\n\n\n<div class=\"wp-block-image\">\n<figure class=\"alignleft size-full is-resized\"><a href=\"https:\/\/enolife.com.ar\/es\/wp-content\/uploads\/2023\/05\/Alta-Gama-2023-2.jpg\" data-rel=\"penci-gallery-image-content\" ><img loading=\"lazy\" decoding=\"async\" src=\"https:\/\/enolife.com.ar\/es\/wp-content\/uploads\/2023\/05\/Alta-Gama-2023-2.jpg\" alt=\"\" class=\"wp-image-91963\" width=\"290\" height=\"290\" srcset=\"https:\/\/enolife.com.ar\/es\/wp-content\/uploads\/2023\/05\/Alta-Gama-2023-2.jpg 400w, https:\/\/enolife.com.ar\/es\/wp-content\/uploads\/2023\/05\/Alta-Gama-2023-2-300x300.jpg 300w, https:\/\/enolife.com.ar\/es\/wp-content\/uploads\/2023\/05\/Alta-Gama-2023-2-150x150.jpg 150w\" sizes=\"auto, (max-width: 290px) 100vw, 290px\" \/><\/a><\/figure><\/div>\n\n\n<p class=\"has-background\" style=\"background-color:#541d3e29\"><strong>Para tener en cuenta<\/strong><br><br><strong>Fechas:<\/strong> jueves 11, viernes 12 y s\u00e1bado 13 de mayo<br><strong>Horario:<\/strong> de 20 a 23 horas<br><strong>Lugar:<\/strong> Sal\u00f3n Fernando Fader, primer piso, Sheraton Mendoza Hotel<br><strong>Direcci\u00f3n:<\/strong> Primitivo de la Reta 989, Ciudad<br><strong>Informes:<\/strong> 4415500<br><strong>Venta de entradas:<\/strong> recepci\u00f3n del hotel y <a href=\"https:\/\/www.entradaweb.com.ar\/index.php?r=site\/detalles&amp;d=6326a2a1\" title=\"\"><strong>Entradaweb <\/strong><\/a><br><strong>Valor:<\/strong> $8.600 p\/p<br><strong>La entrada incluye la degustaci\u00f3n de los vinos, la gastronom\u00eda tiene un valor extra.<\/strong><\/p>\n\n\n\n<div style=\"height:46px\" aria-hidden=\"true\" class=\"wp-block-spacer\"><\/div>\n","protected":false},"excerpt":{"rendered":"<p>La ya tradicional feria de vinos premium organizada por el hotel 5 estrellas de calle&hellip;<\/p>\n","protected":false},"author":3,"featured_media":91975,"comment_status":"open","ping_status":"open","sticky":false,"template":"","format":"standard","meta":{"footnotes":""},"categories":[47],"tags":[],"class_list":["post-91942","post","type-post","status-publish","format-standard","has-post-thumbnail","hentry","category-agenda"],"_links":{"self":[{"href":"https:\/\/enolife.com.ar\/es\/wp-json\/wp\/v2\/posts\/91942","targetHints":{"allow":["GET"]}}],"collection":[{"href":"https:\/\/enolife.com.ar\/es\/wp-json\/wp\/v2\/posts"}],"about":[{"href":"https:\/\/enolife.com.ar\/es\/wp-json\/wp\/v2\/types\/post"}],"author":[{"embeddable":true,"href":"https:\/\/enolife.com.ar\/es\/wp-json\/wp\/v2\/users\/3"}],"replies":[{"embeddable":true,"href":"https:\/\/enolife.com.ar\/es\/wp-json\/wp\/v2\/comments?post=91942"}],"version-history":[{"count":0,"href":"https:\/\/enolife.com.ar\/es\/wp-json\/wp\/v2\/posts\/91942\/revisions"}],"wp:featuredmedia":[{"embeddable":true,"href":"https:\/\/enolife.com.ar\/es\/wp-json\/wp\/v2\/media\/91975"}],"wp:attachment":[{"href":"https:\/\/enolife.com.ar\/es\/wp-json\/wp\/v2\/media?parent=91942"}],"wp:term":[{"taxonomy":"category","embeddable":true,"href":"https:\/\/enolife.com.ar\/es\/wp-json\/wp\/v2\/categories?post=91942"},{"taxonomy":"post_tag","embeddable":true,"href":"https:\/\/enolife.com.ar\/es\/wp-json\/wp\/v2\/tags?post=91942"}],"curies":[{"name":"wp","href":"https:\/\/api.w.org\/{rel}","templated":true}]}}