{"id":91560,"date":"2023-04-28T02:14:06","date_gmt":"2023-04-28T02:14:06","guid":{"rendered":"https:\/\/enolife.com.ar\/es\/?p=91560"},"modified":"2023-04-28T13:39:20","modified_gmt":"2023-04-28T13:39:20","slug":"la-feria-accesible-con-vinos-arte-regionales-y-regalos-se-instala-en-el-parque-central-29-y-30-4","status":"publish","type":"post","link":"https:\/\/enolife.com.ar\/es\/la-feria-accesible-con-vinos-arte-regionales-y-regalos-se-instala-en-el-parque-central-29-y-30-4\/","title":{"rendered":"La Feria Accesible con vinos, arte, regionales y regalos se instala en el Parque Central 29 y 30\/4"},"content":{"rendered":"\n<h4 class=\"wp-block-heading\"><em><strong>Los pr\u00f3ximos d\u00edas s\u00e1bado 29 y domingo 30 de abril, la tradicional feria solidaria organizada por Encuentro Indi, con la colaboraci\u00f3n de Municipalidad de Mendoza, se muda al Parque Central, en la zona del reloj de sol. All\u00ed, el p\u00fablico local y turistas pueden adquirir vinos y aceites de oliva virgen extra artesanales, objetos de arte, ropa de dise\u00f1o y otros regalos a precios razonables, y de paso colaborar con instituciones ben\u00e9ficas que montan sus stands en el lugar.<\/strong><\/em><\/h4>\n\n\n\n<div style=\"height:44px\" aria-hidden=\"true\" class=\"wp-block-spacer\"><\/div>\n\n\n<a href=\"https:\/\/estanciamendoza.com.ar\/es\/\" aria-label=\"Copia de BEM &#8211; Banner adaptaciones diario digital_BEM &#8211; Banner Enolife &#8211; 1700&#215;500\"><img loading=\"lazy\" decoding=\"async\" src=\"https:\/\/enolife.com.ar\/es\/wp-content\/uploads\/2019\/07\/Copia-de-BEM-Banner-adaptaciones-diario-digital_BEM-Banner-Enolife-1700x500-1.jpg\" alt=\"\"  srcset=\"https:\/\/enolife.com.ar\/es\/wp-content\/uploads\/2019\/07\/Copia-de-BEM-Banner-adaptaciones-diario-digital_BEM-Banner-Enolife-1700x500-1.jpg 1700w, https:\/\/enolife.com.ar\/es\/wp-content\/uploads\/2019\/07\/Copia-de-BEM-Banner-adaptaciones-diario-digital_BEM-Banner-Enolife-1700x500-1-300x88.jpg 300w, https:\/\/enolife.com.ar\/es\/wp-content\/uploads\/2019\/07\/Copia-de-BEM-Banner-adaptaciones-diario-digital_BEM-Banner-Enolife-1700x500-1-1024x301.jpg 1024w, https:\/\/enolife.com.ar\/es\/wp-content\/uploads\/2019\/07\/Copia-de-BEM-Banner-adaptaciones-diario-digital_BEM-Banner-Enolife-1700x500-1-768x226.jpg 768w, https:\/\/enolife.com.ar\/es\/wp-content\/uploads\/2019\/07\/Copia-de-BEM-Banner-adaptaciones-diario-digital_BEM-Banner-Enolife-1700x500-1-1536x452.jpg 1536w, https:\/\/enolife.com.ar\/es\/wp-content\/uploads\/2019\/07\/Copia-de-BEM-Banner-adaptaciones-diario-digital_BEM-Banner-Enolife-1700x500-1-1170x344.jpg 1170w, https:\/\/enolife.com.ar\/es\/wp-content\/uploads\/2019\/07\/Copia-de-BEM-Banner-adaptaciones-diario-digital_BEM-Banner-Enolife-1700x500-1-585x172.jpg 585w\" sizes=\"auto, (max-width: 1700px) 100vw, 1700px\" width=\"1700\" height=\"500\"   \/><\/a>\n\n\n<div style=\"height:51px\" aria-hidden=\"true\" class=\"wp-block-spacer\"><\/div>\n\n\n\n<p>Los d\u00edas\u00a029 y 30 de abril, s\u00e1bado y domingo, vuelve a montarse la ya tradicional\u00a0<strong>Feria Accesible<\/strong>, esta vez en el Parque Central de la Capital de Mendoza.\u00a0La Feria tiene acceso libre y gratuito y ofrece la posibilidad de pasear, degustar y comprar productos regionales en stands y foodtrucks. A la vez, con su adquisici\u00f3n, los visitantes colaboran con organizaciones solidarias que all\u00ed comercializan sus productos.<\/p>\n\n\n<div class=\"wp-block-image\">\n<figure class=\"alignleft size-large is-resized\"><a href=\"https:\/\/enolife.com.ar\/es\/wp-content\/uploads\/2023\/04\/b9932efd-09ca-432d-a17c-2b1c0071b041.jpg\" data-rel=\"penci-gallery-image-content\" ><img loading=\"lazy\" decoding=\"async\" src=\"https:\/\/enolife.com.ar\/es\/wp-content\/uploads\/2023\/04\/b9932efd-09ca-432d-a17c-2b1c0071b041-1024x1024.jpg\" alt=\"\" class=\"wp-image-91564\" width=\"314\" height=\"314\" srcset=\"https:\/\/enolife.com.ar\/es\/wp-content\/uploads\/2023\/04\/b9932efd-09ca-432d-a17c-2b1c0071b041-1024x1024.jpg 1024w, https:\/\/enolife.com.ar\/es\/wp-content\/uploads\/2023\/04\/b9932efd-09ca-432d-a17c-2b1c0071b041-300x300.jpg 300w, https:\/\/enolife.com.ar\/es\/wp-content\/uploads\/2023\/04\/b9932efd-09ca-432d-a17c-2b1c0071b041-150x150.jpg 150w, https:\/\/enolife.com.ar\/es\/wp-content\/uploads\/2023\/04\/b9932efd-09ca-432d-a17c-2b1c0071b041-768x768.jpg 768w, https:\/\/enolife.com.ar\/es\/wp-content\/uploads\/2023\/04\/b9932efd-09ca-432d-a17c-2b1c0071b041-585x585.jpg 585w, https:\/\/enolife.com.ar\/es\/wp-content\/uploads\/2023\/04\/b9932efd-09ca-432d-a17c-2b1c0071b041.jpg 1080w\" sizes=\"auto, (max-width: 314px) 100vw, 314px\" \/><\/a><\/figure><\/div>\n\n\n<p>La Feria Inclusiva, que se implementa&nbsp;<strong>desde 2012<\/strong>, tiene tambi\u00e9n como uno de sus objetivos declarados integrar a personas con discapacidad, quienes comercializan su producci\u00f3n de diferentes objetos que son realizados en talleres protegidos de ONGs locales. <\/p>\n\n\n\n<p>La actividad ha sido declarada de inter\u00e9s p\u00fablico por la&nbsp;<strong>C\u00e1mara de Diputados de Mendoza<\/strong>&nbsp;(resoluci\u00f3n 863 de 2022) y por el <strong>Concejo Deliberante de Maip\u00fa<\/strong> (resoluci\u00f3n 7137\/2022), y en esta oportunidad tambi\u00e9n contar\u00e1 con la participaci\u00f3n de la&nbsp;<strong>Fundaci\u00f3n Cullunche<\/strong>, que vender\u00e1 sus productos para poder dar continuidad a las actividades ambientales y solidarias programadas para este a\u00f1o.<\/p>\n\n\n\n<p>La propuesta es organizada por&nbsp;<strong>Encuento INDI<\/strong>, con el aval de la&nbsp;<strong>Municipalidad de Mendoza<\/strong>. Como siempre, estar\u00e1n presentes los buenos artesanos y emprendedores mendocinos, con sus libros, aceites, vinos, objetos de arte de cer\u00e1mica, plantas, velas de soja, cuadros, ilustraciones y m\u00e1s.<\/p>\n\n\n\n<div style=\"height:32px\" aria-hidden=\"true\" class=\"wp-block-spacer\"><\/div>\n\n\n\n<p class=\"has-background\" style=\"background-color:#7bdbb57d\"><strong>En resumen:<\/strong><br>-Feria Inclusiva de Arte Accesible<br>-D\u00edas: 29 y 30 de abril de 2023<br>-Lugar: Zona del reloj de sol del Parque Central<br>-Entrada libre y gratuita<br>-Pet friendly<\/p>\n\n\n\n<div style=\"height:31px\" aria-hidden=\"true\" class=\"wp-block-spacer\"><\/div>\n","protected":false},"excerpt":{"rendered":"<p>Los pr\u00f3ximos d\u00edas s\u00e1bado 29 y domingo 30 de abril, la tradicional feria solidaria organizada&hellip;<\/p>\n","protected":false},"author":3,"featured_media":91567,"comment_status":"open","ping_status":"open","sticky":false,"template":"","format":"standard","meta":{"footnotes":""},"categories":[47],"tags":[],"class_list":["post-91560","post","type-post","status-publish","format-standard","has-post-thumbnail","hentry","category-agenda"],"_links":{"self":[{"href":"https:\/\/enolife.com.ar\/es\/wp-json\/wp\/v2\/posts\/91560","targetHints":{"allow":["GET"]}}],"collection":[{"href":"https:\/\/enolife.com.ar\/es\/wp-json\/wp\/v2\/posts"}],"about":[{"href":"https:\/\/enolife.com.ar\/es\/wp-json\/wp\/v2\/types\/post"}],"author":[{"embeddable":true,"href":"https:\/\/enolife.com.ar\/es\/wp-json\/wp\/v2\/users\/3"}],"replies":[{"embeddable":true,"href":"https:\/\/enolife.com.ar\/es\/wp-json\/wp\/v2\/comments?post=91560"}],"version-history":[{"count":0,"href":"https:\/\/enolife.com.ar\/es\/wp-json\/wp\/v2\/posts\/91560\/revisions"}],"wp:featuredmedia":[{"embeddable":true,"href":"https:\/\/enolife.com.ar\/es\/wp-json\/wp\/v2\/media\/91567"}],"wp:attachment":[{"href":"https:\/\/enolife.com.ar\/es\/wp-json\/wp\/v2\/media?parent=91560"}],"wp:term":[{"taxonomy":"category","embeddable":true,"href":"https:\/\/enolife.com.ar\/es\/wp-json\/wp\/v2\/categories?post=91560"},{"taxonomy":"post_tag","embeddable":true,"href":"https:\/\/enolife.com.ar\/es\/wp-json\/wp\/v2\/tags?post=91560"}],"curies":[{"name":"wp","href":"https:\/\/api.w.org\/{rel}","templated":true}]}}