{"id":91503,"date":"2023-04-27T01:22:43","date_gmt":"2023-04-27T01:22:43","guid":{"rendered":"https:\/\/enolife.com.ar\/es\/?p=91503"},"modified":"2023-05-01T14:16:06","modified_gmt":"2023-05-01T14:16:06","slug":"el-1er-trimestre-de-2023-los-despachos-de-vino-al-mercado-interno-cayeron-un-134-respecto-2022","status":"publish","type":"post","link":"https:\/\/enolife.com.ar\/es\/el-1er-trimestre-de-2023-los-despachos-de-vino-al-mercado-interno-cayeron-un-134-respecto-2022\/","title":{"rendered":"El 1er trimestre de 2023, los despachos de vino al mercado interno cayeron un 13,4% respecto 2022"},"content":{"rendered":"\n<h4 class=\"wp-block-heading\"><em><strong>Seg\u00fan el informe difundido el 25\/4 por el Instituto Nacional de Vitivinicultura (INV), durante el mes de marzo de 2023 los despachos de vino al mercado interno sufrieron una ca\u00edda del 21%, respecto mismo mes del a\u00f1o anterior, marcada tanto por los vinos de color como por los blancos. En cuanto al total acumulado del a\u00f1o, el primer trimestre signific\u00f3 una disminuci\u00f3n del 13,4% comparado con el mismo per\u00edodo del 2022. Todos los tipos de vino y envases han sufrido esta tendencia a la baja, salvo la lata -con un crecimiento del 66,8%- y el bag in box -aumentando sus ventas un 135,9%-, aunque sus vol\u00famenes de venta son todav\u00eda muy peque\u00f1os respecto de los otros envases.<\/strong><\/em><\/h4>\n\n\n\n<div style=\"height:36px\" aria-hidden=\"true\" class=\"wp-block-spacer\"><\/div>\n\n\n<a href=\"http:\/\/www.quiminsa.com.ar\/\" aria-label=\"banner quiminsa b 1700&#215;500\"><img loading=\"lazy\" decoding=\"async\" src=\"https:\/\/enolife.com.ar\/es\/wp-content\/uploads\/2022\/04\/banner-quiminsa-b-1700x500-1.jpg\" alt=\"\"  srcset=\"https:\/\/enolife.com.ar\/es\/wp-content\/uploads\/2022\/04\/banner-quiminsa-b-1700x500-1.jpg 1700w, https:\/\/enolife.com.ar\/es\/wp-content\/uploads\/2022\/04\/banner-quiminsa-b-1700x500-1-300x88.jpg 300w, https:\/\/enolife.com.ar\/es\/wp-content\/uploads\/2022\/04\/banner-quiminsa-b-1700x500-1-1024x301.jpg 1024w, https:\/\/enolife.com.ar\/es\/wp-content\/uploads\/2022\/04\/banner-quiminsa-b-1700x500-1-768x226.jpg 768w, https:\/\/enolife.com.ar\/es\/wp-content\/uploads\/2022\/04\/banner-quiminsa-b-1700x500-1-1536x452.jpg 1536w, https:\/\/enolife.com.ar\/es\/wp-content\/uploads\/2022\/04\/banner-quiminsa-b-1700x500-1-1170x344.jpg 1170w, https:\/\/enolife.com.ar\/es\/wp-content\/uploads\/2022\/04\/banner-quiminsa-b-1700x500-1-585x172.jpg 585w\" sizes=\"auto, (max-width: 1700px) 100vw, 1700px\" width=\"1700\" height=\"500\"   \/><\/a>\n\n\n<div style=\"height:59px\" aria-hidden=\"true\" class=\"wp-block-spacer\"><\/div>\n\n\n\n<p>A continuaci\u00f3n, transcribimos los datos publicados por la entidad fiscalizadora:<\/p>\n\n\n\n<div style=\"height:20px\" aria-hidden=\"true\" class=\"wp-block-spacer\"><\/div>\n\n\n\n<p class=\"has-text-align-center has-medium-font-size\"><strong>Resumen comercializaci\u00f3n mercado interno marzo 2023<\/strong><\/p>\n\n\n\n<p class=\"has-text-align-center has-very-light-gray-background-color has-background\"><strong>Comercializaci\u00f3n marzo 2023 \/ marzo 2022<\/strong><\/p>\n\n\n\n<p class=\"has-vivid-red-color has-text-color\"><strong>&nbsp;Vino Total: <\/strong>-21%<\/p>\n\n\n\n<ul class=\"wp-block-list\">\n<li>Vino color: -19,1%<\/li>\n\n\n\n<li>Vino blanco: -25,7%<\/li>\n<\/ul>\n\n\n\n<div style=\"height:20px\" aria-hidden=\"true\" class=\"wp-block-spacer\"><\/div>\n\n\n\n<p class=\"has-text-align-center has-very-light-gray-background-color has-background\"><strong>Comercializaci\u00f3n enero-marzo 2023 \/ enero-marzo 2022<\/strong><\/p>\n\n\n\n<p class=\"has-vivid-red-color has-text-color\"><strong>Vino Total:<\/strong> -13,4%<\/p>\n\n\n\n<ul class=\"wp-block-list\">\n<li>Vino color: -10,5%<\/li>\n\n\n\n<li>Vino blanco: -20,1%<\/li>\n<\/ul>\n\n\n\n<hr class=\"wp-block-separator has-css-opacity\"\/>\n\n\n\n<div style=\"height:20px\" aria-hidden=\"true\" class=\"wp-block-spacer\"><\/div>\n\n\n\n<p class=\"has-text-align-center has-very-light-gray-background-color has-background has-medium-font-size\"><strong>Comparativo comercializaci\u00f3n mercado interno<\/strong><\/p>\n\n\n\n<div style=\"height:20px\" aria-hidden=\"true\" class=\"wp-block-spacer\"><\/div>\n\n\n\n<p class=\"has-text-align-center has-medium-font-size\"><strong>Comparativo mensual marzo 2023\/marzo 2022 (hl)<\/strong><\/p>\n\n\n\n<p class=\"has-very-light-gray-background-color has-background\"><strong>Por tipo de vino y color<\/strong><\/p>\n\n\n\n<div style=\"height:20px\" aria-hidden=\"true\" class=\"wp-block-spacer\"><\/div>\n\n\n<div class=\"wp-block-image\">\n<figure class=\"aligncenter size-full\"><a href=\"https:\/\/enolife.com.ar\/es\/wp-content\/uploads\/2023\/04\/Imagen1-28.jpg\" data-rel=\"penci-gallery-image-content\" ><img loading=\"lazy\" decoding=\"async\" width=\"668\" height=\"446\" src=\"https:\/\/enolife.com.ar\/es\/wp-content\/uploads\/2023\/04\/Imagen1-28.jpg\" alt=\"\" class=\"wp-image-91507\" srcset=\"https:\/\/enolife.com.ar\/es\/wp-content\/uploads\/2023\/04\/Imagen1-28.jpg 668w, https:\/\/enolife.com.ar\/es\/wp-content\/uploads\/2023\/04\/Imagen1-28-300x200.jpg 300w, https:\/\/enolife.com.ar\/es\/wp-content\/uploads\/2023\/04\/Imagen1-28-585x391.jpg 585w\" sizes=\"auto, (max-width: 668px) 100vw, 668px\" \/><\/a><\/figure><\/div>\n\n\n<div style=\"height:20px\" aria-hidden=\"true\" class=\"wp-block-spacer\"><\/div>\n\n\n\n<p class=\"has-very-light-gray-background-color has-background\"><strong>Por tipo de envase<\/strong><\/p>\n\n\n\n<div style=\"height:20px\" aria-hidden=\"true\" class=\"wp-block-spacer\"><\/div>\n\n\n<div class=\"wp-block-image\">\n<figure class=\"aligncenter size-full is-resized\"><a href=\"https:\/\/enolife.com.ar\/es\/wp-content\/uploads\/2023\/04\/Imagen2-17.jpg\" data-rel=\"penci-gallery-image-content\" ><img loading=\"lazy\" decoding=\"async\" src=\"https:\/\/enolife.com.ar\/es\/wp-content\/uploads\/2023\/04\/Imagen2-17.jpg\" alt=\"\" class=\"wp-image-91508\" width=\"621\" height=\"428\" srcset=\"https:\/\/enolife.com.ar\/es\/wp-content\/uploads\/2023\/04\/Imagen2-17.jpg 640w, https:\/\/enolife.com.ar\/es\/wp-content\/uploads\/2023\/04\/Imagen2-17-300x207.jpg 300w, https:\/\/enolife.com.ar\/es\/wp-content\/uploads\/2023\/04\/Imagen2-17-585x403.jpg 585w\" sizes=\"auto, (max-width: 621px) 100vw, 621px\" \/><\/a><\/figure><\/div>\n\n\n<div style=\"height:20px\" aria-hidden=\"true\" class=\"wp-block-spacer\"><\/div>\n\n\n\n<p class=\"has-text-align-center has-medium-font-size\"><strong>Comparativo acumulado: enero-marzo 2023\/enero-marzo 2022 (hl)<\/strong><\/p>\n\n\n\n<p class=\"has-very-light-gray-background-color has-background\"><strong>Por tipo de vino y color<\/strong><\/p>\n\n\n\n<div style=\"height:20px\" aria-hidden=\"true\" class=\"wp-block-spacer\"><\/div>\n\n\n<div class=\"wp-block-image\">\n<figure class=\"aligncenter size-full is-resized\"><a href=\"https:\/\/enolife.com.ar\/es\/wp-content\/uploads\/2023\/04\/Imagen3-15.jpg\" data-rel=\"penci-gallery-image-content\" ><img loading=\"lazy\" decoding=\"async\" src=\"https:\/\/enolife.com.ar\/es\/wp-content\/uploads\/2023\/04\/Imagen3-15.jpg\" alt=\"\" class=\"wp-image-91509\" width=\"610\" height=\"430\" srcset=\"https:\/\/enolife.com.ar\/es\/wp-content\/uploads\/2023\/04\/Imagen3-15.jpg 619w, https:\/\/enolife.com.ar\/es\/wp-content\/uploads\/2023\/04\/Imagen3-15-300x211.jpg 300w, https:\/\/enolife.com.ar\/es\/wp-content\/uploads\/2023\/04\/Imagen3-15-585x412.jpg 585w\" sizes=\"auto, (max-width: 610px) 100vw, 610px\" \/><\/a><\/figure><\/div>\n\n\n<div style=\"height:20px\" aria-hidden=\"true\" class=\"wp-block-spacer\"><\/div>\n\n\n\n<p class=\"has-very-light-gray-background-color has-background\"><strong>Por tipo de envase<\/strong><\/p>\n\n\n\n<div style=\"height:20px\" aria-hidden=\"true\" class=\"wp-block-spacer\"><\/div>\n\n\n<div class=\"wp-block-image\">\n<figure class=\"aligncenter size-full is-resized\"><a href=\"https:\/\/enolife.com.ar\/es\/wp-content\/uploads\/2023\/04\/Imagen4-15.jpg\" data-rel=\"penci-gallery-image-content\" ><img loading=\"lazy\" decoding=\"async\" src=\"https:\/\/enolife.com.ar\/es\/wp-content\/uploads\/2023\/04\/Imagen4-15.jpg\" alt=\"\" class=\"wp-image-91510\" width=\"638\" height=\"464\" srcset=\"https:\/\/enolife.com.ar\/es\/wp-content\/uploads\/2023\/04\/Imagen4-15.jpg 601w, https:\/\/enolife.com.ar\/es\/wp-content\/uploads\/2023\/04\/Imagen4-15-300x219.jpg 300w, https:\/\/enolife.com.ar\/es\/wp-content\/uploads\/2023\/04\/Imagen4-15-585x426.jpg 585w\" sizes=\"auto, (max-width: 638px) 100vw, 638px\" \/><\/a><\/figure><\/div>\n\n\n<div style=\"height:67px\" aria-hidden=\"true\" class=\"wp-block-spacer\"><\/div>\n","protected":false},"excerpt":{"rendered":"<p>Seg\u00fan el informe difundido el 25\/4 por el Instituto Nacional de Vitivinicultura (INV), durante el&hellip;<\/p>\n","protected":false},"author":3,"featured_media":91515,"comment_status":"open","ping_status":"open","sticky":false,"template":"","format":"standard","meta":{"footnotes":""},"categories":[9],"tags":[],"class_list":["post-91503","post","type-post","status-publish","format-standard","has-post-thumbnail","hentry","category-negocios"],"_links":{"self":[{"href":"https:\/\/enolife.com.ar\/es\/wp-json\/wp\/v2\/posts\/91503","targetHints":{"allow":["GET"]}}],"collection":[{"href":"https:\/\/enolife.com.ar\/es\/wp-json\/wp\/v2\/posts"}],"about":[{"href":"https:\/\/enolife.com.ar\/es\/wp-json\/wp\/v2\/types\/post"}],"author":[{"embeddable":true,"href":"https:\/\/enolife.com.ar\/es\/wp-json\/wp\/v2\/users\/3"}],"replies":[{"embeddable":true,"href":"https:\/\/enolife.com.ar\/es\/wp-json\/wp\/v2\/comments?post=91503"}],"version-history":[{"count":0,"href":"https:\/\/enolife.com.ar\/es\/wp-json\/wp\/v2\/posts\/91503\/revisions"}],"wp:featuredmedia":[{"embeddable":true,"href":"https:\/\/enolife.com.ar\/es\/wp-json\/wp\/v2\/media\/91515"}],"wp:attachment":[{"href":"https:\/\/enolife.com.ar\/es\/wp-json\/wp\/v2\/media?parent=91503"}],"wp:term":[{"taxonomy":"category","embeddable":true,"href":"https:\/\/enolife.com.ar\/es\/wp-json\/wp\/v2\/categories?post=91503"},{"taxonomy":"post_tag","embeddable":true,"href":"https:\/\/enolife.com.ar\/es\/wp-json\/wp\/v2\/tags?post=91503"}],"curies":[{"name":"wp","href":"https:\/\/api.w.org\/{rel}","templated":true}]}}