{"id":91422,"date":"2023-04-27T01:15:39","date_gmt":"2023-04-27T01:15:39","guid":{"rendered":"https:\/\/enolife.com.ar\/es\/?p=91422"},"modified":"2023-04-30T15:48:43","modified_gmt":"2023-04-30T15:48:43","slug":"mas-de-500-vinotecas-vendieron-20-millones-en-dos-noches-de-ofertas-y-promociones","status":"publish","type":"post","link":"https:\/\/enolife.com.ar\/es\/mas-de-500-vinotecas-vendieron-20-millones-en-dos-noches-de-ofertas-y-promociones\/","title":{"rendered":"M\u00e1s de 500 vinotecas vendieron $20 millones en dos noches de ofertas y promociones"},"content":{"rendered":"\n<h4 class=\"wp-block-heading\"><em><strong>La C\u00e1mara Argentina de Vinotecas y Afines (CAVA) con el apoyo de la Corporaci\u00f3n Vitivin\u00edcola Argentina (Coviar), organizaron la \u00abNoche de las Vinotecas\u00bb los d\u00edas 20 y 21 de abril pasados. Participaron 500 locales adheridos a la entidad en toda Argentina. Durante esas dos noches, coincidentes con la semana de las celebraciones del Malbec argentino, se vendi\u00f3 vino por un valor de $20 millones, seg\u00fan el c\u00e1lculo realizado por la C\u00e1mara. Para difundir las actividades se realiz\u00f3 previamente una campa\u00f1a de prensa, con una fuerte acci\u00f3n en la red social Instagram que obtuvo 4.400 seguidores. Adem\u00e1s, se gener\u00f3 un link a trav\u00e9s de Google Maps con las ubicaciones de las vinotecas adheridas que tuvo 40.000 visitas.<\/strong><\/em><\/h4>\n\n\n\n<div style=\"height:40px\" aria-hidden=\"true\" class=\"wp-block-spacer\"><\/div>\n\n\n\n\n\n<div style=\"height:45px\" aria-hidden=\"true\" class=\"wp-block-spacer\"><\/div>\n\n\n\n<p>Con el apoyo de la <strong>Corporaci\u00f3n Vitivin\u00edcola Argentina (Coviar)<\/strong> y del <strong>Fondo Vitivin\u00edcola <\/strong>para promover el vino argentino y en especial el malbec -cepa insignia del pa\u00eds- se ofrecieron diversas actividades en diferentes puntos del pa\u00eds.<\/p>\n\n\n\n<p>El <strong>20 y 21\/4 <\/strong>se llev\u00f3 a cabo la acci\u00f3n <strong>\u00abLa Noche de las Vinotecas\u00bb<\/strong> organizada por la <strong>C\u00e1mara Argentina de Vinotecas y Afines (CAVA)<\/strong>, que consisti\u00f3 en recibir p\u00fablico en m\u00e1s de <strong>500 vinotecas de todo el pa\u00eds<\/strong> entre las 20 y las 24 hs de esos d\u00edas. Con el impulso de promociones, descuentos especiales, actividades recreativas y educativas, los vinotequeros lograron recaudar $20 millones por ventas y tickets.<\/p>\n\n\n\n<div style=\"height:30px\" aria-hidden=\"true\" class=\"wp-block-spacer\"><\/div>\n\n\n<div class=\"wp-block-image\">\n<figure class=\"aligncenter size-full is-resized\"><a href=\"https:\/\/enolife.com.ar\/es\/wp-content\/uploads\/2023\/04\/2381ab71-5750-40e7-861c-35a618306d16.jpg\" data-rel=\"penci-gallery-image-content\" ><img loading=\"lazy\" decoding=\"async\" src=\"https:\/\/enolife.com.ar\/es\/wp-content\/uploads\/2023\/04\/2381ab71-5750-40e7-861c-35a618306d16.jpg\" alt=\"\" class=\"wp-image-91458\" width=\"583\" height=\"385\" srcset=\"https:\/\/enolife.com.ar\/es\/wp-content\/uploads\/2023\/04\/2381ab71-5750-40e7-861c-35a618306d16.jpg 757w, https:\/\/enolife.com.ar\/es\/wp-content\/uploads\/2023\/04\/2381ab71-5750-40e7-861c-35a618306d16-300x198.jpg 300w, https:\/\/enolife.com.ar\/es\/wp-content\/uploads\/2023\/04\/2381ab71-5750-40e7-861c-35a618306d16-585x386.jpg 585w\" sizes=\"auto, (max-width: 583px) 100vw, 583px\" \/><\/a><figcaption class=\"wp-element-caption\"><em><strong>Degustaciones en La Noche de las Vinotecas<\/strong><\/em>.<\/figcaption><\/figure><\/div>\n\n\n<div style=\"height:30px\" aria-hidden=\"true\" class=\"wp-block-spacer\"><\/div>\n\n\n\n<p>Durante esas noches, las vinotecas organizaron diversas experiencias para los amantes del vino, tales como degustaciones, espect\u00e1culos, gastronom\u00eda, m\u00fasica en vivo, ferias, maridajes, sorteos, promos y descuentos de hasta el 50% en etiquetas seleccionadas para promocionar al malbec.<\/p>\n\n\n\n<div style=\"height:30px\" aria-hidden=\"true\" class=\"wp-block-spacer\"><\/div>\n\n\n<div class=\"wp-block-image\">\n<figure class=\"aligncenter size-full is-resized\"><a href=\"https:\/\/enolife.com.ar\/es\/wp-content\/uploads\/2023\/04\/92afaf60-3dd2-4df7-a0f3-804bd13fd86e.jpg\" data-rel=\"penci-gallery-image-content\" ><img loading=\"lazy\" decoding=\"async\" src=\"https:\/\/enolife.com.ar\/es\/wp-content\/uploads\/2023\/04\/92afaf60-3dd2-4df7-a0f3-804bd13fd86e.jpg\" alt=\"\" class=\"wp-image-91461\" width=\"563\" height=\"402\" srcset=\"https:\/\/enolife.com.ar\/es\/wp-content\/uploads\/2023\/04\/92afaf60-3dd2-4df7-a0f3-804bd13fd86e.jpg 700w, https:\/\/enolife.com.ar\/es\/wp-content\/uploads\/2023\/04\/92afaf60-3dd2-4df7-a0f3-804bd13fd86e-300x214.jpg 300w, https:\/\/enolife.com.ar\/es\/wp-content\/uploads\/2023\/04\/92afaf60-3dd2-4df7-a0f3-804bd13fd86e-585x418.jpg 585w\" sizes=\"auto, (max-width: 563px) 100vw, 563px\" \/><\/a><figcaption class=\"wp-element-caption\"><em><strong>Un grupo de amigas en el Distrito del Vino de Buenos Aires, con merchandising del malbec<\/strong><\/em>.<\/figcaption><\/figure><\/div>\n\n\n<div style=\"height:30px\" aria-hidden=\"true\" class=\"wp-block-spacer\"><\/div>\n\n\n\n<p>Se adhirieron vinotecas de Mendoza, San Juan, Buenos Aires, C\u00f3rdoba, Neuqu\u00e9n, Formosa, Misiones, Santa Fe, R\u00edo Negro y Tierra del Fuego. Tanto en Bah\u00eda Blanca como en Ushuaia, se generaron Wine Tours para recorrer vinotecas, en los que el p\u00fablico prob\u00f3 diferentes vinos de distintas regiones de nuestro pa\u00eds. <\/p>\n\n\n\n<div style=\"height:30px\" aria-hidden=\"true\" class=\"wp-block-spacer\"><\/div>\n\n\n<div class=\"wp-block-image\">\n<figure class=\"aligncenter size-full is-resized\"><a href=\"https:\/\/enolife.com.ar\/es\/wp-content\/uploads\/2023\/04\/4dcdf5d2-4cb7-4c6f-b83a-2dc183a3993e-1.jpg\" data-rel=\"penci-gallery-image-content\" ><img loading=\"lazy\" decoding=\"async\" src=\"https:\/\/enolife.com.ar\/es\/wp-content\/uploads\/2023\/04\/4dcdf5d2-4cb7-4c6f-b83a-2dc183a3993e-1.jpg\" alt=\"\" class=\"wp-image-91460\" width=\"576\" height=\"397\" srcset=\"https:\/\/enolife.com.ar\/es\/wp-content\/uploads\/2023\/04\/4dcdf5d2-4cb7-4c6f-b83a-2dc183a3993e-1.jpg 726w, https:\/\/enolife.com.ar\/es\/wp-content\/uploads\/2023\/04\/4dcdf5d2-4cb7-4c6f-b83a-2dc183a3993e-1-300x207.jpg 300w, https:\/\/enolife.com.ar\/es\/wp-content\/uploads\/2023\/04\/4dcdf5d2-4cb7-4c6f-b83a-2dc183a3993e-1-585x403.jpg 585w\" sizes=\"auto, (max-width: 576px) 100vw, 576px\" \/><\/a><figcaption class=\"wp-element-caption\"><em><strong>Maridajes con picadas y exquiciteces regionales fue otra de las opciones ofrecidas<\/strong><\/em>.<\/figcaption><\/figure><\/div>\n\n\n<div style=\"height:30px\" aria-hidden=\"true\" class=\"wp-block-spacer\"><\/div>\n\n\n\n<p>Al respecto,<strong> P\u00eda Argim\u00f3n, <\/strong>integrante de la CAVA, explic\u00f3:&nbsp;<em>\u201cSe ha puesto de manifiesto la creatividad de los responsables de las vinotecas de todo el pa\u00eds. Por ejemplo, en Bah\u00eda Blanca, Vinoteca Brix organiz\u00f3 un Wine Tour para recorrer varias vinotecas de la ciudad y de esa manera los pasajeros pudieron probar malbec de diferentes provincias de Argentina y gastronom\u00eda, escuchar m\u00fasica en vivo, charlas tem\u00e1ticas sobre nuevos terru\u00f1os de nuestro pa\u00eds, como por ejemplo el Vale de Pedernal, en la provincia de San Juan. Por su parte, Ushuaia, de la mano de la vinoteca Quelhu\u00e9, organiz\u00f3 lo propio con las cuatro vinotecas que se sumaron a esta fiesta del Malbec argentino\u00bb.<\/em><\/p>\n\n\n\n<div style=\"height:35px\" aria-hidden=\"true\" class=\"wp-block-spacer\"><\/div>\n\n\n\n<div class=\"wp-block-group is-content-justification-center is-nowrap is-layout-flex wp-container-core-group-is-layout-94bc23d7 wp-block-group-is-layout-flex\">\n<figure class=\"wp-block-image is-resized\"><img loading=\"lazy\" decoding=\"async\" src=\"https:\/\/enolife.com.ar\/es\/wp-content\/uploads\/2023\/04\/tierra-del-fuego-1.jpg\" alt=\"\" class=\"wp-image-91465\" width=\"350\" height=\"414\" srcset=\"https:\/\/enolife.com.ar\/es\/wp-content\/uploads\/2023\/04\/tierra-del-fuego-1.jpg 338w, https:\/\/enolife.com.ar\/es\/wp-content\/uploads\/2023\/04\/tierra-del-fuego-1-254x300.jpg 254w\" sizes=\"auto, (max-width: 350px) 100vw, 350px\" \/><figcaption class=\"wp-element-caption\"><em><strong>Wine Tour en Ushuaia<\/strong><\/em>.<\/figcaption><\/figure>\n\n\n\n<figure class=\"wp-block-image size-full is-resized\"><a href=\"https:\/\/enolife.com.ar\/es\/wp-content\/uploads\/2023\/04\/e8ae1a73-87c4-4590-8f3f-9fc24603fde2.jpg\" data-rel=\"penci-gallery-image-content\" ><img loading=\"lazy\" decoding=\"async\" src=\"https:\/\/enolife.com.ar\/es\/wp-content\/uploads\/2023\/04\/e8ae1a73-87c4-4590-8f3f-9fc24603fde2.jpg\" alt=\"\" class=\"wp-image-91464\" width=\"391\" height=\"412\" srcset=\"https:\/\/enolife.com.ar\/es\/wp-content\/uploads\/2023\/04\/e8ae1a73-87c4-4590-8f3f-9fc24603fde2.jpg 381w, https:\/\/enolife.com.ar\/es\/wp-content\/uploads\/2023\/04\/e8ae1a73-87c4-4590-8f3f-9fc24603fde2-286x300.jpg 286w\" sizes=\"auto, (max-width: 391px) 100vw, 391px\" \/><\/a><figcaption class=\"wp-element-caption\"><em><strong>Copa en mano, a recorrer vinotecas<\/strong><\/em>.<\/figcaption><\/figure>\n<\/div>\n\n\n\n<div style=\"height:35px\" aria-hidden=\"true\" class=\"wp-block-spacer\"><\/div>\n\n\n\n<p>El anuncio del lanzamiento se realiz\u00f3 en el <strong>Distrito del Vino de la Ciudad de Buenos Aires, <\/strong>precisamente en la vinoteca <strong>Tiempo de Sabores<\/strong>, con la presencia del ministro de Desarrollo Econ\u00f3mico y Producci\u00f3n del Gobierno de CABA, <strong>Jos\u00e9 Luis Giusti.<\/strong><\/p>\n\n\n\n<div style=\"height:35px\" aria-hidden=\"true\" class=\"wp-block-spacer\"><\/div>\n\n\n\n<div class=\"wp-block-group is-content-justification-center is-nowrap is-layout-flex wp-container-core-group-is-layout-94bc23d7 wp-block-group-is-layout-flex\">\n<figure class=\"wp-block-image size-full is-resized\"><a href=\"https:\/\/enolife.com.ar\/es\/wp-content\/uploads\/2023\/04\/341326723_919470725969443_809161025170100987_n.jpg\" data-rel=\"penci-gallery-image-content\" ><img loading=\"lazy\" decoding=\"async\" src=\"https:\/\/enolife.com.ar\/es\/wp-content\/uploads\/2023\/04\/341326723_919470725969443_809161025170100987_n.jpg\" alt=\"\" class=\"wp-image-91468\" width=\"346\" height=\"362\" srcset=\"https:\/\/enolife.com.ar\/es\/wp-content\/uploads\/2023\/04\/341326723_919470725969443_809161025170100987_n.jpg 687w, https:\/\/enolife.com.ar\/es\/wp-content\/uploads\/2023\/04\/341326723_919470725969443_809161025170100987_n-287x300.jpg 287w, https:\/\/enolife.com.ar\/es\/wp-content\/uploads\/2023\/04\/341326723_919470725969443_809161025170100987_n-585x612.jpg 585w\" sizes=\"auto, (max-width: 346px) 100vw, 346px\" \/><\/a><figcaption class=\"wp-element-caption\"><em><strong>Jose Luis Giusti (centro) en la apertura. <\/strong><\/em><\/figcaption><\/figure>\n\n\n\n<figure class=\"wp-block-image size-full is-resized\"><a href=\"https:\/\/enolife.com.ar\/es\/wp-content\/uploads\/2023\/04\/341779698_189377920572535_5992970121238964728_n.jpg\" data-rel=\"penci-gallery-image-content\" ><img loading=\"lazy\" decoding=\"async\" src=\"https:\/\/enolife.com.ar\/es\/wp-content\/uploads\/2023\/04\/341779698_189377920572535_5992970121238964728_n.jpg\" alt=\"\" class=\"wp-image-91469\" width=\"404\" height=\"359\" srcset=\"https:\/\/enolife.com.ar\/es\/wp-content\/uploads\/2023\/04\/341779698_189377920572535_5992970121238964728_n.jpg 604w, https:\/\/enolife.com.ar\/es\/wp-content\/uploads\/2023\/04\/341779698_189377920572535_5992970121238964728_n-300x267.jpg 300w, https:\/\/enolife.com.ar\/es\/wp-content\/uploads\/2023\/04\/341779698_189377920572535_5992970121238964728_n-585x520.jpg 585w\" sizes=\"auto, (max-width: 404px) 100vw, 404px\" \/><\/a><figcaption class=\"wp-element-caption\"><em><strong>La celebraci\u00f3n en el Distrito del Vino<\/strong><\/em> <strong><em>de la CABA.<\/em><\/strong><\/figcaption><\/figure>\n<\/div>\n\n\n\n<div style=\"height:35px\" aria-hidden=\"true\" class=\"wp-block-spacer\"><\/div>\n\n\n\n<p>Al finalizar las actividades, y con los resultados sobre la mesa, el productor general de la actividad,<strong> Mat\u00edas Barrios, <\/strong>expres\u00f3: <em>\u201cLa Noche de las Vinotecas&nbsp;super\u00f3 todas nuestras expectativas. Miles de personas se sumaron a dos d\u00edas de puro vino, disfrute y pasi\u00f3n por nuestra bebida m\u00e1s noble. Las vinotecas nos organizamos para generar una experiencia \u00fanica para todos los amantes del vino: degustaciones,&nbsp; espect\u00e1culos, gastronom\u00eda, m\u00fasica y buenos momentos por parte de cada punto adherido y descuentos de hasta el 50% en etiquetas seleccionadas para promocionar el Malbec.<\/em>\u00ab<\/p>\n\n\n\n<div style=\"height:35px\" aria-hidden=\"true\" class=\"wp-block-spacer\"><\/div>\n\n\n\n<div class=\"wp-block-group is-content-justification-center is-nowrap is-layout-flex wp-container-core-group-is-layout-94bc23d7 wp-block-group-is-layout-flex\">\n<figure class=\"wp-block-image size-full is-resized\"><a href=\"https:\/\/enolife.com.ar\/es\/wp-content\/uploads\/2023\/04\/916622ce-66cd-496c-835c-b4315493aedc-1.jpg\" data-rel=\"penci-gallery-image-content\" ><img loading=\"lazy\" decoding=\"async\" src=\"https:\/\/enolife.com.ar\/es\/wp-content\/uploads\/2023\/04\/916622ce-66cd-496c-835c-b4315493aedc-1.jpg\" alt=\"\" class=\"wp-image-91473\" width=\"400\" height=\"421\" srcset=\"https:\/\/enolife.com.ar\/es\/wp-content\/uploads\/2023\/04\/916622ce-66cd-496c-835c-b4315493aedc-1.jpg 497w, https:\/\/enolife.com.ar\/es\/wp-content\/uploads\/2023\/04\/916622ce-66cd-496c-835c-b4315493aedc-1-285x300.jpg 285w\" sizes=\"auto, (max-width: 400px) 100vw, 400px\" \/><\/a><figcaption class=\"wp-element-caption\"><em><strong>En la vereda.<\/strong><\/em><\/figcaption><\/figure>\n\n\n\n<figure class=\"wp-block-image size-full is-resized\"><a href=\"https:\/\/enolife.com.ar\/es\/wp-content\/uploads\/2023\/04\/3c372f4f-c603-4032-8237-9b65ca670030.jpg\" data-rel=\"penci-gallery-image-content\" ><img loading=\"lazy\" decoding=\"async\" src=\"https:\/\/enolife.com.ar\/es\/wp-content\/uploads\/2023\/04\/3c372f4f-c603-4032-8237-9b65ca670030.jpg\" alt=\"\" class=\"wp-image-91471\" width=\"421\" height=\"418\" srcset=\"https:\/\/enolife.com.ar\/es\/wp-content\/uploads\/2023\/04\/3c372f4f-c603-4032-8237-9b65ca670030.jpg 403w, https:\/\/enolife.com.ar\/es\/wp-content\/uploads\/2023\/04\/3c372f4f-c603-4032-8237-9b65ca670030-300x298.jpg 300w, https:\/\/enolife.com.ar\/es\/wp-content\/uploads\/2023\/04\/3c372f4f-c603-4032-8237-9b65ca670030-150x150.jpg 150w\" sizes=\"auto, (max-width: 421px) 100vw, 421px\" \/><\/a><figcaption class=\"wp-element-caption\"><em><strong>Dentro de la vinoteca<\/strong><\/em>.<\/figcaption><\/figure>\n<\/div>\n\n\n\n<div style=\"height:35px\" aria-hidden=\"true\" class=\"wp-block-spacer\"><\/div>\n\n\n\n<p>Por su parte <strong>Sergio Cerro, <\/strong>presidente de la C\u00e1mara, agreg\u00f3: <em>\u00abQueremos agradecer a todas las personas que lo hicieron posible, a los medios por la difusi\u00f3n y el espacio que nos dieron para comunicar esta verdadera fiesta del vino argentino, y especialmente a todas las vinotecas que se sumaron en todo el pa\u00eds. El mapa virtual con todas las vinotecas adheridas funcion\u00f3 muy bien para que los amantes del vino puedan elegir &nbsp;sus destinos y hasta el recorrido que cada uno arm\u00f3 en los diferentes lugares. Tuvimos 40.534 visitas en el link.\u201d<\/em><\/p>\n\n\n\n<div style=\"height:35px\" aria-hidden=\"true\" class=\"wp-block-spacer\"><\/div>\n\n\n\n<p class=\"has-medium-font-size\"><strong>El impacto en las redes sociales<\/strong><\/p>\n\n\n\n<p>Entre el 8\/3 y el 24\/4, en la cuenta de IG @nochedelasvinotecas, se consiguieron <strong>4.402 seguidores<\/strong> y 21.962 visitas al perfil; adem\u00e1s se alcanzaron<strong> 129.570 cuentas<\/strong>, de las que interactuaron 3.572 y se compartieron 1.136 historias.<\/p>\n\n\n\n<div style=\"height:35px\" aria-hidden=\"true\" class=\"wp-block-spacer\"><\/div>\n\n\n\n<div class=\"wp-block-group is-content-justification-center is-nowrap is-layout-flex wp-container-core-group-is-layout-94bc23d7 wp-block-group-is-layout-flex\">\n<figure class=\"wp-block-image size-full\"><a href=\"https:\/\/enolife.com.ar\/es\/wp-content\/uploads\/2023\/04\/Imagen8-5.jpg\" data-rel=\"penci-gallery-image-content\" ><img loading=\"lazy\" decoding=\"async\" width=\"430\" height=\"390\" src=\"https:\/\/enolife.com.ar\/es\/wp-content\/uploads\/2023\/04\/Imagen8-5.jpg\" alt=\"\" class=\"wp-image-91488\" srcset=\"https:\/\/enolife.com.ar\/es\/wp-content\/uploads\/2023\/04\/Imagen8-5.jpg 430w, https:\/\/enolife.com.ar\/es\/wp-content\/uploads\/2023\/04\/Imagen8-5-300x272.jpg 300w\" sizes=\"auto, (max-width: 430px) 100vw, 430px\" \/><\/a><figcaption class=\"wp-element-caption\"><em><strong>Ofertas en redes<\/strong><\/em><\/figcaption><\/figure>\n\n\n\n<figure class=\"wp-block-image size-full is-resized\"><a href=\"https:\/\/enolife.com.ar\/es\/wp-content\/uploads\/2023\/04\/Imagen9-6.jpg\" data-rel=\"penci-gallery-image-content\" ><img loading=\"lazy\" decoding=\"async\" src=\"https:\/\/enolife.com.ar\/es\/wp-content\/uploads\/2023\/04\/Imagen9-6.jpg\" alt=\"\" class=\"wp-image-91489\" width=\"330\" height=\"386\" srcset=\"https:\/\/enolife.com.ar\/es\/wp-content\/uploads\/2023\/04\/Imagen9-6.jpg 392w, https:\/\/enolife.com.ar\/es\/wp-content\/uploads\/2023\/04\/Imagen9-6-257x300.jpg 257w\" sizes=\"auto, (max-width: 330px) 100vw, 330px\" \/><\/a><figcaption class=\"wp-element-caption\"><em><strong>Google Maps<\/strong><\/em><\/figcaption><\/figure>\n<\/div>\n\n\n\n<div style=\"height:35px\" aria-hidden=\"true\" class=\"wp-block-spacer\"><\/div>\n\n\n\n<p>Por otro lado, se gener\u00f3 un mapa interactivo en <strong>Google Maps<\/strong>, con todas las vinotecas adheridas a la actividad, el cual tuvo <strong>40.534 visitas<\/strong> y 6.413 cliks en diferentes ubicaciones.<\/p>\n\n\n\n<div style=\"height:19px\" aria-hidden=\"true\" class=\"wp-block-spacer\"><\/div>\n\n\n\n<p class=\"has-background\" style=\"background-color:#abb7c23b\"><strong>Para sumarse a una pr\u00f3xima edici\u00f3n en fecha a confirmar, contactarse al mail: nochevinotecas@camaradevinotecas.com.ar, por IG: @nochedelasvinotecas, o bien comunicarse con Mat\u00edas Barrios +54 9 11 58060289<\/strong><\/p>\n\n\n\n<div style=\"height:45px\" aria-hidden=\"true\" class=\"wp-block-spacer\"><\/div>\n\n\n\n<p><\/p>\n","protected":false},"excerpt":{"rendered":"<p>La C\u00e1mara Argentina de Vinotecas y Afines (CAVA) con el apoyo de la Corporaci\u00f3n Vitivin\u00edcola&hellip;<\/p>\n","protected":false},"author":3,"featured_media":91492,"comment_status":"open","ping_status":"open","sticky":false,"template":"","format":"standard","meta":{"footnotes":""},"categories":[14],"tags":[],"class_list":["post-91422","post","type-post","status-publish","format-standard","has-post-thumbnail","hentry","category-news"],"_links":{"self":[{"href":"https:\/\/enolife.com.ar\/es\/wp-json\/wp\/v2\/posts\/91422","targetHints":{"allow":["GET"]}}],"collection":[{"href":"https:\/\/enolife.com.ar\/es\/wp-json\/wp\/v2\/posts"}],"about":[{"href":"https:\/\/enolife.com.ar\/es\/wp-json\/wp\/v2\/types\/post"}],"author":[{"embeddable":true,"href":"https:\/\/enolife.com.ar\/es\/wp-json\/wp\/v2\/users\/3"}],"replies":[{"embeddable":true,"href":"https:\/\/enolife.com.ar\/es\/wp-json\/wp\/v2\/comments?post=91422"}],"version-history":[{"count":0,"href":"https:\/\/enolife.com.ar\/es\/wp-json\/wp\/v2\/posts\/91422\/revisions"}],"wp:featuredmedia":[{"embeddable":true,"href":"https:\/\/enolife.com.ar\/es\/wp-json\/wp\/v2\/media\/91492"}],"wp:attachment":[{"href":"https:\/\/enolife.com.ar\/es\/wp-json\/wp\/v2\/media?parent=91422"}],"wp:term":[{"taxonomy":"category","embeddable":true,"href":"https:\/\/enolife.com.ar\/es\/wp-json\/wp\/v2\/categories?post=91422"},{"taxonomy":"post_tag","embeddable":true,"href":"https:\/\/enolife.com.ar\/es\/wp-json\/wp\/v2\/tags?post=91422"}],"curies":[{"name":"wp","href":"https:\/\/api.w.org\/{rel}","templated":true}]}}