{"id":91284,"date":"2023-04-25T02:04:08","date_gmt":"2023-04-25T02:04:08","guid":{"rendered":"https:\/\/enolife.com.ar\/es\/?p=91284"},"modified":"2023-04-27T01:20:57","modified_gmt":"2023-04-27T01:20:57","slug":"el-75-de-los-vinos-a-granel-que-argentina-exporta-es-malbec-de-la-misma-calidad-que-el-fraccionado","status":"publish","type":"post","link":"https:\/\/enolife.com.ar\/es\/el-75-de-los-vinos-a-granel-que-argentina-exporta-es-malbec-de-la-misma-calidad-que-el-fraccionado\/","title":{"rendered":"El 75% de los vinos a granel que Argentina exporta es malbec de la misma calidad que el fraccionado"},"content":{"rendered":"\n<h4 class=\"wp-block-heading\"><em><strong>En sinton\u00eda con el festejo del Mes del Malbec en Argentina y el mundo, el viernes 21\/4 la C\u00e1mara Argentina de Vinos a Granel (CAVG) present\u00f3 en Bodega SinFin -socia de la entidad- los n\u00fameros que representa la cepa insignia argentina en el mercado externo de vino a granel. El malbec es la variedad m\u00e1s comercializada, con una participaci\u00f3n (en millones de litros) del 75% sobre el total de varietales exportados, y representa entre el 65 y 68% de la facturaci\u00f3n. Es importante destacar que el malbec a granel producido por las bodegas argentinas exportadoras tiene la misma calidad del que el fraccionado, y adem\u00e1s le brinda al comprador la posibilidad de crear un vino a medida de su mercado y sus consumidores.<\/strong><\/em><strong><em> <\/em><\/strong><\/h4>\n\n\n\n<hr class=\"wp-block-separator has-alpha-channel-opacity\"\/>\n\n\n\n<h4 class=\"wp-block-heading\"><em><strong>Durante la jornada en SinFin los anfitriones invitaron a realizar una actividad recreativa con la consigna de que los periodistas e invitados asistentes armaran un blend con diferentes tipos de malbec all\u00ed provistos, seg\u00fan una serie de pautas sensoriales y organol\u00e9pticas solicitadas por un hipot\u00e9tico importador de Suecia. Tras los premios a los mejores blends elegidos en una cata a ciegas por un jurado tambi\u00e9n conformado por los comunicadores, se disfrut\u00f3 un variado y suculento almuerzo preparado por el chef Sergio Guardia, responsable de gastronom\u00eda de la bodega.<\/strong><\/em><\/h4>\n\n\n\n<div style=\"height:40px\" aria-hidden=\"true\" class=\"wp-block-spacer\"><\/div>\n\n\n\n\n\n<div style=\"height:52px\" aria-hidden=\"true\" class=\"wp-block-spacer\"><\/div>\n\n\n\n<p>Como lo viene haciendo desde 2019, y como parte de su tarea de promoci\u00f3n y educaci\u00f3n junto a<strong> Wines of Argentina<\/strong>, la <strong>C\u00e1mara Argentina de Vinos a Graneal (CAVG)<\/strong> invit\u00f3 a periodistas especializados en vitivinicultura a conocer la actualidad del malbec que se exporta con la modalidad \u201cgranel\u201d. <\/p>\n\n\n\n<div style=\"height:30px\" aria-hidden=\"true\" class=\"wp-block-spacer\"><\/div>\n\n\n<div class=\"wp-block-image\">\n<figure class=\"aligncenter size-full is-resized\"><a href=\"https:\/\/enolife.com.ar\/es\/wp-content\/uploads\/2023\/04\/342350581_6185482124842838_8565908308897269644_n.jpg\" data-rel=\"penci-gallery-image-content\" ><img loading=\"lazy\" decoding=\"async\" src=\"https:\/\/enolife.com.ar\/es\/wp-content\/uploads\/2023\/04\/342350581_6185482124842838_8565908308897269644_n.jpg\" alt=\"\" class=\"wp-image-91355\" width=\"602\" height=\"475\" srcset=\"https:\/\/enolife.com.ar\/es\/wp-content\/uploads\/2023\/04\/342350581_6185482124842838_8565908308897269644_n.jpg 623w, https:\/\/enolife.com.ar\/es\/wp-content\/uploads\/2023\/04\/342350581_6185482124842838_8565908308897269644_n-300x237.jpg 300w, https:\/\/enolife.com.ar\/es\/wp-content\/uploads\/2023\/04\/342350581_6185482124842838_8565908308897269644_n-585x462.jpg 585w\" sizes=\"auto, (max-width: 602px) 100vw, 602px\" \/><\/a><figcaption class=\"wp-element-caption\"><em><strong>Periodistas vitivin\u00edcolas en Bodega SinFin<\/strong><\/em>.<\/figcaption><\/figure><\/div>\n\n\n<div style=\"height:30px\" aria-hidden=\"true\" class=\"wp-block-spacer\"><\/div>\n\n\n\n<p>Este tipo de vino es el que <strong>se comercializa en un envase superior a 10 litros con el fin de ser fraccionado en destino<\/strong>, pudiendo ser antes utilizado para mejorar o producir un nuevo corte de vinos (blend) o bien envasarse directamente sin cambio alguno en botellas, latas de aluminio o bag-in box para el consumidor final.<\/p>\n\n\n\n<p>De esta forma, se entiende que lo que define la categor\u00eda de graneles es solamente el volumen del envase en que se comercializa el vino, sin hacer diferencia de calidades. Vinos de todos los tipos y calidades pueden ser comercializados con esta modalidad: gen\u00e9ricos, varietales, blends, entry level, premium o s\u00faper premium, ya que los avances de los envases contenedores de grandes vol\u00famenes permiten asegurar la misma calidad que los envases m\u00e1s peque\u00f1os.<\/p>\n\n\n\n<div style=\"height:30px\" aria-hidden=\"true\" class=\"wp-block-spacer\"><\/div>\n\n\n<div class=\"wp-block-image\">\n<figure class=\"aligncenter size-large is-resized\"><a href=\"https:\/\/enolife.com.ar\/es\/wp-content\/uploads\/2023\/04\/342869021_1219784105310328_2020882411286980504_n.jpg\" data-rel=\"penci-gallery-image-content\" ><img loading=\"lazy\" decoding=\"async\" src=\"https:\/\/enolife.com.ar\/es\/wp-content\/uploads\/2023\/04\/342869021_1219784105310328_2020882411286980504_n-1024x587.jpg\" alt=\"\" class=\"wp-image-91357\" width=\"601\" height=\"344\" srcset=\"https:\/\/enolife.com.ar\/es\/wp-content\/uploads\/2023\/04\/342869021_1219784105310328_2020882411286980504_n-1024x587.jpg 1024w, https:\/\/enolife.com.ar\/es\/wp-content\/uploads\/2023\/04\/342869021_1219784105310328_2020882411286980504_n-300x172.jpg 300w, https:\/\/enolife.com.ar\/es\/wp-content\/uploads\/2023\/04\/342869021_1219784105310328_2020882411286980504_n-768x440.jpg 768w, https:\/\/enolife.com.ar\/es\/wp-content\/uploads\/2023\/04\/342869021_1219784105310328_2020882411286980504_n-1170x671.jpg 1170w, https:\/\/enolife.com.ar\/es\/wp-content\/uploads\/2023\/04\/342869021_1219784105310328_2020882411286980504_n-585x335.jpg 585w, https:\/\/enolife.com.ar\/es\/wp-content\/uploads\/2023\/04\/342869021_1219784105310328_2020882411286980504_n.jpg 1245w\" sizes=\"auto, (max-width: 601px) 100vw, 601px\" \/><\/a><figcaption class=\"wp-element-caption\"><em><strong>Juan Manuel Palomo presentando los datos de las exportaciones del malbec argentino a granel.<\/strong><\/em><\/figcaption><\/figure><\/div>\n\n\n<div style=\"height:30px\" aria-hidden=\"true\" class=\"wp-block-spacer\"><\/div>\n\n\n\n<p>La charla sobre la evoluci\u00f3n de ventas del malbec argentino a granel estuvo a cargo de<strong> Juan Manuel Palomo,<\/strong> gerente general de la CAVG, y se realiz\u00f3 en la Bodega Sin Fin, de Familia Caselles, en su establecimiento de Maip\u00fa. Durante la presentaci\u00f3n, Palomo destac\u00f3 los siguientes puntos:<\/p>\n\n\n\n<ul class=\"wp-block-list\">\n<li>Durante 2022 Argentina realiz\u00f3 exportaciones de vino a granel por un total de <strong>68,8 millones de litros y por un valor de 58,6 millones de d\u00f3lares.<\/strong><br><\/li>\n\n\n\n<li>Si bien la &nbsp;evoluci\u00f3n interanual de las exportaciones fue negativa, del orden del -40,7%, tuvo un comportamiento diferencial entre los diferentes tipos de vinos: los que m\u00e1s cayeron fueron los gen\u00e9ricos (-73,8%) mientras que los&nbsp;varietales lo hicieron en un&nbsp;-23%\u201d.<br><\/li>\n\n\n\n<li>La participaci\u00f3n de <strong>los vinos varietales sobre el total exportado de vino a granel <\/strong>desde Argentina, no obstante, contin\u00faa en aumento, representando el <strong>84,5% <\/strong>del total.<br><\/li>\n\n\n\n<li>En relaci\u00f3n a las variedades m\u00e1s exportadas, <strong>el malbec contin\u00faa siendo la figura m\u00e1s relevante, con una participaci\u00f3n (en millones de litros) del 75%<\/strong> sobre el total de monovarietales exportados.<br><\/li>\n\n\n\n<li>El malbec es la variedad m\u00e1s comercializada hacia el exterior en vinos a granel de Argentina, <strong>representando en los \u00faltimos 4 a\u00f1os entre el 50 y 55% del volumen<\/strong> de los vinos varietales a granel exportados y <strong>entre el 65 y 68% de la facturaci\u00f3n en U$D FOB<\/strong>.<\/li>\n<\/ul>\n\n\n\n<p>En cuanto a los precios medios, Juan Manuel Palomo indic\u00f3 que <em>\u201cse observa que los vinos monovarietales que registraron el mayor incremento interanual fueron el Cabernet Sauvignon con un +83% (1,01 USD\/l.), Syrah con un +63% (0,82 USD\/l.) y Chardonnay con +23% (0,93 USD\/l.). Mientras que el Malbec ascendi\u00f3 a un valor promedio de $0,97 USD\/Litro, lo que represent\u00f3 un incremento interanual del 1,5% \u201c<\/em>.<\/p>\n\n\n\n<p>Tambi\u00e9n detall\u00f3 cu\u00e1les son los mercados a los que se vende el malbec a granel argentino, llegando a <strong>22 destinos internacionales<\/strong>, de los cuales desde el 2018 al 2022, <strong>Gran Breta\u00f1a<\/strong> ha sido el principal comprador con vol\u00famenes que van del 45% al 66% del total de varietales exportados, y pieza clave en cuanto a vinos malbec s\u00faper premium.<\/p>\n\n\n\n<p><strong>Estados Unidos <\/strong>(+14,6%) es el segundo destino de importancia en t\u00e9rminos de volumen y tambi\u00e9s es importante en el segmento super premium. Luego sigue <strong>Alemania<\/strong>, como 3er comprador (7,3%), en poporciones similares en los segmentos premium y s\u00faper premium. En cuarto lugar se encuentra <strong>Francia<\/strong>, que se ha mantenido estable a trav\u00e9s de los \u00faltimos cuatro a\u00f1os en cuanto a los vol\u00famenes y la facturaci\u00f3n, tambi\u00e9n con vinos premium y s\u00faper premium.<\/p>\n\n\n\n<div style=\"height:35px\" aria-hidden=\"true\" class=\"wp-block-spacer\"><\/div>\n\n\n\n<p class=\"has-medium-font-size\"><strong>Un momento creativo: el juego del blend<\/strong><\/p>\n\n\n\n<p>El anfitri\u00f3n de la actividad, <strong>Juan Carlos Caselles<\/strong>, junto con el en\u00f3logo de la bodega SinFin,<strong> Gabriel Molina<\/strong>, sumaron una actividad recreativa con la finalidad de \u201caprender jugando\u201d. El juego propuesto se llam\u00f3 \u00ab<em>blending<\/em>\u00ab, y consisti\u00f3 en mezclar distintos vinos malbec para obtener un corte.<\/p>\n\n\n\n<div style=\"height:30px\" aria-hidden=\"true\" class=\"wp-block-spacer\"><\/div>\n\n\n<div class=\"wp-block-image\">\n<figure class=\"aligncenter size-full is-resized\"><a href=\"https:\/\/enolife.com.ar\/es\/wp-content\/uploads\/2023\/04\/341688986_1290765881860536_2654726753053320252_n.jpg\" data-rel=\"penci-gallery-image-content\" ><img loading=\"lazy\" decoding=\"async\" src=\"https:\/\/enolife.com.ar\/es\/wp-content\/uploads\/2023\/04\/341688986_1290765881860536_2654726753053320252_n.jpg\" alt=\"\" class=\"wp-image-91343\" width=\"516\" height=\"488\" srcset=\"https:\/\/enolife.com.ar\/es\/wp-content\/uploads\/2023\/04\/341688986_1290765881860536_2654726753053320252_n.jpg 423w, https:\/\/enolife.com.ar\/es\/wp-content\/uploads\/2023\/04\/341688986_1290765881860536_2654726753053320252_n-300x284.jpg 300w\" sizes=\"auto, (max-width: 516px) 100vw, 516px\" \/><\/a><figcaption class=\"wp-element-caption\"><em><strong>Juan Carlos Caselles y Gabriel Molina<\/strong><\/em><\/figcaption><\/figure><\/div>\n\n\n<div style=\"height:30px\" aria-hidden=\"true\" class=\"wp-block-spacer\"><\/div>\n\n\n\n<p>Se dividi\u00f3 a los participantes en <strong>5 grupos que ten\u00edan que hacer un blend con diferentes tipos de malbec <\/strong>seg\u00fan una solicitud de compra de Suecia. Cada grupo recibi\u00f3 3 botellas de malbec sin ninguna indicaci\u00f3n, <strong>con diferentes caracter\u00edsitcas organol\u00e9pticas<\/strong>, con las que se deb\u00eda lograr el blend. La consigna era hacer un <strong>malbec 2023 categor\u00eda varietal plus<\/strong> seg\u00fan los siguientes puntos:<\/p>\n\n\n\n<ol class=\"wp-block-list\">\n<li>Frutado, con muy buena tipicidad e intensidad frutal (frutos negros, hierbas frescas, ciruelas, violetas, etc) con elegantes notas de madera, buena acidez y taninos amables, de un balance final equilibrado.<br><\/li>\n\n\n\n<li>Debido a la falta de volumen de los 3 vinos entregados a cada grupo se deb\u00eda utilizar un m\u00e1ximo de un 20% de uno, y un m\u00e1ximo del 60% para los otros dos.<br><\/li>\n\n\n\n<li>El tiempo para hacer el corte fue de 25 minutos.<\/li>\n<\/ol>\n\n\n\n<div style=\"height:35px\" aria-hidden=\"true\" class=\"wp-block-spacer\"><\/div>\n\n\n\n<div class=\"wp-block-group is-nowrap is-layout-flex wp-container-core-group-is-layout-ad2f72ca wp-block-group-is-layout-flex\">\n<div class=\"wp-block-group is-content-justification-center is-nowrap is-layout-flex wp-container-core-group-is-layout-94bc23d7 wp-block-group-is-layout-flex\">\n<figure class=\"wp-block-image size-full\"><a href=\"https:\/\/enolife.com.ar\/es\/wp-content\/uploads\/2023\/04\/342546190_1296434424595191_3029291116500304042_n.jpg\" data-rel=\"penci-gallery-image-content\" ><img loading=\"lazy\" decoding=\"async\" width=\"400\" height=\"400\" src=\"https:\/\/enolife.com.ar\/es\/wp-content\/uploads\/2023\/04\/342546190_1296434424595191_3029291116500304042_n.jpg\" alt=\"\" class=\"wp-image-91352\" srcset=\"https:\/\/enolife.com.ar\/es\/wp-content\/uploads\/2023\/04\/342546190_1296434424595191_3029291116500304042_n.jpg 400w, https:\/\/enolife.com.ar\/es\/wp-content\/uploads\/2023\/04\/342546190_1296434424595191_3029291116500304042_n-300x300.jpg 300w, https:\/\/enolife.com.ar\/es\/wp-content\/uploads\/2023\/04\/342546190_1296434424595191_3029291116500304042_n-150x150.jpg 150w\" sizes=\"auto, (max-width: 400px) 100vw, 400px\" \/><\/a><figcaption class=\"wp-element-caption\"><em><strong>Kit para el juego del blend<\/strong><\/em><\/figcaption><\/figure>\n\n\n\n<figure class=\"wp-block-image size-full is-resized\"><a href=\"https:\/\/enolife.com.ar\/es\/wp-content\/uploads\/2023\/04\/IMG_20230421_125632028.jpg\" data-rel=\"penci-gallery-image-content\" ><img loading=\"lazy\" decoding=\"async\" src=\"https:\/\/enolife.com.ar\/es\/wp-content\/uploads\/2023\/04\/IMG_20230421_125632028.jpg\" alt=\"\" class=\"wp-image-91353\" width=\"457\" height=\"368\" srcset=\"https:\/\/enolife.com.ar\/es\/wp-content\/uploads\/2023\/04\/IMG_20230421_125632028.jpg 481w, https:\/\/enolife.com.ar\/es\/wp-content\/uploads\/2023\/04\/IMG_20230421_125632028-300x241.jpg 300w\" sizes=\"auto, (max-width: 457px) 100vw, 457px\" \/><\/a><figcaption class=\"wp-element-caption\"><em><strong>Haciendo el corte de Bodega de los Confines<\/strong><\/em><\/figcaption><\/figure>\n<\/div>\n<\/div>\n\n\n\n<div style=\"height:35px\" aria-hidden=\"true\" class=\"wp-block-spacer\"><\/div>\n\n\n\n<p>Con las 3 botellas sobre la mesa y una pipeta, comenzaron a correr los 25 minutos otorgados para la tarea, y cada grupo -con un nombre de bodega ficticio- hizo su blend con las proporciones necesarias para lograr el vino con las caracter\u00edsticas solicitadas. Una vez terminado el corte se conform\u00f3 un jurado con 1 participante de cada equipo y a partir de una cata a ciegas se eligieron los 3 primeros puestos:<\/p>\n\n\n\n<div style=\"height:25px\" aria-hidden=\"true\" class=\"wp-block-spacer\"><\/div>\n\n\n\n<h4 class=\"wp-block-heading\">GRUPO UNO: Gabriela Malizia, Alicia Sister\u00f3 y Mariela Moreno, de Bodega Sin Fondo &#8211; 1er premio<\/h4>\n\n\n\n<div style=\"height:25px\" aria-hidden=\"true\" class=\"wp-block-spacer\"><\/div>\n\n\n<div class=\"wp-block-image\">\n<figure class=\"aligncenter size-full is-resized\"><a href=\"https:\/\/enolife.com.ar\/es\/wp-content\/uploads\/2023\/04\/ca756485-c41c-42b8-8cb9-e8330191d571.jpg\" data-rel=\"penci-gallery-image-content\" ><img loading=\"lazy\" decoding=\"async\" src=\"https:\/\/enolife.com.ar\/es\/wp-content\/uploads\/2023\/04\/ca756485-c41c-42b8-8cb9-e8330191d571.jpg\" alt=\"\" class=\"wp-image-91344\" width=\"540\" height=\"443\" srcset=\"https:\/\/enolife.com.ar\/es\/wp-content\/uploads\/2023\/04\/ca756485-c41c-42b8-8cb9-e8330191d571.jpg 488w, https:\/\/enolife.com.ar\/es\/wp-content\/uploads\/2023\/04\/ca756485-c41c-42b8-8cb9-e8330191d571-300x246.jpg 300w\" sizes=\"auto, (max-width: 540px) 100vw, 540px\" \/><\/a><figcaption class=\"wp-element-caption\"><em><strong>Gabriela Malizia, Alicia Sister\u00f3 y Mariela Moreno<\/strong><\/em><\/figcaption><\/figure><\/div>\n\n\n<div style=\"height:30px\" aria-hidden=\"true\" class=\"wp-block-spacer\"><\/div>\n\n\n\n<h4 class=\"wp-block-heading\">GRUPO DOS: Rodolfo Cavagnaro, Juan Marcelo Calabria, Juan Manuel Palomo, de Bodega JR &#8211; Aventura &#8211; 2\u00b0 premio<\/h4>\n\n\n\n<div style=\"height:25px\" aria-hidden=\"true\" class=\"wp-block-spacer\"><\/div>\n\n\n<div class=\"wp-block-image\">\n<figure class=\"aligncenter size-full is-resized\"><a href=\"https:\/\/enolife.com.ar\/es\/wp-content\/uploads\/2023\/04\/9ba0d5d9-3f44-4ac9-90af-ba67d75a7c8e.jpg\" data-rel=\"penci-gallery-image-content\" ><img loading=\"lazy\" decoding=\"async\" src=\"https:\/\/enolife.com.ar\/es\/wp-content\/uploads\/2023\/04\/9ba0d5d9-3f44-4ac9-90af-ba67d75a7c8e.jpg\" alt=\"\" class=\"wp-image-91345\" width=\"562\" height=\"350\" srcset=\"https:\/\/enolife.com.ar\/es\/wp-content\/uploads\/2023\/04\/9ba0d5d9-3f44-4ac9-90af-ba67d75a7c8e.jpg 643w, https:\/\/enolife.com.ar\/es\/wp-content\/uploads\/2023\/04\/9ba0d5d9-3f44-4ac9-90af-ba67d75a7c8e-300x187.jpg 300w, https:\/\/enolife.com.ar\/es\/wp-content\/uploads\/2023\/04\/9ba0d5d9-3f44-4ac9-90af-ba67d75a7c8e-585x364.jpg 585w\" sizes=\"auto, (max-width: 562px) 100vw, 562px\" \/><\/a><figcaption class=\"wp-element-caption\"><em><strong>Juan Manuel Palomo, Rodolfo Cavagnaro y Juan Marcelo Calabria<\/strong><\/em><\/figcaption><\/figure><\/div>\n\n\n<div style=\"height:30px\" aria-hidden=\"true\" class=\"wp-block-spacer\"><\/div>\n\n\n\n<h4 class=\"wp-block-heading\">GRUPO TRES: Pedro Straniero, Lorena Mellone y Oscar Pinco, de Bodega de los Confines &#8211; 3\u00b0 premio<\/h4>\n\n\n\n<div style=\"height:25px\" aria-hidden=\"true\" class=\"wp-block-spacer\"><\/div>\n\n\n<div class=\"wp-block-image\">\n<figure class=\"aligncenter size-full is-resized\"><a href=\"https:\/\/enolife.com.ar\/es\/wp-content\/uploads\/2023\/04\/IMG_20230421_130456106.jpg\" data-rel=\"penci-gallery-image-content\" ><img loading=\"lazy\" decoding=\"async\" src=\"https:\/\/enolife.com.ar\/es\/wp-content\/uploads\/2023\/04\/IMG_20230421_130456106.jpg\" alt=\"\" class=\"wp-image-91347\" width=\"597\" height=\"416\" srcset=\"https:\/\/enolife.com.ar\/es\/wp-content\/uploads\/2023\/04\/IMG_20230421_130456106.jpg 770w, https:\/\/enolife.com.ar\/es\/wp-content\/uploads\/2023\/04\/IMG_20230421_130456106-300x209.jpg 300w, https:\/\/enolife.com.ar\/es\/wp-content\/uploads\/2023\/04\/IMG_20230421_130456106-768x536.jpg 768w, https:\/\/enolife.com.ar\/es\/wp-content\/uploads\/2023\/04\/IMG_20230421_130456106-585x408.jpg 585w\" sizes=\"auto, (max-width: 597px) 100vw, 597px\" \/><\/a><figcaption class=\"wp-element-caption\"><em><strong>Oscar Pinco, Lorena Mellone y Pedro Straniero<\/strong><\/em><\/figcaption><\/figure><\/div>\n\n\n<div style=\"height:30px\" aria-hidden=\"true\" class=\"wp-block-spacer\"><\/div>\n\n\n\n<h4 class=\"wp-block-heading\">GRUPO CUATRO: Anal\u00eda Gimenez, Sol Devia y Lila Levinson, de Bodega Sol de Ana-Li<\/h4>\n\n\n\n<div style=\"height:25px\" aria-hidden=\"true\" class=\"wp-block-spacer\"><\/div>\n\n\n<div class=\"wp-block-image\">\n<figure class=\"aligncenter size-full is-resized\"><a href=\"https:\/\/enolife.com.ar\/es\/wp-content\/uploads\/2023\/04\/d425bdac-7b42-4975-8012-594da0bd22d3.jpg\" data-rel=\"penci-gallery-image-content\" ><img loading=\"lazy\" decoding=\"async\" src=\"https:\/\/enolife.com.ar\/es\/wp-content\/uploads\/2023\/04\/d425bdac-7b42-4975-8012-594da0bd22d3.jpg\" alt=\"\" class=\"wp-image-91348\" width=\"586\" height=\"433\" srcset=\"https:\/\/enolife.com.ar\/es\/wp-content\/uploads\/2023\/04\/d425bdac-7b42-4975-8012-594da0bd22d3.jpg 944w, https:\/\/enolife.com.ar\/es\/wp-content\/uploads\/2023\/04\/d425bdac-7b42-4975-8012-594da0bd22d3-300x222.jpg 300w, https:\/\/enolife.com.ar\/es\/wp-content\/uploads\/2023\/04\/d425bdac-7b42-4975-8012-594da0bd22d3-768x567.jpg 768w, https:\/\/enolife.com.ar\/es\/wp-content\/uploads\/2023\/04\/d425bdac-7b42-4975-8012-594da0bd22d3-585x432.jpg 585w\" sizes=\"auto, (max-width: 586px) 100vw, 586px\" \/><\/a><figcaption class=\"wp-element-caption\"><em><strong>Sol Devia, Lila Levinson y Anal\u00eda Gimenez<\/strong><\/em><\/figcaption><\/figure><\/div>\n\n\n<div style=\"height:30px\" aria-hidden=\"true\" class=\"wp-block-spacer\"><\/div>\n\n\n\n<h4 class=\"wp-block-heading\">GRUPO CINCO: Laura Carbonari, Alejandro Constanzo y Gustavo Flores Baz\u00e1n, de Bodega Gesta Gloriosa Wines.<\/h4>\n\n\n\n<div style=\"height:25px\" aria-hidden=\"true\" class=\"wp-block-spacer\"><\/div>\n\n\n<div class=\"wp-block-image\">\n<figure class=\"aligncenter size-full\"><a href=\"https:\/\/enolife.com.ar\/es\/wp-content\/uploads\/2023\/04\/4be4bd62-f266-4745-afdb-2373a979e032.jpg\" data-rel=\"penci-gallery-image-content\" ><img loading=\"lazy\" decoding=\"async\" width=\"576\" height=\"300\" src=\"https:\/\/enolife.com.ar\/es\/wp-content\/uploads\/2023\/04\/4be4bd62-f266-4745-afdb-2373a979e032.jpg\" alt=\"\" class=\"wp-image-91350\" srcset=\"https:\/\/enolife.com.ar\/es\/wp-content\/uploads\/2023\/04\/4be4bd62-f266-4745-afdb-2373a979e032.jpg 576w, https:\/\/enolife.com.ar\/es\/wp-content\/uploads\/2023\/04\/4be4bd62-f266-4745-afdb-2373a979e032-300x156.jpg 300w\" sizes=\"auto, (max-width: 576px) 100vw, 576px\" \/><\/a><figcaption class=\"wp-element-caption\"><em><strong>Gustavo Flores Baz\u00e1n, Alejandro Costanzo y Laura Carbonari<\/strong><\/em><\/figcaption><\/figure><\/div>\n\n\n<div style=\"height:35px\" aria-hidden=\"true\" class=\"wp-block-spacer\"><\/div>\n\n\n\n<p>La organizadora de la actividad, la comunicadora social <strong>Gabriela Malizia, sommelier a cargo del Programa de Promocional Comercial Internacional de la C\u00e1mara,<\/strong> explic\u00f3: <em>\u201cEl objetivo es aclarar el concepto de que el malbec a granel tiene la misma calidad del que se exporta fraccionado, s\u00f3lo que da la posibilidad de crear un vino a medida de lo que pide el comprador, o si se fracciona en destino, que ese dise\u00f1o lo haga la misma empresa que compra. Es el llamado vino \u201ctailor made\u201d&nbsp; -hecho a medida<\/em>-\u00ab.<\/p>\n\n\n\n<p>Luego de \u00e9ste momento l\u00fadico, invitaron a periodistas a disfrutar de los vinos de la Bodega SinFin con la gastronom\u00eda del cheff <strong>Sergio Guardia.<\/strong><\/p>\n\n\n\n<div style=\"height:45px\" aria-hidden=\"true\" class=\"wp-block-spacer\"><\/div>\n\n\n\n<p class=\"has-medium-font-size\"><strong>Acerca de la C\u00e1mara Argentina de Vinos a Granel<\/strong><\/p>\n\n\n\n<p>La CAVG es una c\u00e1mara empresarial conformada por los principales exportadores de vino a granel de Argentina, as\u00ed como por empresas de servicios relacionados y de log\u00edstica, nacida en 2018.<\/p>\n\n\n\n<p>Fue nombrada en 2020 por la Corporaci\u00f3n Vitivin\u00edcola Argentina (Coviar) como Unidad Ejecutora del Programa de Promoci\u00f3n Internacional de los vinos a granel de Argentina en el marco del PEVI 2030.<\/p>\n\n\n\n<p>Con el objetivo de lograr el reconocimiento mundial de los excelentes vinos que se comercializan en grandes vol\u00famenes, la CAVG se encuentra alineada con las acciones que realiza Wines of Argentina (WofA) a fin de contribuir al \u00e9xito global de la industria vitivin\u00edcola nacional a trav\u00e9s de la construcci\u00f3n de la marca \u201cVino Argentino\u201d.<\/p>\n\n\n\n<div style=\"height:49px\" aria-hidden=\"true\" class=\"wp-block-spacer\"><\/div>\n","protected":false},"excerpt":{"rendered":"<p>En sinton\u00eda con el festejo del Mes del Malbec en Argentina y el mundo, el&hellip;<\/p>\n","protected":false},"author":3,"featured_media":91369,"comment_status":"open","ping_status":"open","sticky":false,"template":"","format":"standard","meta":{"footnotes":""},"categories":[9],"tags":[],"class_list":["post-91284","post","type-post","status-publish","format-standard","has-post-thumbnail","hentry","category-negocios"],"_links":{"self":[{"href":"https:\/\/enolife.com.ar\/es\/wp-json\/wp\/v2\/posts\/91284","targetHints":{"allow":["GET"]}}],"collection":[{"href":"https:\/\/enolife.com.ar\/es\/wp-json\/wp\/v2\/posts"}],"about":[{"href":"https:\/\/enolife.com.ar\/es\/wp-json\/wp\/v2\/types\/post"}],"author":[{"embeddable":true,"href":"https:\/\/enolife.com.ar\/es\/wp-json\/wp\/v2\/users\/3"}],"replies":[{"embeddable":true,"href":"https:\/\/enolife.com.ar\/es\/wp-json\/wp\/v2\/comments?post=91284"}],"version-history":[{"count":0,"href":"https:\/\/enolife.com.ar\/es\/wp-json\/wp\/v2\/posts\/91284\/revisions"}],"wp:featuredmedia":[{"embeddable":true,"href":"https:\/\/enolife.com.ar\/es\/wp-json\/wp\/v2\/media\/91369"}],"wp:attachment":[{"href":"https:\/\/enolife.com.ar\/es\/wp-json\/wp\/v2\/media?parent=91284"}],"wp:term":[{"taxonomy":"category","embeddable":true,"href":"https:\/\/enolife.com.ar\/es\/wp-json\/wp\/v2\/categories?post=91284"},{"taxonomy":"post_tag","embeddable":true,"href":"https:\/\/enolife.com.ar\/es\/wp-json\/wp\/v2\/tags?post=91284"}],"curies":[{"name":"wp","href":"https:\/\/api.w.org\/{rel}","templated":true}]}}