{"id":91078,"date":"2023-04-24T15:23:20","date_gmt":"2023-04-24T15:23:20","guid":{"rendered":"https:\/\/enolife.com.ar\/es\/?p=91078"},"modified":"2023-04-27T01:15:04","modified_gmt":"2023-04-27T01:15:04","slug":"godoy-cruz-investiga-la-historia-de-arizu-y-recupera-la-monumental-bodega-para-espacio-cultural","status":"publish","type":"post","link":"https:\/\/enolife.com.ar\/es\/godoy-cruz-investiga-la-historia-de-arizu-y-recupera-la-monumental-bodega-para-espacio-cultural\/","title":{"rendered":"Godoy Cruz investiga la historia de Arizu y recupera la monumental Bodega para espacio cultural"},"content":{"rendered":"\n<h4 class=\"wp-block-heading\"><em><strong>En el camino de recuperaci\u00f3n del ahora denominado&nbsp;\u00abEspacio Arizu\u00bb, la Municipalidad de Godoy Cruz viene realizando acciones e investigaciones para poner en valor la antigua bodega -abandonada durante d\u00e9cadas- en San Mart\u00edn al 1515 de ese departamento de Mendoza. El edificio ocupa una manzana completa y tiene cavas de impactantes dimensiones. Fue declarado&nbsp;Monumento Nacional&nbsp;en 1999 por organismos patrimoniales de la Naci\u00f3n. Arizu lleg\u00f3 a tener l\u00edneas ferroviarias en su interior, con  trenes que cargaban sus tanques con vinos de calidad para llegar a todo el pa\u00eds. Tambi\u00e9n ostent\u00f3 la vi\u00f1a m\u00e1s grande del mundo, con casi 13.000 hect\u00e1reas y posicion\u00f3 durante d\u00e9cadas en toda Argentina su emblem\u00e1tica marca de vino \u00abCruz del Sur\u00bb.<\/strong><\/em><\/h4>\n\n\n\n<div style=\"height:51px\" aria-hidden=\"true\" class=\"wp-block-spacer\"><\/div>\n\n\n<a href=\"https:\/\/sudafilt.com\/\" aria-label=\"SUDAFILT 1700X500 NOV25\"><img loading=\"lazy\" decoding=\"async\" src=\"https:\/\/enolife.com.ar\/es\/wp-content\/uploads\/2020\/07\/SUDAFILT-1700X500-NOV25.gif\" alt=\"\"  width=\"1700\" height=\"500\"   \/><\/a>\n\n\n<div style=\"height:54px\" aria-hidden=\"true\" class=\"wp-block-spacer\"><\/div>\n\n\n\n<p>A medida que avanzan los trabajos en el edificio de la Bodega Arizu del departamento de Godoy Cruz para convertirlo en un espacio destinado a la cultura, la Municipalidad, que ha rescatado valiosos documentos, va sacando a la luz la historia detr\u00e1s de este ic\u00f3nico inmueble -ubicado en San Mart\u00edn al 1515- que fue declarado&nbsp;<strong>Monumento Nacional<\/strong>&nbsp;en 1999. Adem\u00e1s de esos documentos se realizaron una serie de entrevistas a familiares, historiadoras y trabajadores de la bodega, a partir de las cuales se van conociendo detalles coloridos, emotivos e informativos que vale la pena mencionar.<\/p>\n\n\n\n<div style=\"height:30px\" aria-hidden=\"true\" class=\"wp-block-spacer\"><\/div>\n\n\n<div class=\"wp-block-image\">\n<figure class=\"aligncenter size-full is-resized\"><a href=\"https:\/\/enolife.com.ar\/es\/wp-content\/uploads\/2023\/04\/tadeo-archivo-historico-bodegas-espacio-arizu.jpg\" data-rel=\"penci-gallery-image-content\" ><img loading=\"lazy\" decoding=\"async\" src=\"https:\/\/enolife.com.ar\/es\/wp-content\/uploads\/2023\/04\/tadeo-archivo-historico-bodegas-espacio-arizu.jpg\" alt=\"\" class=\"wp-image-91130\" width=\"597\" height=\"315\" srcset=\"https:\/\/enolife.com.ar\/es\/wp-content\/uploads\/2023\/04\/tadeo-archivo-historico-bodegas-espacio-arizu.jpg 758w, https:\/\/enolife.com.ar\/es\/wp-content\/uploads\/2023\/04\/tadeo-archivo-historico-bodegas-espacio-arizu-300x158.jpg 300w, https:\/\/enolife.com.ar\/es\/wp-content\/uploads\/2023\/04\/tadeo-archivo-historico-bodegas-espacio-arizu-585x309.jpg 585w\" sizes=\"auto, (max-width: 597px) 100vw, 597px\" \/><\/a><figcaption class=\"wp-element-caption\"><strong><em>Rescate de libros contables y documentos de la Bodega Arizu<\/em><\/strong>.<\/figcaption><\/figure><\/div>\n\n\n<div style=\"height:30px\" aria-hidden=\"true\" class=\"wp-block-spacer\"><\/div>\n\n\n\n<p>Uno de ellos, es la relevancia de los vinos de Arizu para la provincia, el pa\u00eds y el mundo y las caracter\u00edsitcas de sus vi\u00f1edos.<\/p>\n\n\n\n<div style=\"height:35px\" aria-hidden=\"true\" class=\"wp-block-spacer\"><\/div>\n\n\n\n<p class=\"has-medium-font-size\"><strong>El pa\u00f1o de vi\u00f1a m\u00e1s grande del mundo<\/strong><\/p>\n\n\n\n<p>La <strong>historiadora <\/strong>egresada de la Facultad de Filosof\u00eda y Letras de la Universidad Nacional de Cuyo,&nbsp;<strong>Fabiana Mastr\u00e1ngelo<\/strong>&nbsp;cont\u00f3 que Balbino Arizu, el fundador de la empresa y oriundo de Unzu\u00e9, Espa\u00f1a, <em>\u201cten\u00eda experiencia de producir vino con su padre en Europa y la trajo a la Argentina\u201d<\/em> y record\u00f3 que fue <em>\u201cuna de las m\u00e1s grandes de Mendoza y del pa\u00eds, ya que solo estaba la casa matriz de Godoy Cruz, sino que tambi\u00e9n estaba San Rafael y Luj\u00e1n\u201d<\/em>.<\/p>\n\n\n\n<p>Sobre eso, distintas personas relacionadas a la actividad de la bodega, sostienen que Arizu lleg\u00f3 a tener el pa\u00f1o de vi\u00f1a m\u00e1s grande del mundo.<\/p>\n\n\n\n<div style=\"height:30px\" aria-hidden=\"true\" class=\"wp-block-spacer\"><\/div>\n\n\n<div class=\"wp-block-image\">\n<figure class=\"aligncenter size-full is-resized\"><a href=\"https:\/\/enolife.com.ar\/es\/wp-content\/uploads\/2023\/04\/espacio-arizu-godoy-cruz-fachada-e1666284908806.jpg\" data-rel=\"penci-gallery-image-content\" ><img loading=\"lazy\" decoding=\"async\" src=\"https:\/\/enolife.com.ar\/es\/wp-content\/uploads\/2023\/04\/espacio-arizu-godoy-cruz-fachada-e1666284908806.jpg\" alt=\"\" class=\"wp-image-91138\" width=\"588\" height=\"379\" srcset=\"https:\/\/enolife.com.ar\/es\/wp-content\/uploads\/2023\/04\/espacio-arizu-godoy-cruz-fachada-e1666284908806.jpg 620w, https:\/\/enolife.com.ar\/es\/wp-content\/uploads\/2023\/04\/espacio-arizu-godoy-cruz-fachada-e1666284908806-300x194.jpg 300w, https:\/\/enolife.com.ar\/es\/wp-content\/uploads\/2023\/04\/espacio-arizu-godoy-cruz-fachada-e1666284908806-585x377.jpg 585w\" sizes=\"auto, (max-width: 588px) 100vw, 588px\" \/><\/a><figcaption class=\"wp-element-caption\"><em><strong>Detalle del frente de Bodega Arizu, en Godoy Cruz, Mendoza.<\/strong><\/em><\/figcaption><\/figure><\/div>\n\n\n<div style=\"height:30px\" aria-hidden=\"true\" class=\"wp-block-spacer\"><\/div>\n\n\n\n<p><strong>Ana Mar\u00eda Mateu, historiadora e investigadora del Conicet,<\/strong> sostiene en su libro&nbsp;\u00ab<strong>Balbino Arizu, el Rey del Vino<\/strong>\u00ab, que <em>\u201clas mayores extensiones en un solo pa\u00f1o se adquirieron en Luj\u00e1n (4.582 has, 3.129 has y 1.640 has) y en Maip\u00fa (2.029 has), pero fue en San Rafael, en Villa Atuel, en donde, a trav\u00e9s de sesenta operaciones se acumularon 12.569 has, a trav\u00e9s de la intermediaci\u00f3n de Bernardino Izuel\u201d<\/em>.<\/p>\n\n\n\n<p>Mateu rescat\u00f3 y custodi\u00f3 piezas documentales con las que hizo la tesis doctoral  que luego entreg\u00f3 al Archivo General de la provincia, y que recientemente, ese material fue devuelto al municipio para ser incorporado archivo de la antigua bodega Arizu.<\/p>\n\n\n\n<div style=\"height:35px\" aria-hidden=\"true\" class=\"wp-block-spacer\"><\/div>\n\n\n\n<p class=\"has-medium-font-size\"><strong>El vino Cruz del Sur<\/strong><\/p>\n\n\n\n<p>En una entrevista realizada a <strong>Arturo Erice, <\/strong>sobrino bisnieto de<strong> Balbino<\/strong> <strong>Arizu<\/strong>, quien trabaj\u00f3 en la bodega entre 1978 y 1983, el ahora retirado empresario hizo hincapi\u00e9 en una de las marcas m\u00e1s populares de la empresa. Se trataba del&nbsp;vino<strong> Cruz del Sur<\/strong>, del que a\u00fan se pueden encontrar publicidades gr\u00e1ficas y audiovisuales.<\/p>\n\n\n\n<div style=\"height:30px\" aria-hidden=\"true\" class=\"wp-block-spacer\"><\/div>\n\n\n<div class=\"wp-block-image\">\n<figure class=\"aligncenter size-full is-resized\"><a href=\"https:\/\/enolife.com.ar\/es\/wp-content\/uploads\/2023\/04\/Publicidades-Antiguas-Argentinas-Arizu-Fiordelli-Sep-1964-copia.jpg\" data-rel=\"penci-gallery-image-content\" ><img loading=\"lazy\" decoding=\"async\" src=\"https:\/\/enolife.com.ar\/es\/wp-content\/uploads\/2023\/04\/Publicidades-Antiguas-Argentinas-Arizu-Fiordelli-Sep-1964-copia.jpg\" alt=\"\" class=\"wp-image-91127\" width=\"383\" height=\"558\" srcset=\"https:\/\/enolife.com.ar\/es\/wp-content\/uploads\/2023\/04\/Publicidades-Antiguas-Argentinas-Arizu-Fiordelli-Sep-1964-copia.jpg 640w, https:\/\/enolife.com.ar\/es\/wp-content\/uploads\/2023\/04\/Publicidades-Antiguas-Argentinas-Arizu-Fiordelli-Sep-1964-copia-206x300.jpg 206w, https:\/\/enolife.com.ar\/es\/wp-content\/uploads\/2023\/04\/Publicidades-Antiguas-Argentinas-Arizu-Fiordelli-Sep-1964-copia-585x852.jpg 585w\" sizes=\"auto, (max-width: 383px) 100vw, 383px\" \/><\/a><figcaption class=\"wp-element-caption\"><strong><em>Publicidad de 1964 de los vinos Cruz del Sur y Cuesta del Parral<\/em><\/strong>.<\/figcaption><\/figure><\/div>\n\n\n<div style=\"height:30px\" aria-hidden=\"true\" class=\"wp-block-spacer\"><\/div>\n\n\n\n<p><em>\u201cRecuerdo que hab\u00eda una marca&nbsp;emblem\u00e1tica, que era el Cruz del Sur, que era como un vino reserva, y del que se vend\u00edan aproximadamente 3 millones de litros por mes\u201d<\/em>, relat\u00f3. Y agreg\u00f3 que <em>\u201clo que hab\u00eda en la botella del Cruz del Sur era uva malbec\u201d.<\/em><\/p>\n\n\n\n<p>Tan grande era la red comercial que arm\u00f3 Arizu, <em>\u201cque lleg\u00f3 hasta Jujuy; hay datos y mapas que lo demuestran. A todos los lugares donde llegaba el ferrocarril llegaban los vinos de Arizu\u201d<\/em>, ratific\u00f3 la misma Mateu.<\/p>\n\n\n\n<div style=\"height:35px\" aria-hidden=\"true\" class=\"wp-block-spacer\"><\/div>\n\n\n\n<p class=\"has-medium-font-size\"><strong>Innovaci\u00f3n en variedad de precios y calidades<\/strong><\/p>\n\n\n\n<p>La variedad de vinos, precios y calidades marc\u00f3 parte del camino hist\u00f3rico de la bodega. As\u00ed lo afirma <strong>Roberto Gonz\u00e1lez, <\/strong>el \u00faltimo en\u00f3logo que trabaj\u00f3 en la bodega (1988-1991) y actual presidente de la <strong>Academia Argentina de la Vid y el Vino<\/strong>, quien expres\u00f3: <em>\u201cPara m\u00ed es una de las grandes bodegas de Mendoza, que hizo historia y grande a la vitivinicultura de la provincia y de la Argentina\u201d<\/em>. Y agreg\u00f3: <em>\u201cMe ha tocado vivir desde la elaboraci\u00f3n de espumantes hasta la de vinos especiales, como jerez, oporto o los vinos tranquilos\u201d<\/em>.<\/p>\n\n\n\n<div style=\"height:30px\" aria-hidden=\"true\" class=\"wp-block-spacer\"><\/div>\n\n\n\n<figure class=\"wp-block-gallery has-nested-images columns-default is-cropped wp-block-gallery-1 is-layout-flex wp-block-gallery-is-layout-flex\">\n<figure class=\"wp-block-image size-full\"><a href=\"https:\/\/enolife.com.ar\/es\/wp-content\/uploads\/2023\/04\/D_NQ_NP_856689-MLA26668071215_012018-V.jpg\" data-rel=\"penci-gallery-image-content\" ><img loading=\"lazy\" decoding=\"async\" width=\"240\" height=\"320\" data-id=\"91133\" src=\"https:\/\/enolife.com.ar\/es\/wp-content\/uploads\/2023\/04\/D_NQ_NP_856689-MLA26668071215_012018-V.jpg\" alt=\"\" class=\"wp-image-91133\" srcset=\"https:\/\/enolife.com.ar\/es\/wp-content\/uploads\/2023\/04\/D_NQ_NP_856689-MLA26668071215_012018-V.jpg 240w, https:\/\/enolife.com.ar\/es\/wp-content\/uploads\/2023\/04\/D_NQ_NP_856689-MLA26668071215_012018-V-225x300.jpg 225w\" sizes=\"auto, (max-width: 240px) 100vw, 240px\" \/><\/a><\/figure>\n\n\n\n<figure class=\"wp-block-image size-full\"><a href=\"https:\/\/enolife.com.ar\/es\/wp-content\/uploads\/2023\/04\/D_NQ_NP_851759-MLA43243596059_082020-V-1.jpg\" data-rel=\"penci-gallery-image-content\" ><img loading=\"lazy\" decoding=\"async\" width=\"228\" height=\"320\" data-id=\"91136\" src=\"https:\/\/enolife.com.ar\/es\/wp-content\/uploads\/2023\/04\/D_NQ_NP_851759-MLA43243596059_082020-V-1.jpg\" alt=\"\" class=\"wp-image-91136\" srcset=\"https:\/\/enolife.com.ar\/es\/wp-content\/uploads\/2023\/04\/D_NQ_NP_851759-MLA43243596059_082020-V-1.jpg 228w, https:\/\/enolife.com.ar\/es\/wp-content\/uploads\/2023\/04\/D_NQ_NP_851759-MLA43243596059_082020-V-1-214x300.jpg 214w\" sizes=\"auto, (max-width: 228px) 100vw, 228px\" \/><\/a><\/figure>\n\n\n\n<figure class=\"wp-block-image size-full\"><a href=\"https:\/\/enolife.com.ar\/es\/wp-content\/uploads\/2023\/04\/D_NQ_NP_165905-MLA25084468982_102016-V.jpg\" data-rel=\"penci-gallery-image-content\" ><img loading=\"lazy\" decoding=\"async\" width=\"240\" height=\"320\" data-id=\"91134\" src=\"https:\/\/enolife.com.ar\/es\/wp-content\/uploads\/2023\/04\/D_NQ_NP_165905-MLA25084468982_102016-V.jpg\" alt=\"\" class=\"wp-image-91134\" srcset=\"https:\/\/enolife.com.ar\/es\/wp-content\/uploads\/2023\/04\/D_NQ_NP_165905-MLA25084468982_102016-V.jpg 240w, https:\/\/enolife.com.ar\/es\/wp-content\/uploads\/2023\/04\/D_NQ_NP_165905-MLA25084468982_102016-V-225x300.jpg 225w\" sizes=\"auto, (max-width: 240px) 100vw, 240px\" \/><\/a><\/figure>\n<\/figure>\n\n\n\n<div style=\"height:30px\" aria-hidden=\"true\" class=\"wp-block-spacer\"><\/div>\n\n\n\n<p>Gonz\u00e1lez calific\u00f3 a los Arizu como <em>\u201cuna gran familia vitivin\u00edcola\u201d<\/em> y <em>\u201cprecursores\u201d<\/em> en la industria. <em>\u201cFueron innovadores <\/em>-agreg\u00f3 Gonz\u00e1lez-<em> y desarrollaron un grupo marcario que part\u00eda desde la l\u00ednea premium, como, los Cava Privada.&nbsp;Continuaba, por debajo, con Casa de Piedra, Cuesta del Parral y la l\u00ednea tradicional o popular que conoc\u00edamos en ese momento: Arizu y Arizu Reserva\u201d<\/em>, detall\u00f3. Y explic\u00f3 que <em>\u201cen esa \u00e9poca los varietales eran un elemento pr\u00e1cticamente desconocido, pero que esta bodega hab\u00eda explorado, pinot noir, los cabernets sauvignon, los chardonay\u201d<\/em>.<\/p>\n\n\n\n<div style=\"height:45px\" aria-hidden=\"true\" class=\"wp-block-spacer\"><\/div>\n\n\n\n<p class=\"has-small-font-size\"><strong><em>Fuente: Municipalidad de Godoy Cruz<\/em><\/strong><\/p>\n\n\n\n<div style=\"height:45px\" aria-hidden=\"true\" class=\"wp-block-spacer\"><\/div>\n","protected":false},"excerpt":{"rendered":"<p>En el camino de recuperaci\u00f3n del ahora denominado&nbsp;\u00abEspacio Arizu\u00bb, la Municipalidad de Godoy Cruz viene&hellip;<\/p>\n","protected":false},"author":3,"featured_media":91126,"comment_status":"open","ping_status":"open","sticky":false,"template":"","format":"standard","meta":{"footnotes":""},"categories":[14],"tags":[],"class_list":["post-91078","post","type-post","status-publish","format-standard","has-post-thumbnail","hentry","category-news"],"_links":{"self":[{"href":"https:\/\/enolife.com.ar\/es\/wp-json\/wp\/v2\/posts\/91078","targetHints":{"allow":["GET"]}}],"collection":[{"href":"https:\/\/enolife.com.ar\/es\/wp-json\/wp\/v2\/posts"}],"about":[{"href":"https:\/\/enolife.com.ar\/es\/wp-json\/wp\/v2\/types\/post"}],"author":[{"embeddable":true,"href":"https:\/\/enolife.com.ar\/es\/wp-json\/wp\/v2\/users\/3"}],"replies":[{"embeddable":true,"href":"https:\/\/enolife.com.ar\/es\/wp-json\/wp\/v2\/comments?post=91078"}],"version-history":[{"count":0,"href":"https:\/\/enolife.com.ar\/es\/wp-json\/wp\/v2\/posts\/91078\/revisions"}],"wp:featuredmedia":[{"embeddable":true,"href":"https:\/\/enolife.com.ar\/es\/wp-json\/wp\/v2\/media\/91126"}],"wp:attachment":[{"href":"https:\/\/enolife.com.ar\/es\/wp-json\/wp\/v2\/media?parent=91078"}],"wp:term":[{"taxonomy":"category","embeddable":true,"href":"https:\/\/enolife.com.ar\/es\/wp-json\/wp\/v2\/categories?post=91078"},{"taxonomy":"post_tag","embeddable":true,"href":"https:\/\/enolife.com.ar\/es\/wp-json\/wp\/v2\/tags?post=91078"}],"curies":[{"name":"wp","href":"https:\/\/api.w.org\/{rel}","templated":true}]}}