{"id":90167,"date":"2023-04-16T17:53:38","date_gmt":"2023-04-16T17:53:38","guid":{"rendered":"https:\/\/enolife.com.ar\/es\/?p=90167"},"modified":"2023-04-18T23:01:26","modified_gmt":"2023-04-18T23:01:26","slug":"desde-2010-la-exportacion-de-vino-malbec-fraccionado-crecio-39-y-a-granel-296-en-valor-fob","status":"publish","type":"post","link":"https:\/\/enolife.com.ar\/es\/desde-2010-la-exportacion-de-vino-malbec-fraccionado-crecio-39-y-a-granel-296-en-valor-fob\/","title":{"rendered":"Desde 2010, la exportaci\u00f3n de vino malbec fraccionado creci\u00f3 +39% y a granel +296% en valor FOB"},"content":{"rendered":"\n<h4 class=\"wp-block-heading\"><em><strong> El Laboratorio Estad\u00edstico del Instituto Nacional de Vitivinicultura (INV) public\u00f3 un informe con datos a 2022 de superficie, producci\u00f3n y comercializaci\u00f3n de la variedad malbec, la cepa insignia argentina, que celebra su d\u00eda el 17\/4. En el a\u00f1o 2022 se contabilizaron un total de 46.565 ha cultivadas con uva malbec, que produjeron 4.242.644 quintales. Y se comercializaron en total 2.769.003 hl de vino varietal puro y 123.062 hl en corte con alguna otra variedad. Si bien en 2022 respecto de 2021 hubo una ca\u00edda en ventas tanto en el mercado interno como en el externo, si se analizan desde 2010 las exportaciones de vino malbec puro y sus cortes fraccionado crecieron un 28%, y su valor en d\u00f3lares FOB se increment\u00f3 un 39%. Por su parte, las exportaciones de malbec a granel aumentaron un 406% en volumen y un 296% en valor FOB.<\/strong><\/em><\/h4>\n\n\n\n<div style=\"height:38px\" aria-hidden=\"true\" class=\"wp-block-spacer\"><\/div>\n\n\n\n\n\n<div style=\"height:47px\" aria-hidden=\"true\" class=\"wp-block-spacer\"><\/div>\n\n\n\n<p>El&nbsp;<strong>17 de abril de 1853<\/strong>&nbsp;se present\u00f3 un proyecto ante la Legislatura de Mendoza, con el objetivo de fundar una&nbsp;Quinta Normal y Escuela de Agricultura, impulsado por Domingo Faustino Sarmiento. Una vez aprobado el proyecto por ley provincial, se le dio la tarea de dirigir esa instituci\u00f3n al ingeniero agr\u00f3nomo franc\u00e9s&nbsp;<strong>Michel Aim\u00e9 Pouget<\/strong>, quien&nbsp;introdujo varias cepas europeas, entre ellas malbec, y es por eso que el 17\/4 se estableci\u00f3 como&nbsp;<strong>el D\u00eda Mundial del Malbec<\/strong>.<\/p>\n\n\n\n<p>Para celebrar este d\u00eda, el INV public\u00f3 un informe, tal como lo hace todos los a\u00f1os, con los datos del comportamiento de nuestra cepa insignia, en el a\u00f1o 2022 una comparaci\u00f3n con a\u00f1os anteriores.<\/p>\n\n\n\n<p>Al respecto, e<strong>l presidente de la entidad, Mart\u00edn <span style=\"font-size: revert; color: initial;\">Hinojosa<\/span><\/strong><span style=\"font-size: revert; color: initial;\"> coment\u00f3:<\/span> <span style=\"font-size: revert; color: initial;\"><em>\u201cDebemos hacer un an\u00e1lisis muy positivo del productor argentino, porque interpret\u00f3 al mercado y se reconvirti\u00f3 a nuestra cepa, la que nos representa en el mundo&#8230; Debemos seguir aprendiendo del mercado y entender que el malbec es m\u00e1s que una variedad de uva, es nuestra identidad, y a partir de su grandeza podremos reconvertirnos a un pa\u00eds tierra del malbec, con el mejor vino del mundo\u201d<\/em><\/span>. Y agreg\u00f3: <em>\u00abE<\/em><span style=\"font-size: revert; color: initial;\"><em>stamos en camino de recuperar las 58.577 ha que tuvimos en 1962, porque esta variedad contin\u00faa creciendo a\u00f1o a a\u00f1o, aumentando un 50% desde 2010 (+15.518 ha)\u201d<\/em>.<\/span><\/p>\n\n\n\n<p>A continuaci\u00f3n replicamos el informe y sus gr\u00e1ficos correspondientes.<\/p>\n\n\n\n<div style=\"height:35px\" aria-hidden=\"true\" class=\"wp-block-spacer\"><\/div>\n\n\n\n<p class=\"has-medium-font-size\"><strong>Historia y ampelograf\u00eda<\/strong><\/p>\n\n\n\n<p>El malbec, oriundo de la regi\u00f3n de Burdeos (Francia) y proveniente de un antiguo cruzamiento de Magdeleine noir y Prunelard, es la variedad emblem\u00e1tica de la producci\u00f3n vitivin\u00edcola argentina. Este cepaje muestra particularidades distintas a las de su lugar de origen, las cuales se deben a las diferencias de clima y suelo, caracter\u00edsticas gen\u00e9ticas de las plantas, manejo del vi\u00f1edo y m\u00e9todos de elaboraci\u00f3n del vino.<\/p>\n\n\n\n<p>Ampelogr\u00e1ficamente se caracteriza por su hoja poco plegada y poco contorsionada, mediana, orbicular y cuneiforme, y por su dimorfismo (enteras y trilobadas), con caracter\u00edsticos dientes agudos y agresivos, seno peciolar en V, punto peciolar levemente rosado y pec\u00edolo mediano, muy coloreado.<\/p>\n\n\n\n<p>Su racimo es mediano, lleno, alado, c\u00f3nicomediano, con bayas negro azuladas, medianas y redondas.<\/p>\n\n\n\n<div style=\"height:30px\" aria-hidden=\"true\" class=\"wp-block-spacer\"><\/div>\n\n\n<div class=\"wp-block-image\">\n<figure class=\"aligncenter size-full\"><a href=\"https:\/\/enolife.com.ar\/es\/wp-content\/uploads\/2023\/04\/Imagen1-10.jpg\" data-rel=\"penci-gallery-image-content\" ><img loading=\"lazy\" decoding=\"async\" width=\"629\" height=\"391\" src=\"https:\/\/enolife.com.ar\/es\/wp-content\/uploads\/2023\/04\/Imagen1-10.jpg\" alt=\"\" class=\"wp-image-90223\" srcset=\"https:\/\/enolife.com.ar\/es\/wp-content\/uploads\/2023\/04\/Imagen1-10.jpg 629w, https:\/\/enolife.com.ar\/es\/wp-content\/uploads\/2023\/04\/Imagen1-10-300x186.jpg 300w, https:\/\/enolife.com.ar\/es\/wp-content\/uploads\/2023\/04\/Imagen1-10-585x364.jpg 585w\" sizes=\"auto, (max-width: 629px) 100vw, 629px\" \/><\/a><figcaption class=\"wp-element-caption\"><strong><em>Racimo y hoja de la planta de malbec<\/em><\/strong>.<\/figcaption><\/figure><\/div>\n\n\n<div style=\"height:35px\" aria-hidden=\"true\" class=\"wp-block-spacer\"><\/div>\n\n\n\n<p class=\"has-medium-font-size\"><strong>Superficie<\/strong><\/p>\n\n\n\n<p>Presente en 17 provincias vitivin\u00edcolas de Argentina, el malbec registr\u00f3 <strong>en el a\u00f1o 2022, un total de 46.565 ha cultivadas<\/strong>, lo cual representa el 22,5% del total de vid del pa\u00eds y el 40,8% de las variedades tintas aptas para elaboraci\u00f3n de vinos y\/o mostos.<\/p>\n\n\n\n<p>La superficie de malbec ha variado en Argentina a lo largo de los a\u00f1os desde el a\u00f1o 1853, en el que ingresaron al pa\u00eds las primeras plantas de esta variedad. En el a\u00f1o 1962 la superficie de malbec lleg\u00f3 a las 58.577 ha cultivadas, lo cual representaba el 22,5% del total de vid en el pa\u00eds. Luego, comenz\u00f3 una r\u00e1pida disminuci\u00f3n de esta variedad, ya que fue sustituida por otras m\u00e1s productivas que dieron origen a vinos gen\u00e9ricos. Se erradic\u00f3 el 83% de la superficie de malbec entre 1962 y 1995, a\u00f1o en que lleg\u00f3 a su punto m\u00e1s bajo de superficie cultivada con 9.746 ha.<\/p>\n\n\n\n<p>En el per\u00edodo 2010-2022, la superficie cultivada en todo el pa\u00eds ha aumentado un 50% (+15.518 ha), siendo la variedad que m\u00e1s ha aumentado su superficie desde 2010. En Mendoza creci\u00f3 un 48%, en San Juan un 49,3% y en el resto del pa\u00eds un 71,6%.<\/p>\n\n\n\n<div style=\"height:30px\" aria-hidden=\"true\" class=\"wp-block-spacer\"><\/div>\n\n\n<div class=\"wp-block-image\">\n<figure class=\"aligncenter size-full is-resized\"><a href=\"https:\/\/enolife.com.ar\/es\/wp-content\/uploads\/2023\/04\/image-59.png\" data-rel=\"penci-gallery-image-content\" ><img loading=\"lazy\" decoding=\"async\" src=\"https:\/\/enolife.com.ar\/es\/wp-content\/uploads\/2023\/04\/image-59.png\" alt=\"\" class=\"wp-image-90169\" width=\"593\" height=\"391\" srcset=\"https:\/\/enolife.com.ar\/es\/wp-content\/uploads\/2023\/04\/image-59.png 1024w, https:\/\/enolife.com.ar\/es\/wp-content\/uploads\/2023\/04\/image-59-300x198.png 300w, https:\/\/enolife.com.ar\/es\/wp-content\/uploads\/2023\/04\/image-59-768x507.png 768w, https:\/\/enolife.com.ar\/es\/wp-content\/uploads\/2023\/04\/image-59-780x516.png 780w, https:\/\/enolife.com.ar\/es\/wp-content\/uploads\/2023\/04\/image-59-585x386.png 585w\" sizes=\"auto, (max-width: 593px) 100vw, 593px\" \/><\/a><\/figure><\/div>\n\n\n<div style=\"height:30px\" aria-hidden=\"true\" class=\"wp-block-spacer\"><\/div>\n\n\n\n<p><br>La provincia de Mendoza tiene la mayor cantidad de malbec del pa\u00eds, alcanzando en 2022 las 39.463 ha (84,7%), seguida por San Juan con 2.840 ha (6,1%) y el resto de las provincias con 4.263 ha (9,2%).<\/p>\n\n\n\n<div style=\"height:30px\" aria-hidden=\"true\" class=\"wp-block-spacer\"><\/div>\n\n\n<div class=\"wp-block-image\">\n<figure class=\"aligncenter size-full\"><a href=\"https:\/\/enolife.com.ar\/es\/wp-content\/uploads\/2023\/04\/image-63.png\" data-rel=\"penci-gallery-image-content\" ><img loading=\"lazy\" decoding=\"async\" width=\"559\" height=\"292\" src=\"https:\/\/enolife.com.ar\/es\/wp-content\/uploads\/2023\/04\/image-63.png\" alt=\"\" class=\"wp-image-90211\" srcset=\"https:\/\/enolife.com.ar\/es\/wp-content\/uploads\/2023\/04\/image-63.png 559w, https:\/\/enolife.com.ar\/es\/wp-content\/uploads\/2023\/04\/image-63-300x157.png 300w\" sizes=\"auto, (max-width: 559px) 100vw, 559px\" \/><\/a><\/figure><\/div>\n\n\n<div style=\"height:20px\" aria-hidden=\"true\" class=\"wp-block-spacer\"><\/div>\n\n\n<div class=\"wp-block-image\">\n<figure class=\"aligncenter size-full\"><a href=\"https:\/\/enolife.com.ar\/es\/wp-content\/uploads\/2023\/04\/Imagen2-7.jpg\" data-rel=\"penci-gallery-image-content\" ><img loading=\"lazy\" decoding=\"async\" width=\"788\" height=\"382\" src=\"https:\/\/enolife.com.ar\/es\/wp-content\/uploads\/2023\/04\/Imagen2-7.jpg\" alt=\"\" class=\"wp-image-90224\" srcset=\"https:\/\/enolife.com.ar\/es\/wp-content\/uploads\/2023\/04\/Imagen2-7.jpg 788w, https:\/\/enolife.com.ar\/es\/wp-content\/uploads\/2023\/04\/Imagen2-7-300x145.jpg 300w, https:\/\/enolife.com.ar\/es\/wp-content\/uploads\/2023\/04\/Imagen2-7-768x372.jpg 768w, https:\/\/enolife.com.ar\/es\/wp-content\/uploads\/2023\/04\/Imagen2-7-585x284.jpg 585w\" sizes=\"auto, (max-width: 788px) 100vw, 788px\" \/><\/a><\/figure><\/div>\n\n\n<div style=\"height:35px\" aria-hidden=\"true\" class=\"wp-block-spacer\"><\/div>\n\n\n\n<p>En la provincia de Mendoza la mayor superficie de malbec se encuentra en los departamentos de Luj\u00e1n de Cuyo (22,7%) y San Carlos (15%), seguidos por Tunuy\u00e1n, Tupungato y Maip\u00fa. Los tres departamentos del Valle de Uco (Tupungato, Tunuy\u00e1n y San Carlos) concentran el 41,1% del malbec de Mendoza. De este modo el Valle de Uco y la zona Centro de Mendoza tienen el 74,4% del malbec de todo el pa\u00eds.<\/p>\n\n\n\n<p>En San Juan los departamentos que m\u00e1s superficie registran de esta variedad son Sarmiento (33,5%) y Caucete (14,7%), seguidos por 25 de Mayo, Zonda y San Mart\u00edn.<\/p>\n\n\n\n<div style=\"height:30px\" aria-hidden=\"true\" class=\"wp-block-spacer\"><\/div>\n\n\n<div class=\"wp-block-image\">\n<figure class=\"aligncenter size-full\"><a href=\"https:\/\/enolife.com.ar\/es\/wp-content\/uploads\/2023\/04\/Imagen3-5.jpg\" data-rel=\"penci-gallery-image-content\" ><img loading=\"lazy\" decoding=\"async\" width=\"832\" height=\"403\" src=\"https:\/\/enolife.com.ar\/es\/wp-content\/uploads\/2023\/04\/Imagen3-5.jpg\" alt=\"\" class=\"wp-image-90225\" srcset=\"https:\/\/enolife.com.ar\/es\/wp-content\/uploads\/2023\/04\/Imagen3-5.jpg 832w, https:\/\/enolife.com.ar\/es\/wp-content\/uploads\/2023\/04\/Imagen3-5-300x145.jpg 300w, https:\/\/enolife.com.ar\/es\/wp-content\/uploads\/2023\/04\/Imagen3-5-768x372.jpg 768w, https:\/\/enolife.com.ar\/es\/wp-content\/uploads\/2023\/04\/Imagen3-5-585x283.jpg 585w\" sizes=\"auto, (max-width: 832px) 100vw, 832px\" \/><\/a><\/figure><\/div>\n\n\n<div style=\"height:20px\" aria-hidden=\"true\" class=\"wp-block-spacer\"><\/div>\n\n\n<div class=\"wp-block-image\">\n<figure class=\"aligncenter size-full\"><a href=\"https:\/\/enolife.com.ar\/es\/wp-content\/uploads\/2023\/04\/Imagen4-6.jpg\" data-rel=\"penci-gallery-image-content\" ><img loading=\"lazy\" decoding=\"async\" width=\"844\" height=\"393\" src=\"https:\/\/enolife.com.ar\/es\/wp-content\/uploads\/2023\/04\/Imagen4-6.jpg\" alt=\"\" class=\"wp-image-90226\" srcset=\"https:\/\/enolife.com.ar\/es\/wp-content\/uploads\/2023\/04\/Imagen4-6.jpg 844w, https:\/\/enolife.com.ar\/es\/wp-content\/uploads\/2023\/04\/Imagen4-6-300x140.jpg 300w, https:\/\/enolife.com.ar\/es\/wp-content\/uploads\/2023\/04\/Imagen4-6-768x358.jpg 768w, https:\/\/enolife.com.ar\/es\/wp-content\/uploads\/2023\/04\/Imagen4-6-585x272.jpg 585w\" sizes=\"auto, (max-width: 844px) 100vw, 844px\" \/><\/a><\/figure><\/div>\n\n\n<div style=\"height:35px\" aria-hidden=\"true\" class=\"wp-block-spacer\"><\/div>\n\n\n\n<p class=\"has-medium-font-size\"><strong>Producci\u00f3n<\/strong><\/p>\n\n\n\n<p><strong>En 2022 la producci\u00f3n total en el pa\u00eds de malbec fue de 4.242.644 quintales<\/strong>, lo que la ubica como la variedad con mayor producci\u00f3n del pa\u00eds. Representa el 21,9% de la producci\u00f3n total ingresada a establecimientos elaboradores de vino y\/o mosto.<\/p>\n\n\n\n<p>La tendencia de crecimiento indica que la cosecha de la variedad malbec va en aumento, con una baja muy marcada en 2016, a\u00f1o de cosecha general del pa\u00eds hist\u00f3ricamente baja.<\/p>\n\n\n\n<p>En 2022 la producci\u00f3n total de uva del pa\u00eds fue un 12,9% menor al a\u00f1o anterior y la variedad malbec cay\u00f3 un 4,7%.<\/p>\n\n\n\n<div style=\"height:30px\" aria-hidden=\"true\" class=\"wp-block-spacer\"><\/div>\n\n\n<div class=\"wp-block-image\">\n<figure class=\"aligncenter size-full\"><a href=\"https:\/\/enolife.com.ar\/es\/wp-content\/uploads\/2023\/04\/Imagen5-4.jpg\" data-rel=\"penci-gallery-image-content\" ><img loading=\"lazy\" decoding=\"async\" width=\"842\" height=\"390\" src=\"https:\/\/enolife.com.ar\/es\/wp-content\/uploads\/2023\/04\/Imagen5-4.jpg\" alt=\"\" class=\"wp-image-90228\" srcset=\"https:\/\/enolife.com.ar\/es\/wp-content\/uploads\/2023\/04\/Imagen5-4.jpg 842w, https:\/\/enolife.com.ar\/es\/wp-content\/uploads\/2023\/04\/Imagen5-4-300x139.jpg 300w, https:\/\/enolife.com.ar\/es\/wp-content\/uploads\/2023\/04\/Imagen5-4-768x356.jpg 768w, https:\/\/enolife.com.ar\/es\/wp-content\/uploads\/2023\/04\/Imagen5-4-585x271.jpg 585w\" sizes=\"auto, (max-width: 842px) 100vw, 842px\" \/><\/a><\/figure><\/div>\n\n\n<div style=\"height:20px\" aria-hidden=\"true\" class=\"wp-block-spacer\"><\/div>\n\n\n<div class=\"wp-block-image\">\n<figure class=\"aligncenter size-full is-resized\"><a href=\"https:\/\/enolife.com.ar\/es\/wp-content\/uploads\/2023\/04\/Imagen16.jpg\" data-rel=\"penci-gallery-image-content\" ><img loading=\"lazy\" decoding=\"async\" src=\"https:\/\/enolife.com.ar\/es\/wp-content\/uploads\/2023\/04\/Imagen16.jpg\" alt=\"\" class=\"wp-image-90230\" width=\"840\" height=\"364\" srcset=\"https:\/\/enolife.com.ar\/es\/wp-content\/uploads\/2023\/04\/Imagen16.jpg 814w, https:\/\/enolife.com.ar\/es\/wp-content\/uploads\/2023\/04\/Imagen16-300x130.jpg 300w, https:\/\/enolife.com.ar\/es\/wp-content\/uploads\/2023\/04\/Imagen16-768x333.jpg 768w, https:\/\/enolife.com.ar\/es\/wp-content\/uploads\/2023\/04\/Imagen16-585x254.jpg 585w\" sizes=\"auto, (max-width: 840px) 100vw, 840px\" \/><\/a><\/figure><\/div>\n\n\n<div style=\"height:30px\" aria-hidden=\"true\" class=\"wp-block-spacer\"><\/div>\n\n\n\n<p>La producci\u00f3n de malbec 2022 por departamento de origen en cada provincia se muestra en los siguientes cuadros. En la provincia de Mendoza los departamentos que m\u00e1s quintales de malbec cosecharon en 2022 fueron Luj\u00e1n de Cuyo y Tunuy\u00e1n. San Carlos, segundo departamento en superficie de Malbec en Mendoza, pasa al quinto lugar en producci\u00f3n en la cosecha 2022.<\/p>\n\n\n\n<p>En San Juan se cosech\u00f3 m\u00e1s malbec en los departamentos de Sarmiento y 25 de Mayo.<\/p>\n\n\n\n<div style=\"height:30px\" aria-hidden=\"true\" class=\"wp-block-spacer\"><\/div>\n\n\n\n<div class=\"wp-block-group is-content-justification-center is-nowrap is-layout-flex wp-container-core-group-is-layout-94bc23d7 wp-block-group-is-layout-flex\">\n<figure class=\"wp-block-image size-full is-resized\"><a href=\"https:\/\/enolife.com.ar\/es\/wp-content\/uploads\/2023\/04\/Imagen7-1.jpg\" data-rel=\"penci-gallery-image-content\" ><img loading=\"lazy\" decoding=\"async\" src=\"https:\/\/enolife.com.ar\/es\/wp-content\/uploads\/2023\/04\/Imagen7-1.jpg\" alt=\"\" class=\"wp-image-90232\" width=\"433\" height=\"335\" srcset=\"https:\/\/enolife.com.ar\/es\/wp-content\/uploads\/2023\/04\/Imagen7-1.jpg 463w, https:\/\/enolife.com.ar\/es\/wp-content\/uploads\/2023\/04\/Imagen7-1-300x233.jpg 300w\" sizes=\"auto, (max-width: 433px) 100vw, 433px\" \/><\/a><\/figure>\n\n\n\n<figure class=\"wp-block-image size-full is-resized\"><a href=\"https:\/\/enolife.com.ar\/es\/wp-content\/uploads\/2023\/04\/Imagen8-1.jpg\" data-rel=\"penci-gallery-image-content\" ><img loading=\"lazy\" decoding=\"async\" src=\"https:\/\/enolife.com.ar\/es\/wp-content\/uploads\/2023\/04\/Imagen8-1.jpg\" alt=\"\" class=\"wp-image-90233\" width=\"418\" height=\"352\" srcset=\"https:\/\/enolife.com.ar\/es\/wp-content\/uploads\/2023\/04\/Imagen8-1.jpg 460w, https:\/\/enolife.com.ar\/es\/wp-content\/uploads\/2023\/04\/Imagen8-1-300x253.jpg 300w\" sizes=\"auto, (max-width: 418px) 100vw, 418px\" \/><\/a><\/figure>\n<\/div>\n\n\n\n<div style=\"height:35px\" aria-hidden=\"true\" class=\"wp-block-spacer\"><\/div>\n\n\n\n<p class=\"has-medium-font-size\"><strong>Comercializaci\u00f3n<\/strong><\/p>\n\n\n\n<p><strong>En el a\u00f1o 2022 se comercializaron 2.769.003 hl de vino varietal puro de malbec y 123.062 hl de malbec en corte con alguna otra variedad<\/strong>. El 58,6% del total de vinos varietales comercializados corresponde a malbec.<\/p>\n\n\n\n<p>Las ventas de malbec puro representaron el 56,1% del total de los varietales y los cortes el 2,5%. La comercializaci\u00f3n total de vinos varietales malbec (puro+cortes) ha aumentado en los \u00faltimos 12 a\u00f1os un 90,5%.<\/p>\n\n\n\n<div style=\"height:30px\" aria-hidden=\"true\" class=\"wp-block-spacer\"><\/div>\n\n\n<div class=\"wp-block-image\">\n<figure class=\"aligncenter size-large\"><a href=\"https:\/\/enolife.com.ar\/es\/wp-content\/uploads\/2023\/04\/image-65.png\" data-rel=\"penci-gallery-image-content\" ><img loading=\"lazy\" decoding=\"async\" width=\"1024\" height=\"401\" src=\"https:\/\/enolife.com.ar\/es\/wp-content\/uploads\/2023\/04\/image-65-1024x401.png\" alt=\"\" class=\"wp-image-90216\" srcset=\"https:\/\/enolife.com.ar\/es\/wp-content\/uploads\/2023\/04\/image-65-1024x401.png 1024w, https:\/\/enolife.com.ar\/es\/wp-content\/uploads\/2023\/04\/image-65-300x117.png 300w, https:\/\/enolife.com.ar\/es\/wp-content\/uploads\/2023\/04\/image-65-768x301.png 768w, https:\/\/enolife.com.ar\/es\/wp-content\/uploads\/2023\/04\/image-65-1170x458.png 1170w, https:\/\/enolife.com.ar\/es\/wp-content\/uploads\/2023\/04\/image-65-585x229.png 585w, https:\/\/enolife.com.ar\/es\/wp-content\/uploads\/2023\/04\/image-65.png 1282w\" sizes=\"auto, (max-width: 1024px) 100vw, 1024px\" \/><\/a><\/figure><\/div>\n\n\n<div style=\"height:20px\" aria-hidden=\"true\" class=\"wp-block-spacer\"><\/div>\n\n\n<div class=\"wp-block-image\">\n<figure class=\"aligncenter size-full is-resized\"><a href=\"https:\/\/enolife.com.ar\/es\/wp-content\/uploads\/2023\/04\/image-66.png\" data-rel=\"penci-gallery-image-content\" ><img loading=\"lazy\" decoding=\"async\" src=\"https:\/\/enolife.com.ar\/es\/wp-content\/uploads\/2023\/04\/image-66.png\" alt=\"\" class=\"wp-image-90218\" width=\"649\" height=\"491\" srcset=\"https:\/\/enolife.com.ar\/es\/wp-content\/uploads\/2023\/04\/image-66.png 927w, https:\/\/enolife.com.ar\/es\/wp-content\/uploads\/2023\/04\/image-66-300x227.png 300w, https:\/\/enolife.com.ar\/es\/wp-content\/uploads\/2023\/04\/image-66-768x582.png 768w, https:\/\/enolife.com.ar\/es\/wp-content\/uploads\/2023\/04\/image-66-585x443.png 585w\" sizes=\"auto, (max-width: 649px) 100vw, 649px\" \/><\/a><\/figure><\/div>\n\n\n<div style=\"height:20px\" aria-hidden=\"true\" class=\"wp-block-spacer\"><\/div>\n\n\n<div class=\"wp-block-image\">\n<figure class=\"aligncenter size-full is-resized\"><a href=\"https:\/\/enolife.com.ar\/es\/wp-content\/uploads\/2023\/04\/Imagen9-1.jpg\" data-rel=\"penci-gallery-image-content\" ><img loading=\"lazy\" decoding=\"async\" src=\"https:\/\/enolife.com.ar\/es\/wp-content\/uploads\/2023\/04\/Imagen9-1.jpg\" alt=\"\" class=\"wp-image-90235\" width=\"609\" height=\"496\" srcset=\"https:\/\/enolife.com.ar\/es\/wp-content\/uploads\/2023\/04\/Imagen9-1.jpg 550w, https:\/\/enolife.com.ar\/es\/wp-content\/uploads\/2023\/04\/Imagen9-1-300x244.jpg 300w\" sizes=\"auto, (max-width: 609px) 100vw, 609px\" \/><\/a><\/figure><\/div>\n\n\n<div style=\"height:30px\" aria-hidden=\"true\" class=\"wp-block-spacer\"><\/div>\n\n\n\n<p>En el a\u00f1o 2022 el 52% de los vinos varietales elaborados con malbec se export\u00f3 y el 48% se comercializ\u00f3 en el mercado interno. Hay una tendencia creciente en las ventas de este varietal puro hacia el mercado externo, con un incremento del 69,3% desde el 2010. As\u00ed mismo, el volumen comercializado en el mercado local creci\u00f3 un 162,2% en el mismo per\u00edodo.<\/p>\n\n\n\n<div style=\"height:35px\" aria-hidden=\"true\" class=\"wp-block-spacer\"><\/div>\n\n\n\n<p class=\"has-medium-font-size\"><strong>Mercado interno<\/strong><\/p>\n\n\n\n<p><strong>En el a\u00f1o 2022 se comercializaron 1.382.208 hl de vinos varietales elaborados con malbec<\/strong>, lo cual representa el 51,6% del total de ventas de varietales al mercado interno. El 95,7% corresponde a varietal puro y el 4,3% a cortes con otra variedad.<\/p>\n\n\n\n<p>Las ventas al mercado interno de vinos con malbec han ido en aumento en los \u00faltimos a\u00f1os, mostrando en el a\u00f1o 2022 un incremento del 143,5% respecto al a\u00f1o 2010 y del 7% en el \u00faltimo a\u00f1o.<\/p>\n\n\n\n<p>Las ventas del varietal puro de malbec aumentaron un 162% respecto al a\u00f1o 2010, mientras que los cortes disminuyeron un 5,4%. La participaci\u00f3n de los vinos elaborados con malbec en el total de vinos varietales comercializados en el pa\u00eds, se ha incrementado un 77,3%, pasando de representar el 29,1% en el a\u00f1o 2010 al actual 51,6% en el 2022.<\/p>\n\n\n\n<div style=\"height:30px\" aria-hidden=\"true\" class=\"wp-block-spacer\"><\/div>\n\n\n<div class=\"wp-block-image\">\n<figure class=\"aligncenter size-full is-resized\"><a href=\"https:\/\/enolife.com.ar\/es\/wp-content\/uploads\/2023\/04\/image-67.png\" data-rel=\"penci-gallery-image-content\" ><img loading=\"lazy\" decoding=\"async\" src=\"https:\/\/enolife.com.ar\/es\/wp-content\/uploads\/2023\/04\/image-67.png\" alt=\"\" class=\"wp-image-90220\" width=\"764\" height=\"460\" srcset=\"https:\/\/enolife.com.ar\/es\/wp-content\/uploads\/2023\/04\/image-67.png 817w, https:\/\/enolife.com.ar\/es\/wp-content\/uploads\/2023\/04\/image-67-300x181.png 300w, https:\/\/enolife.com.ar\/es\/wp-content\/uploads\/2023\/04\/image-67-768x462.png 768w, https:\/\/enolife.com.ar\/es\/wp-content\/uploads\/2023\/04\/image-67-585x352.png 585w\" sizes=\"auto, (max-width: 764px) 100vw, 764px\" \/><\/a><\/figure><\/div>\n\n\n<div style=\"height:20px\" aria-hidden=\"true\" class=\"wp-block-spacer\"><\/div>\n\n\n<div class=\"wp-block-image\">\n<figure class=\"aligncenter size-full is-resized\"><a href=\"https:\/\/enolife.com.ar\/es\/wp-content\/uploads\/2023\/04\/Imagen10.jpg\" data-rel=\"penci-gallery-image-content\" ><img loading=\"lazy\" decoding=\"async\" src=\"https:\/\/enolife.com.ar\/es\/wp-content\/uploads\/2023\/04\/Imagen10.jpg\" alt=\"\" class=\"wp-image-90236\" width=\"532\" height=\"398\" srcset=\"https:\/\/enolife.com.ar\/es\/wp-content\/uploads\/2023\/04\/Imagen10.jpg 515w, https:\/\/enolife.com.ar\/es\/wp-content\/uploads\/2023\/04\/Imagen10-300x224.jpg 300w\" sizes=\"auto, (max-width: 532px) 100vw, 532px\" \/><\/a><\/figure><\/div>\n\n\n<div style=\"height:30px\" aria-hidden=\"true\" class=\"wp-block-spacer\"><\/div>\n\n\n\n<p><strong>Principales cortes comercializados<\/strong>: El corte m\u00e1s comercializado en el mercado interno es Malbec-Cabernet Sauvignon (22,6%), seguido por malbec-bonarda (15,1%) y malbec-cabernet sauvignon-merlot (13,3%).<\/p>\n\n\n\n<p><strong>Tipo de envase<\/strong>: El 97,4% del total de vinos varietal malbec enviado a mercado interno en 2022 fue en botella y 2,2% en damajuana. Cabe destacar el aumento en volumen de las ventas en lata y bag in box de los \u00faltimos a\u00f1os.<\/p>\n\n\n\n<div style=\"height:30px\" aria-hidden=\"true\" class=\"wp-block-spacer\"><\/div>\n\n\n<div class=\"wp-block-image\">\n<figure class=\"aligncenter size-full is-resized\"><a href=\"https:\/\/enolife.com.ar\/es\/wp-content\/uploads\/2023\/04\/Imagen11.jpg\" data-rel=\"penci-gallery-image-content\" ><img loading=\"lazy\" decoding=\"async\" src=\"https:\/\/enolife.com.ar\/es\/wp-content\/uploads\/2023\/04\/Imagen11.jpg\" alt=\"\" class=\"wp-image-90237\" width=\"797\" height=\"305\" srcset=\"https:\/\/enolife.com.ar\/es\/wp-content\/uploads\/2023\/04\/Imagen11.jpg 914w, https:\/\/enolife.com.ar\/es\/wp-content\/uploads\/2023\/04\/Imagen11-300x115.jpg 300w, https:\/\/enolife.com.ar\/es\/wp-content\/uploads\/2023\/04\/Imagen11-768x295.jpg 768w, https:\/\/enolife.com.ar\/es\/wp-content\/uploads\/2023\/04\/Imagen11-585x225.jpg 585w\" sizes=\"auto, (max-width: 797px) 100vw, 797px\" \/><\/a><\/figure><\/div>\n\n\n<div style=\"height:35px\" aria-hidden=\"true\" class=\"wp-block-spacer\"><\/div>\n\n\n\n<p class=\"has-medium-font-size\"><strong>Mercado externo<\/strong><\/p>\n\n\n\n<p><strong>Durante el a\u00f1o 2022 las exportaciones de vinos varietales elaborados con la variedad malbec <\/strong>(puro+cortes) alcanzaron un total de <strong>1.509.857 hl, por un valor FOB de 509.225.000 d\u00f3lares<\/strong>, lo que determina un precio medio por litro de vino de 3,37 d\u00f3lares. El malbec y sus cortes participan con el 67% en el volumen total de varietales exportados y con el 69,5% en el ingreso de divisas.<\/p>\n\n\n\n<p>Las exportaciones de malbec  han crecido en volumen un 58,8% y en valor un 46,5% con respecto al a\u00f1o 2010.<\/p>\n\n\n\n<p><strong>Seg\u00fan sus cortes: <\/strong>La participaci\u00f3n de vinos malbec y sus cortes en el volumen total de varietales exportados ha aumentado (39,6%) desde 2010. Ese a\u00f1o representaban el 48%, mientras que en 2022 alcanzaron el 67%. La tendencia de crecimiento es positiva en las exportaciones de malbec puro, aunque con un descenso en el \u00faltimo a\u00f1o. Se comercializ\u00f3 en 2022, un 69,3% m\u00e1s de hect\u00f3litros que en el 2010, mientras que los varietales de malbec en cortes con otras variedades disminuyeron un 34,4% en el mismo per\u00edodo.<\/p>\n\n\n\n<div style=\"height:30px\" aria-hidden=\"true\" class=\"wp-block-spacer\"><\/div>\n\n\n<div class=\"wp-block-image\">\n<figure class=\"aligncenter size-full\"><a href=\"https:\/\/enolife.com.ar\/es\/wp-content\/uploads\/2023\/04\/Imagen12.jpg\" data-rel=\"penci-gallery-image-content\" ><img loading=\"lazy\" decoding=\"async\" width=\"675\" height=\"411\" src=\"https:\/\/enolife.com.ar\/es\/wp-content\/uploads\/2023\/04\/Imagen12.jpg\" alt=\"\" class=\"wp-image-90239\" srcset=\"https:\/\/enolife.com.ar\/es\/wp-content\/uploads\/2023\/04\/Imagen12.jpg 675w, https:\/\/enolife.com.ar\/es\/wp-content\/uploads\/2023\/04\/Imagen12-300x183.jpg 300w, https:\/\/enolife.com.ar\/es\/wp-content\/uploads\/2023\/04\/Imagen12-585x356.jpg 585w\" sizes=\"auto, (max-width: 675px) 100vw, 675px\" \/><\/a><\/figure><\/div>\n\n\n<div style=\"height:20px\" aria-hidden=\"true\" class=\"wp-block-spacer\"><\/div>\n\n\n<div class=\"wp-block-image\">\n<figure class=\"aligncenter size-full is-resized\"><a href=\"https:\/\/enolife.com.ar\/es\/wp-content\/uploads\/2023\/04\/image-61.png\" data-rel=\"penci-gallery-image-content\" ><img loading=\"lazy\" decoding=\"async\" src=\"https:\/\/enolife.com.ar\/es\/wp-content\/uploads\/2023\/04\/image-61.png\" alt=\"\" class=\"wp-image-90206\" width=\"700\" height=\"531\" srcset=\"https:\/\/enolife.com.ar\/es\/wp-content\/uploads\/2023\/04\/image-61.png 899w, https:\/\/enolife.com.ar\/es\/wp-content\/uploads\/2023\/04\/image-61-300x228.png 300w, https:\/\/enolife.com.ar\/es\/wp-content\/uploads\/2023\/04\/image-61-768x583.png 768w, https:\/\/enolife.com.ar\/es\/wp-content\/uploads\/2023\/04\/image-61-585x444.png 585w\" sizes=\"auto, (max-width: 700px) 100vw, 700px\" \/><\/a><\/figure><\/div>\n\n\n<div style=\"height:30px\" aria-hidden=\"true\" class=\"wp-block-spacer\"><\/div>\n\n\n\n<p>El varietal malbec puro se export\u00f3 en 2022 a 120 pa\u00edses, siendo los principales destinos Reino Unido (29,1%) y Estados Unidos (27,9%). Luego figuran Brasil, Canad\u00e1 y M\u00e9xico. En tanto que, para el malbec con cortes los principales destinatarios fueron: Reino Unido, Brasil, Estados Unidos, Colombia y Canad\u00e1.<\/p>\n\n\n\n<div style=\"height:30px\" aria-hidden=\"true\" class=\"wp-block-spacer\"><\/div>\n\n\n<div class=\"wp-block-image\">\n<figure class=\"aligncenter size-large\"><a href=\"https:\/\/enolife.com.ar\/es\/wp-content\/uploads\/2023\/04\/Imagen13.jpg\" data-rel=\"penci-gallery-image-content\" ><img loading=\"lazy\" decoding=\"async\" width=\"1024\" height=\"437\" src=\"https:\/\/enolife.com.ar\/es\/wp-content\/uploads\/2023\/04\/Imagen13-1024x437.jpg\" alt=\"\" class=\"wp-image-90240\" srcset=\"https:\/\/enolife.com.ar\/es\/wp-content\/uploads\/2023\/04\/Imagen13-1024x437.jpg 1024w, https:\/\/enolife.com.ar\/es\/wp-content\/uploads\/2023\/04\/Imagen13-300x128.jpg 300w, https:\/\/enolife.com.ar\/es\/wp-content\/uploads\/2023\/04\/Imagen13-768x328.jpg 768w, https:\/\/enolife.com.ar\/es\/wp-content\/uploads\/2023\/04\/Imagen13-585x250.jpg 585w, https:\/\/enolife.com.ar\/es\/wp-content\/uploads\/2023\/04\/Imagen13.jpg 1127w\" sizes=\"auto, (max-width: 1024px) 100vw, 1024px\" \/><\/a><\/figure><\/div>\n\n\n<div style=\"height:30px\" aria-hidden=\"true\" class=\"wp-block-spacer\"><\/div>\n\n\n\n<p>Cabe destacar el aumento de exportaciones de malbec puro en los \u00faltimos a\u00f1os en las exportaciones a Reino Unido, Brasil, M\u00e9xico, Francia, Colombia, Per\u00fa e Irlanda.<\/p>\n\n\n\n<p><strong>Principales cortes:<\/strong> El corte varietal que m\u00e1s se exporta es malbec-syrah (29%), seguido por malbec-cabernet sauvignon (19%) y malbec-bonarda (12%). No obstante, el corte que representa el mayor valor FOB es malbec-cabernet sauvignon (32%), seguido por malbec-cabernet franc (13%).<\/p>\n\n\n\n<p><strong>Por tipo de vino:<\/strong> En cuanto a la modalidad de env\u00edo de los vinos varietales elaborados con malbec en 2022, se observa que el 74% del total fue fraccionado y 26% a granel. Tanto el granel como el fraccionado han aumentado sus ventas en el mercado externo desde el a\u00f1o 2010.<\/p>\n\n\n\n<p>El vino varietal malbec puro y sus cortes fraccionado, creci\u00f3 un 28% en relaci\u00f3n a lo exportado en 2010 y el valor FOB se increment\u00f3 en un 39%. Los env\u00edos a granel aumentaron un 406% en volumen y un 296% en valor FOB en el mismo per\u00edodo.<\/p>\n\n\n\n<div style=\"height:30px\" aria-hidden=\"true\" class=\"wp-block-spacer\"><\/div>\n\n\n<div class=\"wp-block-image\">\n<figure class=\"aligncenter size-full\"><a href=\"https:\/\/enolife.com.ar\/es\/wp-content\/uploads\/2023\/04\/Imagen14.jpg\" data-rel=\"penci-gallery-image-content\" ><img loading=\"lazy\" decoding=\"async\" width=\"803\" height=\"483\" src=\"https:\/\/enolife.com.ar\/es\/wp-content\/uploads\/2023\/04\/Imagen14.jpg\" alt=\"\" class=\"wp-image-90242\" srcset=\"https:\/\/enolife.com.ar\/es\/wp-content\/uploads\/2023\/04\/Imagen14.jpg 803w, https:\/\/enolife.com.ar\/es\/wp-content\/uploads\/2023\/04\/Imagen14-300x180.jpg 300w, https:\/\/enolife.com.ar\/es\/wp-content\/uploads\/2023\/04\/Imagen14-768x462.jpg 768w, https:\/\/enolife.com.ar\/es\/wp-content\/uploads\/2023\/04\/Imagen14-585x352.jpg 585w\" sizes=\"auto, (max-width: 803px) 100vw, 803px\" \/><\/a><\/figure><\/div>\n\n\n<div style=\"height:20px\" aria-hidden=\"true\" class=\"wp-block-spacer\"><\/div>\n\n\n<div class=\"wp-block-image\">\n<figure class=\"aligncenter size-full\"><a href=\"https:\/\/enolife.com.ar\/es\/wp-content\/uploads\/2023\/04\/Imagen15.jpg\" data-rel=\"penci-gallery-image-content\" ><img loading=\"lazy\" decoding=\"async\" width=\"637\" height=\"460\" src=\"https:\/\/enolife.com.ar\/es\/wp-content\/uploads\/2023\/04\/Imagen15.jpg\" alt=\"\" class=\"wp-image-90243\" srcset=\"https:\/\/enolife.com.ar\/es\/wp-content\/uploads\/2023\/04\/Imagen15.jpg 637w, https:\/\/enolife.com.ar\/es\/wp-content\/uploads\/2023\/04\/Imagen15-300x217.jpg 300w, https:\/\/enolife.com.ar\/es\/wp-content\/uploads\/2023\/04\/Imagen15-585x422.jpg 585w\" sizes=\"auto, (max-width: 637px) 100vw, 637px\" \/><\/a><\/figure><\/div>\n\n\n<div style=\"height:40px\" aria-hidden=\"true\" class=\"wp-block-spacer\"><\/div>\n","protected":false},"excerpt":{"rendered":"<p>El Laboratorio Estad\u00edstico del Instituto Nacional de Vitivinicultura (INV) public\u00f3 un informe con datos a&hellip;<\/p>\n","protected":false},"author":3,"featured_media":90273,"comment_status":"open","ping_status":"open","sticky":false,"template":"","format":"standard","meta":{"footnotes":""},"categories":[9],"tags":[],"class_list":["post-90167","post","type-post","status-publish","format-standard","has-post-thumbnail","hentry","category-negocios"],"_links":{"self":[{"href":"https:\/\/enolife.com.ar\/es\/wp-json\/wp\/v2\/posts\/90167","targetHints":{"allow":["GET"]}}],"collection":[{"href":"https:\/\/enolife.com.ar\/es\/wp-json\/wp\/v2\/posts"}],"about":[{"href":"https:\/\/enolife.com.ar\/es\/wp-json\/wp\/v2\/types\/post"}],"author":[{"embeddable":true,"href":"https:\/\/enolife.com.ar\/es\/wp-json\/wp\/v2\/users\/3"}],"replies":[{"embeddable":true,"href":"https:\/\/enolife.com.ar\/es\/wp-json\/wp\/v2\/comments?post=90167"}],"version-history":[{"count":0,"href":"https:\/\/enolife.com.ar\/es\/wp-json\/wp\/v2\/posts\/90167\/revisions"}],"wp:featuredmedia":[{"embeddable":true,"href":"https:\/\/enolife.com.ar\/es\/wp-json\/wp\/v2\/media\/90273"}],"wp:attachment":[{"href":"https:\/\/enolife.com.ar\/es\/wp-json\/wp\/v2\/media?parent=90167"}],"wp:term":[{"taxonomy":"category","embeddable":true,"href":"https:\/\/enolife.com.ar\/es\/wp-json\/wp\/v2\/categories?post=90167"},{"taxonomy":"post_tag","embeddable":true,"href":"https:\/\/enolife.com.ar\/es\/wp-json\/wp\/v2\/tags?post=90167"}],"curies":[{"name":"wp","href":"https:\/\/api.w.org\/{rel}","templated":true}]}}