{"id":90075,"date":"2023-04-14T15:40:51","date_gmt":"2023-04-14T15:40:51","guid":{"rendered":"https:\/\/enolife.com.ar\/es\/?p=90075"},"modified":"2023-04-17T15:30:14","modified_gmt":"2023-04-17T15:30:14","slug":"del-15-al-23-5-ciencias-agrarias-de-la-uncuyo-dictara-el-posgrado-fisiologia-de-la-vid","status":"publish","type":"post","link":"https:\/\/enolife.com.ar\/es\/del-15-al-23-5-ciencias-agrarias-de-la-uncuyo-dictara-el-posgrado-fisiologia-de-la-vid\/","title":{"rendered":"Del 15\/5 al 23\/5 Ciencias Agrarias de la UNCuyo dictar\u00e1 el posgrado \u00abFisiolog\u00eda de la vid\u00bb"},"content":{"rendered":"\n<h4 class=\"wp-block-heading\"><em><strong>Con el objetivo de dar a conocer los principios de la fisiolog\u00eda de la vid, entender la influencia de distintos factores en la misma y comprender la relaci\u00f3n planta-ambiente y sus aplicaciones agron\u00f3micas, la Facultad de Ciencias Agrarias de la Universidad Nacional de Cuyo (UNCuyo) dictar\u00e1 un posgrado sobre fisiolog\u00eda de la vid del 15 al 23 de mayo. Tendr\u00e1 como docentes a los especialistas Markus Keller, de la Washington State University, EEUU, y  Jorge P\u00e9rez Pe\u00f1a, del Instituto Nacional de Tecnolog\u00eda Agropecuaria (INTA) de Mendoza y San Juan. La modalidad es presencial, las clases son en ingl\u00e9s sin traducci\u00f3n simult\u00e1nea y habr\u00e1 un examen final escrito.<\/strong><\/em><\/h4>\n\n\n\n<div style=\"height:35px\" aria-hidden=\"true\" class=\"wp-block-spacer\"><\/div>\n\n\n<a href=\"https:\/\/www.linkedin.com\/company\/agrinet-sa\/?originalSubdomain=ar\" aria-label=\"1700X500\"><img loading=\"lazy\" decoding=\"async\" src=\"https:\/\/enolife.com.ar\/es\/wp-content\/uploads\/2021\/11\/1700X500.gif\" alt=\"\"  width=\"1700\" height=\"500\"   \/><\/a>\n\n\n<div style=\"height:53px\" aria-hidden=\"true\" class=\"wp-block-spacer\"><\/div>\n\n\n\n<p>Destinado a alumnos de maestr\u00edas, doctorados, especializaciones acreditadas en la Universidad Nacional de Cuyo (UNCuyo) y profesionales interesados en capacitarse en fisiolog\u00eda de la vid, del <strong>15 al 23 de mayo pr\u00f3ximos, de 15 a 19 hs., se realizar\u00e1 el Posgrado Fisiolog\u00eda de la Vid<\/strong>, con clases te\u00f3ricas presenciales <strong>en la sede de Ciencias Agrarias en Luj\u00e1n de Cuyo <\/strong>y se dictar\u00e1n en ingl\u00e9s sin traducci\u00f3n simult\u00e1nea.<\/p>\n\n\n\n<p>Tambi\u00e9n habr\u00e1 una clase pr\u00e1ctica para demostraci\u00f3n en vi\u00f1edo, an\u00e1lisis y discusi\u00f3n de trabajos cient\u00edficos. Y se deber\u00e1 rendir una evaluaci\u00f3n final, que consiste en un examen escrito, individual y a libro cerrado, una vez aprobado se entrega certificado. La carga horaria es de 45 hs te\u00f3rico-pr\u00e1cticas (equivalente a 3 cr\u00e9ditos).<\/p>\n\n\n\n<p>El curso estar\u00e1 dictado por los especialistas<strong> Markus Keller&nbsp;<\/strong>, profesor de la Washington State University, de EEUU y <strong>Jorge P\u00e9rez Pe\u00f1a, <\/strong>investigador del INTA EEA Mendoza &#8211; San Juan.<\/p>\n\n\n\n<div style=\"height:35px\" aria-hidden=\"true\" class=\"wp-block-spacer\"><\/div>\n\n\n\n<p class=\"has-medium-font-size\"><strong>Objetivos<\/strong><\/p>\n\n\n\n<ul class=\"wp-block-list\">\n<li>Entender la influencia de distintos factores sobre los procesos fisiol\u00f3gicos de la vid.<\/li>\n\n\n\n<li>Conocer los principios de la fisiolog\u00eda de la vid.<\/li>\n\n\n\n<li>Comprender la relaci\u00f3n planta-ambiente y sus aplicaciones agron\u00f3micas.&nbsp;<\/li>\n<\/ul>\n\n\n\n<div style=\"height:35px\" aria-hidden=\"true\" class=\"wp-block-spacer\"><\/div>\n\n\n\n<p class=\"has-medium-font-size\"><strong>Contenidos<\/strong><\/p>\n\n\n\n<ul class=\"wp-block-list\">\n<li>Fenolog\u00eda de la vid, ciclos de crecimiento<\/li>\n\n\n\n<li>Formaci\u00f3n del rendimiento y composici\u00f3n de la fruta<\/li>\n\n\n\n<li>Determinaci\u00f3n de la calidad de fruta, comparaci\u00f3n de s\u00f3lidos solubles, estrategias de muestreo<\/li>\n\n\n\n<li>Fotos\u00edntesis, respiraci\u00f3n, transporte por floema, relaciones fuente-destino<\/li>\n\n\n\n<li>Interacciones canopia ambiente<\/li>\n\n\n\n<li>Luz y mediciones de intercambio gaseoso<\/li>\n\n\n\n<li>Relaciones h\u00eddricas, actividad estom\u00e1tica, flujo de agua<\/li>\n\n\n\n<li>Riego deficitario y composici\u00f3n de fruta<\/li>\n\n\n\n<li>Mediciones de potencial agua, trazado del agua del xilema<\/li>\n\n\n\n<li>Asimilaci\u00f3n de nutrientes, asimilaci\u00f3n de nitr\u00f3geno<\/li>\n\n\n\n<li>An\u00e1lisis y discusi\u00f3n de art\u00edculos cient\u00edficos<\/li>\n<\/ul>\n\n\n\n<p><strong>Material necesario para el curso<\/strong>: Se contar\u00e1 con las presentaciones de las clases y el libro del Dr. Keller \u00abThe Science of Grapevine: Anatomy and Physiology\u00bb.<\/p>\n\n\n\n<div style=\"height:35px\" aria-hidden=\"true\" class=\"wp-block-spacer\"><\/div>\n\n\n\n<p class=\"has-medium-font-size\"><strong>Cronograma tentativo<\/strong><\/p>\n\n\n<div class=\"wp-block-image\">\n<figure class=\"aligncenter size-full is-resized\"><a href=\"https:\/\/enolife.com.ar\/es\/wp-content\/uploads\/2023\/04\/Imagen1-9.jpg\" data-rel=\"penci-gallery-image-content\" ><img loading=\"lazy\" decoding=\"async\" src=\"https:\/\/enolife.com.ar\/es\/wp-content\/uploads\/2023\/04\/Imagen1-9.jpg\" alt=\"\" class=\"wp-image-90087\" width=\"620\" height=\"472\" srcset=\"https:\/\/enolife.com.ar\/es\/wp-content\/uploads\/2023\/04\/Imagen1-9.jpg 721w, https:\/\/enolife.com.ar\/es\/wp-content\/uploads\/2023\/04\/Imagen1-9-300x228.jpg 300w, https:\/\/enolife.com.ar\/es\/wp-content\/uploads\/2023\/04\/Imagen1-9-585x445.jpg 585w\" sizes=\"auto, (max-width: 620px) 100vw, 620px\" \/><\/a><\/figure><\/div>\n\n\n<div style=\"height:35px\" aria-hidden=\"true\" class=\"wp-block-spacer\"><\/div>\n\n\n\n<p class=\"has-medium-font-size\"><strong>Inscripci\u00f3n<\/strong><\/p>\n\n\n\n<p>La inscripci\u00f3n al posgrado tiene un arancel en pesos argentinos equivalentes a U$S150 para estudiantes nacionales o nacionalizados y U$S200 para estudiantes extranjeros. Se debe hacer una pre inscripci\u00f3n a trav\u00e9s del siguiente <strong><a href=\"https:\/\/docs.google.com\/forms\/d\/1oID4iP0ycdCZKXIamkBIIsZERMy2hto6CbzsrYwMdlM\/viewform?edit_requested=true\">enlace<\/a>. <\/strong><strong>Informes: <a href=\"mailto:sectyp@fca.uncu.edu.ar\">sectyp@fca.uncu.edu.ar<\/a><\/strong><\/p>\n\n\n\n<div style=\"height:35px\" aria-hidden=\"true\" class=\"wp-block-spacer\"><\/div>\n\n\n\n<p class=\"has-medium-font-size\"><strong>Sobre Markus Keller<\/strong><\/p>\n\n\n\n<p>Profesor del Departamento de Horticultura de la Universidad del Estado de Washington, responsable del Programa de investigaci\u00f3n en viticultura en la Centro de Investigaci\u00f3n y Extensi\u00f3n de Agricultura bajo Riego perteneciente a la misma universidad. Su programa de investigaci\u00f3n est\u00e1 enfocado en el estudio de los factores de desarrollo ambientales y pr\u00e1cticas de manejo de vi\u00f1edo que afectan la fisiolog\u00eda de la uva para vino y para jugo. Trabaja en temas relacionados con la interacci\u00f3n injerto-portainjerto, desarrollo de la uva y relaciones h\u00eddricas durante la maduraci\u00f3n, riego, manejo de carga, formaci\u00f3n del rendimiento y resistencia al fr\u00edo.<\/p>\n\n\n\n<p><strong>M\u00e1s informaci\u00f3n: <a href=\"http:\/\/wine.wsu.edu\/faculty\/markus-keller\/\">http:\/\/wine.wsu.edu\/faculty\/markus-keller\/<\/a><\/strong><\/p>\n\n\n\n<div style=\"height:45px\" aria-hidden=\"true\" class=\"wp-block-spacer\"><\/div>\n\n\n\n<p><\/p>\n","protected":false},"excerpt":{"rendered":"<p>Con el objetivo de dar a conocer los principios de la fisiolog\u00eda de la vid,&hellip;<\/p>\n","protected":false},"author":3,"featured_media":90097,"comment_status":"open","ping_status":"open","sticky":false,"template":"","format":"standard","meta":{"footnotes":""},"categories":[47],"tags":[],"class_list":["post-90075","post","type-post","status-publish","format-standard","has-post-thumbnail","hentry","category-agenda"],"_links":{"self":[{"href":"https:\/\/enolife.com.ar\/es\/wp-json\/wp\/v2\/posts\/90075","targetHints":{"allow":["GET"]}}],"collection":[{"href":"https:\/\/enolife.com.ar\/es\/wp-json\/wp\/v2\/posts"}],"about":[{"href":"https:\/\/enolife.com.ar\/es\/wp-json\/wp\/v2\/types\/post"}],"author":[{"embeddable":true,"href":"https:\/\/enolife.com.ar\/es\/wp-json\/wp\/v2\/users\/3"}],"replies":[{"embeddable":true,"href":"https:\/\/enolife.com.ar\/es\/wp-json\/wp\/v2\/comments?post=90075"}],"version-history":[{"count":0,"href":"https:\/\/enolife.com.ar\/es\/wp-json\/wp\/v2\/posts\/90075\/revisions"}],"wp:featuredmedia":[{"embeddable":true,"href":"https:\/\/enolife.com.ar\/es\/wp-json\/wp\/v2\/media\/90097"}],"wp:attachment":[{"href":"https:\/\/enolife.com.ar\/es\/wp-json\/wp\/v2\/media?parent=90075"}],"wp:term":[{"taxonomy":"category","embeddable":true,"href":"https:\/\/enolife.com.ar\/es\/wp-json\/wp\/v2\/categories?post=90075"},{"taxonomy":"post_tag","embeddable":true,"href":"https:\/\/enolife.com.ar\/es\/wp-json\/wp\/v2\/tags?post=90075"}],"curies":[{"name":"wp","href":"https:\/\/api.w.org\/{rel}","templated":true}]}}